{"id":1114,"date":"2015-03-31T16:00:02","date_gmt":"2015-03-31T19:00:02","guid":{"rendered":"https:\/\/seriea.digital\/blog1\/?p=1114"},"modified":"2016-09-14T14:18:37","modified_gmt":"2016-09-14T17:18:37","slug":"que-cor-e-agora","status":"publish","type":"post","link":"https:\/\/seriea.digital\/blog\/que-cor-e-agora\/","title":{"rendered":"Que cor \u00e9 agora?"},"content":{"rendered":"<p>Ei, que cor \u00e9 agora?<br \/>\nSim voc\u00ea leu certo, \u00e9 cor e n\u00e3o hora! Um site chamado &#8220;What color is it?&#8221; faz uma brincadeira muito interessante ao transformar as horas, minutos e segundos em uma refer\u00eancia de cor.<\/p>\n<p>Confira:\u00a0<br \/>\n<!--more--><\/p>\n<p><a href=\"http:\/\/whatcolourisit.com\/\">whatcolourisit.com<\/a><\/p>\n<p><a href=\"https:\/\/seriea.digital\/blog1\/wp-content\/uploads\/2015\/03\/What-colour-is-it-2015-03-31-12-01-48.png\"><img fetchpriority=\"high\" decoding=\"async\" class=\"alignnone size-full wp-image-1115\" src=\"https:\/\/seriea.digital\/blog1\/wp-content\/uploads\/2015\/03\/What-colour-is-it-2015-03-31-12-01-48.png\" alt=\"What colour is it? 2015-03-31 12-01-48\" width=\"1025\" height=\"449\" srcset=\"https:\/\/seriea.digital\/blog\/wp-content\/uploads\/2015\/03\/What-colour-is-it-2015-03-31-12-01-48.png 1025w, https:\/\/seriea.digital\/blog\/wp-content\/uploads\/2015\/03\/What-colour-is-it-2015-03-31-12-01-48-300x131.png 300w, https:\/\/seriea.digital\/blog\/wp-content\/uploads\/2015\/03\/What-colour-is-it-2015-03-31-12-01-48-1024x449.png 1024w\" sizes=\"(max-width: 1025px) 100vw, 1025px\" \/><\/a><\/p>\n","protected":false},"excerpt":{"rendered":"<p>Ei, que cor \u00e9 agora? Sim voc\u00ea leu certo, \u00e9 cor e n\u00e3o hora! Um site chamado &#8220;What color is it?&#8221; faz uma brincadeira muito interessante ao transformar as horas, minutos e segundos em uma refer\u00eancia de cor. Confira:\u00a0<\/p>\n","protected":false},"author":8,"featured_media":0,"comment_status":"closed","ping_status":"closed","sticky":false,"template":"","format":"standard","meta":{"footnotes":""},"categories":[19,21],"tags":[],"class_list":["post-1114","post","type-post","status-publish","format-standard","hentry","category-design","category-midias-sociais"],"yoast_head":"<!-- This site is optimized with the Yoast SEO plugin v26.5 - https:\/\/yoast.com\/wordpress\/plugins\/seo\/ -->\n<title>Que cor \u00e9 agora? - SERI.E DESIGN, ag\u00eancia e-commerce<\/title>\n<meta name=\"robots\" content=\"index, follow, max-snippet:-1, max-image-preview:large, max-video-preview:-1\" \/>\n<link rel=\"canonical\" href=\"https:\/\/seriea.digital\/blog\/que-cor-e-agora\/\" \/>\n<meta property=\"og:locale\" content=\"pt_BR\" \/>\n<meta property=\"og:type\" content=\"article\" \/>\n<meta property=\"og:title\" content=\"Que cor \u00e9 agora? - SERI.E DESIGN, ag\u00eancia e-commerce\" \/>\n<meta property=\"og:description\" content=\"Ei, que cor \u00e9 agora? Sim voc\u00ea leu certo, \u00e9 cor e n\u00e3o hora! Um site chamado &#8220;What color is it?&#8221; faz uma brincadeira muito interessante ao transformar as horas, minutos e segundos em uma refer\u00eancia de cor. Confira:\u00a0\" \/>\n<meta property=\"og:url\" content=\"https:\/\/seriea.digital\/blog\/que-cor-e-agora\/\" \/>\n<meta property=\"og:site_name\" content=\"SERI.E DESIGN, ag\u00eancia e-commerce\" \/>\n<meta property=\"article:publisher\" content=\"https:\/\/www.facebook.com\/SERIEDESIGN\" \/>\n<meta property=\"article:published_time\" content=\"2015-03-31T19:00:02+00:00\" \/>\n<meta property=\"article:modified_time\" content=\"2016-09-14T17:18:37+00:00\" \/>\n<meta property=\"og:image\" content=\"https:\/\/seriea.digital\/blog1\/wp-content\/uploads\/2015\/03\/What-colour-is-it-2015-03-31-12-01-48.png\" \/>\n<meta name=\"author\" content=\"SERI.E DESIGN\" \/>\n<meta name=\"twitter:label1\" content=\"Escrito por\" \/>\n\t<meta name=\"twitter:data1\" content=\"SERI.E DESIGN\" \/>\n<script type=\"application\/ld+json\" class=\"yoast-schema-graph\">{\"@context\":\"https:\/\/schema.org\",\"@graph\":[{\"@type\":\"WebPage\",\"@id\":\"https:\/\/seriea.digital\/blog\/que-cor-e-agora\/\",\"url\":\"https:\/\/seriea.digital\/blog\/que-cor-e-agora\/\",\"name\":\"Que cor \u00e9 agora? - SERI.E DESIGN, ag\u00eancia e-commerce\",\"isPartOf\":{\"@id\":\"https:\/\/seriea.digital\/blog\/#website\"},\"primaryImageOfPage\":{\"@id\":\"https:\/\/seriea.digital\/blog\/que-cor-e-agora\/#primaryimage\"},\"image\":{\"@id\":\"https:\/\/seriea.digital\/blog\/que-cor-e-agora\/#primaryimage\"},\"thumbnailUrl\":\"https:\/\/seriea.digital\/blog1\/wp-content\/uploads\/2015\/03\/What-colour-is-it-2015-03-31-12-01-48.png\",\"datePublished\":\"2015-03-31T19:00:02+00:00\",\"dateModified\":\"2016-09-14T17:18:37+00:00\",\"author\":{\"@id\":\"https:\/\/seriea.digital\/blog\/#\/schema\/person\/e6b243027e8754686f5ab0fa3d065187\"},\"breadcrumb\":{\"@id\":\"https:\/\/seriea.digital\/blog\/que-cor-e-agora\/#breadcrumb\"},\"inLanguage\":\"pt-BR\",\"potentialAction\":[{\"@type\":\"ReadAction\",\"target\":[\"https:\/\/seriea.digital\/blog\/que-cor-e-agora\/\"]}]},{\"@type\":\"ImageObject\",\"inLanguage\":\"pt-BR\",\"@id\":\"https:\/\/seriea.digital\/blog\/que-cor-e-agora\/#primaryimage\",\"url\":\"https:\/\/seriea.digital\/blog1\/wp-content\/uploads\/2015\/03\/What-colour-is-it-2015-03-31-12-01-48.png\",\"contentUrl\":\"https:\/\/seriea.digital\/blog1\/wp-content\/uploads\/2015\/03\/What-colour-is-it-2015-03-31-12-01-48.png\"},{\"@type\":\"BreadcrumbList\",\"@id\":\"https:\/\/seriea.digital\/blog\/que-cor-e-agora\/#breadcrumb\",\"itemListElement\":[{\"@type\":\"ListItem\",\"position\":1,\"name\":\"In\u00edcio\",\"item\":\"https:\/\/seriea.digital\/blog\/\"},{\"@type\":\"ListItem\",\"position\":2,\"name\":\"Que cor \u00e9 agora?\"}]},{\"@type\":\"WebSite\",\"@id\":\"https:\/\/seriea.digital\/blog\/#website\",\"url\":\"https:\/\/seriea.digital\/blog\/\",\"name\":\"SERI.E DESIGN\",\"description\":\"Ag\u00eancia digital especializada em e-commerce - Desenvolvimento de layout pra E-commerce, Tray Commerce,Wake, Vtex, Deco, Sites. Eleita a ag\u00eancia com melhor atendimento.\",\"potentialAction\":[{\"@type\":\"SearchAction\",\"target\":{\"@type\":\"EntryPoint\",\"urlTemplate\":\"https:\/\/seriea.digital\/blog\/?s={search_term_string}\"},\"query-input\":{\"@type\":\"PropertyValueSpecification\",\"valueRequired\":true,\"valueName\":\"search_term_string\"}}],\"inLanguage\":\"pt-BR\"},{\"@type\":\"Person\",\"@id\":\"https:\/\/seriea.digital\/blog\/#\/schema\/person\/e6b243027e8754686f5ab0fa3d065187\",\"name\":\"SERI.E DESIGN\",\"sameAs\":[\"https:\/\/seriea.digital\/blog\/\"],\"url\":\"https:\/\/seriea.digital\/blog\/author\/seri-e-design\/\"}]}<\/script>\n<!-- \/ Yoast SEO plugin. -->","yoast_head_json":{"title":"Que cor \u00e9 agora? - SERI.E DESIGN, ag\u00eancia e-commerce","robots":{"index":"index","follow":"follow","max-snippet":"max-snippet:-1","max-image-preview":"max-image-preview:large","max-video-preview":"max-video-preview:-1"},"canonical":"https:\/\/seriea.digital\/blog\/que-cor-e-agora\/","og_locale":"pt_BR","og_type":"article","og_title":"Que cor \u00e9 agora? - SERI.E DESIGN, ag\u00eancia e-commerce","og_description":"Ei, que cor \u00e9 agora? Sim voc\u00ea leu certo, \u00e9 cor e n\u00e3o hora! Um site chamado &#8220;What color is it?&#8221; faz uma brincadeira muito interessante ao transformar as horas, minutos e segundos em uma refer\u00eancia de cor. Confira:\u00a0","og_url":"https:\/\/seriea.digital\/blog\/que-cor-e-agora\/","og_site_name":"SERI.E DESIGN, ag\u00eancia e-commerce","article_publisher":"https:\/\/www.facebook.com\/SERIEDESIGN","article_published_time":"2015-03-31T19:00:02+00:00","article_modified_time":"2016-09-14T17:18:37+00:00","og_image":[{"url":"https:\/\/seriea.digital\/blog1\/wp-content\/uploads\/2015\/03\/What-colour-is-it-2015-03-31-12-01-48.png","type":"","width":"","height":""}],"author":"SERI.E DESIGN","twitter_misc":{"Escrito por":"SERI.E DESIGN"},"schema":{"@context":"https:\/\/schema.org","@graph":[{"@type":"WebPage","@id":"https:\/\/seriea.digital\/blog\/que-cor-e-agora\/","url":"https:\/\/seriea.digital\/blog\/que-cor-e-agora\/","name":"Que cor \u00e9 agora? - SERI.E DESIGN, ag\u00eancia e-commerce","isPartOf":{"@id":"https:\/\/seriea.digital\/blog\/#website"},"primaryImageOfPage":{"@id":"https:\/\/seriea.digital\/blog\/que-cor-e-agora\/#primaryimage"},"image":{"@id":"https:\/\/seriea.digital\/blog\/que-cor-e-agora\/#primaryimage"},"thumbnailUrl":"https:\/\/seriea.digital\/blog1\/wp-content\/uploads\/2015\/03\/What-colour-is-it-2015-03-31-12-01-48.png","datePublished":"2015-03-31T19:00:02+00:00","dateModified":"2016-09-14T17:18:37+00:00","author":{"@id":"https:\/\/seriea.digital\/blog\/#\/schema\/person\/e6b243027e8754686f5ab0fa3d065187"},"breadcrumb":{"@id":"https:\/\/seriea.digital\/blog\/que-cor-e-agora\/#breadcrumb"},"inLanguage":"pt-BR","potentialAction":[{"@type":"ReadAction","target":["https:\/\/seriea.digital\/blog\/que-cor-e-agora\/"]}]},{"@type":"ImageObject","inLanguage":"pt-BR","@id":"https:\/\/seriea.digital\/blog\/que-cor-e-agora\/#primaryimage","url":"https:\/\/seriea.digital\/blog1\/wp-content\/uploads\/2015\/03\/What-colour-is-it-2015-03-31-12-01-48.png","contentUrl":"https:\/\/seriea.digital\/blog1\/wp-content\/uploads\/2015\/03\/What-colour-is-it-2015-03-31-12-01-48.png"},{"@type":"BreadcrumbList","@id":"https:\/\/seriea.digital\/blog\/que-cor-e-agora\/#breadcrumb","itemListElement":[{"@type":"ListItem","position":1,"name":"In\u00edcio","item":"https:\/\/seriea.digital\/blog\/"},{"@type":"ListItem","position":2,"name":"Que cor \u00e9 agora?"}]},{"@type":"WebSite","@id":"https:\/\/seriea.digital\/blog\/#website","url":"https:\/\/seriea.digital\/blog\/","name":"SERI.E DESIGN","description":"Ag\u00eancia digital especializada em e-commerce - Desenvolvimento de layout pra E-commerce, Tray Commerce,Wake, Vtex, Deco, Sites. Eleita a ag\u00eancia com melhor atendimento.","potentialAction":[{"@type":"SearchAction","target":{"@type":"EntryPoint","urlTemplate":"https:\/\/seriea.digital\/blog\/?s={search_term_string}"},"query-input":{"@type":"PropertyValueSpecification","valueRequired":true,"valueName":"search_term_string"}}],"inLanguage":"pt-BR"},{"@type":"Person","@id":"https:\/\/seriea.digital\/blog\/#\/schema\/person\/e6b243027e8754686f5ab0fa3d065187","name":"SERI.E DESIGN","sameAs":["https:\/\/seriea.digital\/blog\/"],"url":"https:\/\/seriea.digital\/blog\/author\/seri-e-design\/"}]}},"_links":{"self":[{"href":"https:\/\/seriea.digital\/blog\/wp-json\/wp\/v2\/posts\/1114","targetHints":{"allow":["GET"]}}],"collection":[{"href":"https:\/\/seriea.digital\/blog\/wp-json\/wp\/v2\/posts"}],"about":[{"href":"https:\/\/seriea.digital\/blog\/wp-json\/wp\/v2\/types\/post"}],"author":[{"embeddable":true,"href":"https:\/\/seriea.digital\/blog\/wp-json\/wp\/v2\/users\/8"}],"replies":[{"embeddable":true,"href":"https:\/\/seriea.digital\/blog\/wp-json\/wp\/v2\/comments?post=1114"}],"version-history":[{"count":2,"href":"https:\/\/seriea.digital\/blog\/wp-json\/wp\/v2\/posts\/1114\/revisions"}],"predecessor-version":[{"id":2124,"href":"https:\/\/seriea.digital\/blog\/wp-json\/wp\/v2\/posts\/1114\/revisions\/2124"}],"wp:attachment":[{"href":"https:\/\/seriea.digital\/blog\/wp-json\/wp\/v2\/media?parent=1114"}],"wp:term":[{"taxonomy":"category","embeddable":true,"href":"https:\/\/seriea.digital\/blog\/wp-json\/wp\/v2\/categories?post=1114"},{"taxonomy":"post_tag","embeddable":true,"href":"https:\/\/seriea.digital\/blog\/wp-json\/wp\/v2\/tags?post=1114"}],"curies":[{"name":"wp","href":"https:\/\/api.w.org\/{rel}","templated":true}]}}