{"id":1239,"date":"2015-05-05T12:01:03","date_gmt":"2015-05-05T15:01:03","guid":{"rendered":"https:\/\/seriea.digital\/blog1\/?p=1239"},"modified":"2016-09-14T14:11:14","modified_gmt":"2016-09-14T17:11:14","slug":"vendas-no-e-commerce-devem-crescer-18-no-dia-das-maes","status":"publish","type":"post","link":"https:\/\/seriea.digital\/blog\/vendas-no-e-commerce-devem-crescer-18-no-dia-das-maes\/","title":{"rendered":"Vendas no e-commerce devem crescer 18% no dia das m\u00e3es"},"content":{"rendered":"<p><a href=\"https:\/\/seriea.digital\/blog1\/wp-content\/uploads\/2015\/05\/internauta-mulher.jpg\"><img fetchpriority=\"high\" decoding=\"async\" class=\"alignnone size-full wp-image-1240\" src=\"https:\/\/seriea.digital\/blog1\/wp-content\/uploads\/2015\/05\/internauta-mulher.jpg\" alt=\"internauta-mulher\" width=\"590\" height=\"389\" srcset=\"https:\/\/seriea.digital\/blog\/wp-content\/uploads\/2015\/05\/internauta-mulher.jpg 590w, https:\/\/seriea.digital\/blog\/wp-content\/uploads\/2015\/05\/internauta-mulher-300x198.jpg 300w\" sizes=\"(max-width: 590px) 100vw, 590px\" \/><\/a><\/p>\n<p>De acordo com a E-bit, empresa especializada em informa\u00e7\u00f5es do com\u00e9rcio eletr\u00f4nico, o Dia das M\u00e3es deve movimentar R$ 1,9 bilh\u00e3o para o setor em 2015. O valor representa um crescimento nominal de 18% em rela\u00e7\u00e3o ao mesmo per\u00edodo do ano passado, quando o e-commerce brasileiro faturou R$ 1,6 bilh\u00e3o.<br \/>\n<!--more--><\/p>\n<p>Segundo a E-bit, o aumento do t\u00edquete m\u00e9dio \u00e9 um dos fatores que impulsionar\u00e3o o faturamento do setor, principalmente pelo comportamento do consumidor, que opta por produtos com valor mais alto, mesmo com o volume de pedidos est\u00e1vel. Ainda segundo o levantamento, categorias como Cosm\u00e9ticos e Perfumaria\/Sa\u00fade; Moda e Acess\u00f3rios; Eletrodom\u00e9sticos; Telefonia e Celulares; Livros, Assinaturas e Revistas; e Casa e Decora\u00e7\u00e3o devem ser as mais buscadas no per\u00edodo.<\/p>\n<p>\u201cO Dia das M\u00e3es \u00e9 uma das datas mais fortes do ano para o varejo, e no e-commerce n\u00e3o \u00e9 diferente. O setor apresenta uma grande variedade de produtos pra este p\u00fablico e atrai tamb\u00e9m pela facilidade de compras, o que se comprova pela forte participa\u00e7\u00e3o feminina no consumo, e este ano h\u00e1 um fator ainda mais importante a se considerar, que \u00e9 o econ\u00f4mico, j\u00e1 que as lojas online costumam oferecer pre\u00e7os mais vantajosos\u201d, lembra Pedro Guasti, diretor executivo da E-bit.<\/p>\n<p>Fonte: <a href=\"http:\/\/ecommercenews.com.br\/\">ecommercenews.com.br<\/a><\/p>\n","protected":false},"excerpt":{"rendered":"<p>De acordo com a E-bit, empresa especializada em informa\u00e7\u00f5es do com\u00e9rcio eletr\u00f4nico, o Dia das M\u00e3es deve movimentar R$ 1,9 bilh\u00e3o para o setor em 2015. O valor representa um crescimento nominal de 18% em rela\u00e7\u00e3o ao mesmo per\u00edodo do ano passado, quando o e-commerce brasileiro faturou R$ 1,6 bilh\u00e3o.<\/p>\n","protected":false},"author":8,"featured_media":0,"comment_status":"closed","ping_status":"closed","sticky":false,"template":"","format":"standard","meta":{"footnotes":""},"categories":[25],"tags":[],"class_list":["post-1239","post","type-post","status-publish","format-standard","hentry","category-ecommerce"],"yoast_head":"<!-- This site is optimized with the Yoast SEO plugin v26.5 - https:\/\/yoast.com\/wordpress\/plugins\/seo\/ -->\n<title>Vendas no e-commerce devem crescer 18% no dia das m\u00e3es - SERI.E DESIGN, ag\u00eancia e-commerce<\/title>\n<meta name=\"robots\" content=\"index, follow, max-snippet:-1, max-image-preview:large, max-video-preview:-1\" \/>\n<link rel=\"canonical\" href=\"https:\/\/seriea.digital\/blog\/vendas-no-e-commerce-devem-crescer-18-no-dia-das-maes\/\" \/>\n<meta property=\"og:locale\" content=\"pt_BR\" \/>\n<meta property=\"og:type\" content=\"article\" \/>\n<meta property=\"og:title\" content=\"Vendas no e-commerce devem crescer 18% no dia das m\u00e3es - SERI.E DESIGN, ag\u00eancia e-commerce\" \/>\n<meta property=\"og:description\" content=\"De acordo com a E-bit, empresa especializada em informa\u00e7\u00f5es do com\u00e9rcio eletr\u00f4nico, o Dia das M\u00e3es deve movimentar R$ 1,9 bilh\u00e3o para o setor em 2015. O valor representa um crescimento nominal de 18% em rela\u00e7\u00e3o ao mesmo per\u00edodo do ano passado, quando o e-commerce brasileiro faturou R$ 1,6 bilh\u00e3o.\" \/>\n<meta property=\"og:url\" content=\"https:\/\/seriea.digital\/blog\/vendas-no-e-commerce-devem-crescer-18-no-dia-das-maes\/\" \/>\n<meta property=\"og:site_name\" content=\"SERI.E DESIGN, ag\u00eancia e-commerce\" \/>\n<meta property=\"article:publisher\" content=\"https:\/\/www.facebook.com\/SERIEDESIGN\" \/>\n<meta property=\"article:published_time\" content=\"2015-05-05T15:01:03+00:00\" \/>\n<meta property=\"article:modified_time\" content=\"2016-09-14T17:11:14+00:00\" \/>\n<meta property=\"og:image\" content=\"https:\/\/seriea.digital\/blog1\/wp-content\/uploads\/2015\/05\/internauta-mulher.jpg\" \/>\n<meta name=\"author\" content=\"SERI.E DESIGN\" \/>\n<meta name=\"twitter:label1\" content=\"Escrito por\" \/>\n\t<meta name=\"twitter:data1\" content=\"SERI.E DESIGN\" \/>\n\t<meta name=\"twitter:label2\" content=\"Est. tempo de leitura\" \/>\n\t<meta name=\"twitter:data2\" content=\"1 minuto\" \/>\n<script type=\"application\/ld+json\" class=\"yoast-schema-graph\">{\"@context\":\"https:\/\/schema.org\",\"@graph\":[{\"@type\":\"WebPage\",\"@id\":\"https:\/\/seriea.digital\/blog\/vendas-no-e-commerce-devem-crescer-18-no-dia-das-maes\/\",\"url\":\"https:\/\/seriea.digital\/blog\/vendas-no-e-commerce-devem-crescer-18-no-dia-das-maes\/\",\"name\":\"Vendas no e-commerce devem crescer 18% no dia das m\u00e3es - SERI.E DESIGN, ag\u00eancia e-commerce\",\"isPartOf\":{\"@id\":\"https:\/\/seriea.digital\/blog\/#website\"},\"primaryImageOfPage\":{\"@id\":\"https:\/\/seriea.digital\/blog\/vendas-no-e-commerce-devem-crescer-18-no-dia-das-maes\/#primaryimage\"},\"image\":{\"@id\":\"https:\/\/seriea.digital\/blog\/vendas-no-e-commerce-devem-crescer-18-no-dia-das-maes\/#primaryimage\"},\"thumbnailUrl\":\"https:\/\/seriea.digital\/blog1\/wp-content\/uploads\/2015\/05\/internauta-mulher.jpg\",\"datePublished\":\"2015-05-05T15:01:03+00:00\",\"dateModified\":\"2016-09-14T17:11:14+00:00\",\"author\":{\"@id\":\"https:\/\/seriea.digital\/blog\/#\/schema\/person\/e6b243027e8754686f5ab0fa3d065187\"},\"breadcrumb\":{\"@id\":\"https:\/\/seriea.digital\/blog\/vendas-no-e-commerce-devem-crescer-18-no-dia-das-maes\/#breadcrumb\"},\"inLanguage\":\"pt-BR\",\"potentialAction\":[{\"@type\":\"ReadAction\",\"target\":[\"https:\/\/seriea.digital\/blog\/vendas-no-e-commerce-devem-crescer-18-no-dia-das-maes\/\"]}]},{\"@type\":\"ImageObject\",\"inLanguage\":\"pt-BR\",\"@id\":\"https:\/\/seriea.digital\/blog\/vendas-no-e-commerce-devem-crescer-18-no-dia-das-maes\/#primaryimage\",\"url\":\"https:\/\/seriea.digital\/blog1\/wp-content\/uploads\/2015\/05\/internauta-mulher.jpg\",\"contentUrl\":\"https:\/\/seriea.digital\/blog1\/wp-content\/uploads\/2015\/05\/internauta-mulher.jpg\"},{\"@type\":\"BreadcrumbList\",\"@id\":\"https:\/\/seriea.digital\/blog\/vendas-no-e-commerce-devem-crescer-18-no-dia-das-maes\/#breadcrumb\",\"itemListElement\":[{\"@type\":\"ListItem\",\"position\":1,\"name\":\"In\u00edcio\",\"item\":\"https:\/\/seriea.digital\/blog\/\"},{\"@type\":\"ListItem\",\"position\":2,\"name\":\"Vendas no e-commerce devem crescer 18% no dia das m\u00e3es\"}]},{\"@type\":\"WebSite\",\"@id\":\"https:\/\/seriea.digital\/blog\/#website\",\"url\":\"https:\/\/seriea.digital\/blog\/\",\"name\":\"SERI.E DESIGN\",\"description\":\"Ag\u00eancia digital especializada em e-commerce - Desenvolvimento de layout pra E-commerce, Tray Commerce,Wake, Vtex, Deco, Sites. Eleita a ag\u00eancia com melhor atendimento.\",\"potentialAction\":[{\"@type\":\"SearchAction\",\"target\":{\"@type\":\"EntryPoint\",\"urlTemplate\":\"https:\/\/seriea.digital\/blog\/?s={search_term_string}\"},\"query-input\":{\"@type\":\"PropertyValueSpecification\",\"valueRequired\":true,\"valueName\":\"search_term_string\"}}],\"inLanguage\":\"pt-BR\"},{\"@type\":\"Person\",\"@id\":\"https:\/\/seriea.digital\/blog\/#\/schema\/person\/e6b243027e8754686f5ab0fa3d065187\",\"name\":\"SERI.E DESIGN\",\"sameAs\":[\"https:\/\/seriea.digital\/blog\/\"],\"url\":\"https:\/\/seriea.digital\/blog\/author\/seri-e-design\/\"}]}<\/script>\n<!-- \/ Yoast SEO plugin. -->","yoast_head_json":{"title":"Vendas no e-commerce devem crescer 18% no dia das m\u00e3es - SERI.E DESIGN, ag\u00eancia e-commerce","robots":{"index":"index","follow":"follow","max-snippet":"max-snippet:-1","max-image-preview":"max-image-preview:large","max-video-preview":"max-video-preview:-1"},"canonical":"https:\/\/seriea.digital\/blog\/vendas-no-e-commerce-devem-crescer-18-no-dia-das-maes\/","og_locale":"pt_BR","og_type":"article","og_title":"Vendas no e-commerce devem crescer 18% no dia das m\u00e3es - SERI.E DESIGN, ag\u00eancia e-commerce","og_description":"De acordo com a E-bit, empresa especializada em informa\u00e7\u00f5es do com\u00e9rcio eletr\u00f4nico, o Dia das M\u00e3es deve movimentar R$ 1,9 bilh\u00e3o para o setor em 2015. O valor representa um crescimento nominal de 18% em rela\u00e7\u00e3o ao mesmo per\u00edodo do ano passado, quando o e-commerce brasileiro faturou R$ 1,6 bilh\u00e3o.","og_url":"https:\/\/seriea.digital\/blog\/vendas-no-e-commerce-devem-crescer-18-no-dia-das-maes\/","og_site_name":"SERI.E DESIGN, ag\u00eancia e-commerce","article_publisher":"https:\/\/www.facebook.com\/SERIEDESIGN","article_published_time":"2015-05-05T15:01:03+00:00","article_modified_time":"2016-09-14T17:11:14+00:00","og_image":[{"url":"https:\/\/seriea.digital\/blog1\/wp-content\/uploads\/2015\/05\/internauta-mulher.jpg","type":"","width":"","height":""}],"author":"SERI.E DESIGN","twitter_misc":{"Escrito por":"SERI.E DESIGN","Est. tempo de leitura":"1 minuto"},"schema":{"@context":"https:\/\/schema.org","@graph":[{"@type":"WebPage","@id":"https:\/\/seriea.digital\/blog\/vendas-no-e-commerce-devem-crescer-18-no-dia-das-maes\/","url":"https:\/\/seriea.digital\/blog\/vendas-no-e-commerce-devem-crescer-18-no-dia-das-maes\/","name":"Vendas no e-commerce devem crescer 18% no dia das m\u00e3es - SERI.E DESIGN, ag\u00eancia e-commerce","isPartOf":{"@id":"https:\/\/seriea.digital\/blog\/#website"},"primaryImageOfPage":{"@id":"https:\/\/seriea.digital\/blog\/vendas-no-e-commerce-devem-crescer-18-no-dia-das-maes\/#primaryimage"},"image":{"@id":"https:\/\/seriea.digital\/blog\/vendas-no-e-commerce-devem-crescer-18-no-dia-das-maes\/#primaryimage"},"thumbnailUrl":"https:\/\/seriea.digital\/blog1\/wp-content\/uploads\/2015\/05\/internauta-mulher.jpg","datePublished":"2015-05-05T15:01:03+00:00","dateModified":"2016-09-14T17:11:14+00:00","author":{"@id":"https:\/\/seriea.digital\/blog\/#\/schema\/person\/e6b243027e8754686f5ab0fa3d065187"},"breadcrumb":{"@id":"https:\/\/seriea.digital\/blog\/vendas-no-e-commerce-devem-crescer-18-no-dia-das-maes\/#breadcrumb"},"inLanguage":"pt-BR","potentialAction":[{"@type":"ReadAction","target":["https:\/\/seriea.digital\/blog\/vendas-no-e-commerce-devem-crescer-18-no-dia-das-maes\/"]}]},{"@type":"ImageObject","inLanguage":"pt-BR","@id":"https:\/\/seriea.digital\/blog\/vendas-no-e-commerce-devem-crescer-18-no-dia-das-maes\/#primaryimage","url":"https:\/\/seriea.digital\/blog1\/wp-content\/uploads\/2015\/05\/internauta-mulher.jpg","contentUrl":"https:\/\/seriea.digital\/blog1\/wp-content\/uploads\/2015\/05\/internauta-mulher.jpg"},{"@type":"BreadcrumbList","@id":"https:\/\/seriea.digital\/blog\/vendas-no-e-commerce-devem-crescer-18-no-dia-das-maes\/#breadcrumb","itemListElement":[{"@type":"ListItem","position":1,"name":"In\u00edcio","item":"https:\/\/seriea.digital\/blog\/"},{"@type":"ListItem","position":2,"name":"Vendas no e-commerce devem crescer 18% no dia das m\u00e3es"}]},{"@type":"WebSite","@id":"https:\/\/seriea.digital\/blog\/#website","url":"https:\/\/seriea.digital\/blog\/","name":"SERI.E DESIGN","description":"Ag\u00eancia digital especializada em e-commerce - Desenvolvimento de layout pra E-commerce, Tray Commerce,Wake, Vtex, Deco, Sites. Eleita a ag\u00eancia com melhor atendimento.","potentialAction":[{"@type":"SearchAction","target":{"@type":"EntryPoint","urlTemplate":"https:\/\/seriea.digital\/blog\/?s={search_term_string}"},"query-input":{"@type":"PropertyValueSpecification","valueRequired":true,"valueName":"search_term_string"}}],"inLanguage":"pt-BR"},{"@type":"Person","@id":"https:\/\/seriea.digital\/blog\/#\/schema\/person\/e6b243027e8754686f5ab0fa3d065187","name":"SERI.E DESIGN","sameAs":["https:\/\/seriea.digital\/blog\/"],"url":"https:\/\/seriea.digital\/blog\/author\/seri-e-design\/"}]}},"_links":{"self":[{"href":"https:\/\/seriea.digital\/blog\/wp-json\/wp\/v2\/posts\/1239","targetHints":{"allow":["GET"]}}],"collection":[{"href":"https:\/\/seriea.digital\/blog\/wp-json\/wp\/v2\/posts"}],"about":[{"href":"https:\/\/seriea.digital\/blog\/wp-json\/wp\/v2\/types\/post"}],"author":[{"embeddable":true,"href":"https:\/\/seriea.digital\/blog\/wp-json\/wp\/v2\/users\/8"}],"replies":[{"embeddable":true,"href":"https:\/\/seriea.digital\/blog\/wp-json\/wp\/v2\/comments?post=1239"}],"version-history":[{"count":2,"href":"https:\/\/seriea.digital\/blog\/wp-json\/wp\/v2\/posts\/1239\/revisions"}],"predecessor-version":[{"id":2101,"href":"https:\/\/seriea.digital\/blog\/wp-json\/wp\/v2\/posts\/1239\/revisions\/2101"}],"wp:attachment":[{"href":"https:\/\/seriea.digital\/blog\/wp-json\/wp\/v2\/media?parent=1239"}],"wp:term":[{"taxonomy":"category","embeddable":true,"href":"https:\/\/seriea.digital\/blog\/wp-json\/wp\/v2\/categories?post=1239"},{"taxonomy":"post_tag","embeddable":true,"href":"https:\/\/seriea.digital\/blog\/wp-json\/wp\/v2\/tags?post=1239"}],"curies":[{"name":"wp","href":"https:\/\/api.w.org\/{rel}","templated":true}]}}