{"id":1275,"date":"2015-05-21T12:54:32","date_gmt":"2015-05-21T15:54:32","guid":{"rendered":"https:\/\/seriea.digital\/blog1\/?p=1275"},"modified":"2016-09-14T14:08:33","modified_gmt":"2016-09-14T17:08:33","slug":"premio-de-empreendedorismo-mercadolivre","status":"publish","type":"post","link":"https:\/\/seriea.digital\/blog\/premio-de-empreendedorismo-mercadolivre\/","title":{"rendered":"Pr\u00eamio de empreendedorismo &#8211; MercadoLivre"},"content":{"rendered":"<p><a href=\"https:\/\/seriea.digital\/blog1\/wp-content\/uploads\/2015\/05\/mercado-livre1.jpg\"><img fetchpriority=\"high\" decoding=\"async\" class=\"alignnone size-full wp-image-1276\" src=\"https:\/\/seriea.digital\/blog1\/wp-content\/uploads\/2015\/05\/mercado-livre1.jpg\" alt=\"mercado-livre1\" width=\"590\" height=\"389\" srcset=\"https:\/\/seriea.digital\/blog\/wp-content\/uploads\/2015\/05\/mercado-livre1.jpg 590w, https:\/\/seriea.digital\/blog\/wp-content\/uploads\/2015\/05\/mercado-livre1-300x198.jpg 300w\" sizes=\"(max-width: 590px) 100vw, 590px\" \/><\/a><\/p>\n<p>&nbsp;<\/p>\n<p>O MercadoLivre, empresa de com\u00e9rcio eletr\u00f4nico, acaba de lan\u00e7ar um pr\u00eamio que vai reconhecer o talento de empreendedores online que atuam em seu marketplace, tanto na \u00e1rea de vendas como na de desenvolvimento de sistemas tecnol\u00f3gicos. O\u00a0Primeiro Pr\u00eamio MercadoLivre de Empreendedorismo\u00a0foi apresentado a cerca de 1500 varejistas do com\u00e9rcio eletr\u00f4nico brasileiro durante o evento Universidade MercadoLivre, realizado em S\u00e3o Paulo, no \u00faltimo s\u00e1bado.<br \/>\n<!--more--><\/p>\n<p>As inscri\u00e7\u00f5es podem ser feitas em tr\u00eas categorias: Melhores Pr\u00e1ticas em Vendas, Melhores Pr\u00e1ticas em Tecnologia e Empreendedor do Ano. O objetivo da iniciativa \u00e9 valorizar e reconhecer as pr\u00e1ticas de empresas que atuam no MercadoLivre e de profissionais de tecnologia que tenham criado solu\u00e7\u00f5es para melhorar a experi\u00eancia de compra e venda no marketplace. Atualmente, mais de 7 milh\u00f5es de vendedores \u00fanicos e 21 milh\u00f5es de compradores fazem neg\u00f3cios no site.<\/p>\n<p>\u201cO empreendedorismo no Brasil vem crescendo de forma consistente. Cerca de 50 mil pessoas no pa\u00eds vivem de renda \u00fanica ou principal proveniente de vendas no MercadoLivre, segundo pesquisa da Nielsen\u201d, afirma o diretor geral do MercadoLivre, Helisson Lemos. \u201cNa Am\u00e9rica Latina, o total chega a 150 mil pessoas\u201d, completa.<\/p>\n<p>As inscri\u00e7\u00f5es para o Pr\u00eamio MercadoLivre de Empreendedorismo est\u00e3o abertas at\u00e9 o dia 8 de julho e podem ser feitas no\u00a0<a class=\"external external_icon\" href=\"http:\/\/www.premiomercadolivre.com.br\/\" target=\"_blank\" rel=\"nofollow\">www.premiomercadolivre.com.br<\/a>\u00a0. O site tamb\u00e9m traz o regulamento e mais informa\u00e7\u00f5es sobre a premia\u00e7\u00e3o. Os trabalhos inscritos nas categorias Vendas e Tecnologia ser\u00e3o avaliados por um j\u00fari especializado, constitu\u00eddo por profissionais escolhidos pela comiss\u00e3o respons\u00e1vel pelo pr\u00eamio. O Empreendedor do Ano ser\u00e1 eleito por voto popular.<\/p>\n<p>Entre os pr\u00eamios reservados aos vencedores est\u00e3o trof\u00e9u, certificado e um selo, que poder\u00e1 ser usado nos materiais de comunica\u00e7\u00e3o online da loja para destacar sua credibilidade e performance na atua\u00e7\u00e3o dentro do MercadoLivre. Ao empreendedor do Ano tamb\u00e9m est\u00e1 reservada uma viagem para a matriz do MercadoLivre na Argentina. A cerim\u00f4nia de premia\u00e7\u00e3o ser\u00e1 realizada no m\u00eas de agosto.<\/p>\n<p>Fonte:\u00a0ecommercenews.com.br<\/p>\n","protected":false},"excerpt":{"rendered":"<p>&nbsp; O MercadoLivre, empresa de com\u00e9rcio eletr\u00f4nico, acaba de lan\u00e7ar um pr\u00eamio que vai reconhecer o talento de empreendedores online que atuam em seu marketplace, tanto na \u00e1rea de vendas como na de desenvolvimento de sistemas tecnol\u00f3gicos. O\u00a0Primeiro Pr\u00eamio MercadoLivre de Empreendedorismo\u00a0foi apresentado a cerca de 1500 varejistas do com\u00e9rcio eletr\u00f4nico brasileiro durante o evento [&hellip;]<\/p>\n","protected":false},"author":8,"featured_media":0,"comment_status":"closed","ping_status":"closed","sticky":false,"template":"","format":"standard","meta":{"footnotes":""},"categories":[25,22],"tags":[],"class_list":["post-1275","post","type-post","status-publish","format-standard","hentry","category-ecommerce","category-mercadolivre"],"yoast_head":"<!-- This site is optimized with the Yoast SEO plugin v26.5 - https:\/\/yoast.com\/wordpress\/plugins\/seo\/ -->\n<title>Pr\u00eamio de empreendedorismo - MercadoLivre - SERI.E DESIGN, ag\u00eancia e-commerce<\/title>\n<meta name=\"robots\" content=\"index, follow, max-snippet:-1, max-image-preview:large, max-video-preview:-1\" \/>\n<link rel=\"canonical\" href=\"https:\/\/seriea.digital\/blog\/premio-de-empreendedorismo-mercadolivre\/\" \/>\n<meta property=\"og:locale\" content=\"pt_BR\" \/>\n<meta property=\"og:type\" content=\"article\" \/>\n<meta property=\"og:title\" content=\"Pr\u00eamio de empreendedorismo - MercadoLivre - SERI.E DESIGN, ag\u00eancia e-commerce\" \/>\n<meta property=\"og:description\" content=\"&nbsp; O MercadoLivre, empresa de com\u00e9rcio eletr\u00f4nico, acaba de lan\u00e7ar um pr\u00eamio que vai reconhecer o talento de empreendedores online que atuam em seu marketplace, tanto na \u00e1rea de vendas como na de desenvolvimento de sistemas tecnol\u00f3gicos. O\u00a0Primeiro Pr\u00eamio MercadoLivre de Empreendedorismo\u00a0foi apresentado a cerca de 1500 varejistas do com\u00e9rcio eletr\u00f4nico brasileiro durante o evento [&hellip;]\" \/>\n<meta property=\"og:url\" content=\"https:\/\/seriea.digital\/blog\/premio-de-empreendedorismo-mercadolivre\/\" \/>\n<meta property=\"og:site_name\" content=\"SERI.E DESIGN, ag\u00eancia e-commerce\" \/>\n<meta property=\"article:publisher\" content=\"https:\/\/www.facebook.com\/SERIEDESIGN\" \/>\n<meta property=\"article:published_time\" content=\"2015-05-21T15:54:32+00:00\" \/>\n<meta property=\"article:modified_time\" content=\"2016-09-14T17:08:33+00:00\" \/>\n<meta property=\"og:image\" content=\"https:\/\/seriea.digital\/blog1\/wp-content\/uploads\/2015\/05\/mercado-livre1.jpg\" \/>\n<meta name=\"author\" content=\"SERI.E DESIGN\" \/>\n<meta name=\"twitter:label1\" content=\"Escrito por\" \/>\n\t<meta name=\"twitter:data1\" content=\"SERI.E DESIGN\" \/>\n\t<meta name=\"twitter:label2\" content=\"Est. tempo de leitura\" \/>\n\t<meta name=\"twitter:data2\" content=\"2 minutos\" \/>\n<script type=\"application\/ld+json\" class=\"yoast-schema-graph\">{\"@context\":\"https:\/\/schema.org\",\"@graph\":[{\"@type\":\"WebPage\",\"@id\":\"https:\/\/seriea.digital\/blog\/premio-de-empreendedorismo-mercadolivre\/\",\"url\":\"https:\/\/seriea.digital\/blog\/premio-de-empreendedorismo-mercadolivre\/\",\"name\":\"Pr\u00eamio de empreendedorismo - MercadoLivre - SERI.E DESIGN, ag\u00eancia e-commerce\",\"isPartOf\":{\"@id\":\"https:\/\/seriea.digital\/blog\/#website\"},\"primaryImageOfPage\":{\"@id\":\"https:\/\/seriea.digital\/blog\/premio-de-empreendedorismo-mercadolivre\/#primaryimage\"},\"image\":{\"@id\":\"https:\/\/seriea.digital\/blog\/premio-de-empreendedorismo-mercadolivre\/#primaryimage\"},\"thumbnailUrl\":\"https:\/\/seriea.digital\/blog1\/wp-content\/uploads\/2015\/05\/mercado-livre1.jpg\",\"datePublished\":\"2015-05-21T15:54:32+00:00\",\"dateModified\":\"2016-09-14T17:08:33+00:00\",\"author\":{\"@id\":\"https:\/\/seriea.digital\/blog\/#\/schema\/person\/e6b243027e8754686f5ab0fa3d065187\"},\"breadcrumb\":{\"@id\":\"https:\/\/seriea.digital\/blog\/premio-de-empreendedorismo-mercadolivre\/#breadcrumb\"},\"inLanguage\":\"pt-BR\",\"potentialAction\":[{\"@type\":\"ReadAction\",\"target\":[\"https:\/\/seriea.digital\/blog\/premio-de-empreendedorismo-mercadolivre\/\"]}]},{\"@type\":\"ImageObject\",\"inLanguage\":\"pt-BR\",\"@id\":\"https:\/\/seriea.digital\/blog\/premio-de-empreendedorismo-mercadolivre\/#primaryimage\",\"url\":\"https:\/\/seriea.digital\/blog1\/wp-content\/uploads\/2015\/05\/mercado-livre1.jpg\",\"contentUrl\":\"https:\/\/seriea.digital\/blog1\/wp-content\/uploads\/2015\/05\/mercado-livre1.jpg\"},{\"@type\":\"BreadcrumbList\",\"@id\":\"https:\/\/seriea.digital\/blog\/premio-de-empreendedorismo-mercadolivre\/#breadcrumb\",\"itemListElement\":[{\"@type\":\"ListItem\",\"position\":1,\"name\":\"In\u00edcio\",\"item\":\"https:\/\/seriea.digital\/blog\/\"},{\"@type\":\"ListItem\",\"position\":2,\"name\":\"Pr\u00eamio de empreendedorismo &#8211; MercadoLivre\"}]},{\"@type\":\"WebSite\",\"@id\":\"https:\/\/seriea.digital\/blog\/#website\",\"url\":\"https:\/\/seriea.digital\/blog\/\",\"name\":\"SERI.E DESIGN\",\"description\":\"Ag\u00eancia digital especializada em e-commerce - Desenvolvimento de layout pra E-commerce, Tray Commerce,Wake, Vtex, Deco, Sites. Eleita a ag\u00eancia com melhor atendimento.\",\"potentialAction\":[{\"@type\":\"SearchAction\",\"target\":{\"@type\":\"EntryPoint\",\"urlTemplate\":\"https:\/\/seriea.digital\/blog\/?s={search_term_string}\"},\"query-input\":{\"@type\":\"PropertyValueSpecification\",\"valueRequired\":true,\"valueName\":\"search_term_string\"}}],\"inLanguage\":\"pt-BR\"},{\"@type\":\"Person\",\"@id\":\"https:\/\/seriea.digital\/blog\/#\/schema\/person\/e6b243027e8754686f5ab0fa3d065187\",\"name\":\"SERI.E DESIGN\",\"sameAs\":[\"https:\/\/seriea.digital\/blog\/\"],\"url\":\"https:\/\/seriea.digital\/blog\/author\/seri-e-design\/\"}]}<\/script>\n<!-- \/ Yoast SEO plugin. -->","yoast_head_json":{"title":"Pr\u00eamio de empreendedorismo - MercadoLivre - SERI.E DESIGN, ag\u00eancia e-commerce","robots":{"index":"index","follow":"follow","max-snippet":"max-snippet:-1","max-image-preview":"max-image-preview:large","max-video-preview":"max-video-preview:-1"},"canonical":"https:\/\/seriea.digital\/blog\/premio-de-empreendedorismo-mercadolivre\/","og_locale":"pt_BR","og_type":"article","og_title":"Pr\u00eamio de empreendedorismo - MercadoLivre - SERI.E DESIGN, ag\u00eancia e-commerce","og_description":"&nbsp; O MercadoLivre, empresa de com\u00e9rcio eletr\u00f4nico, acaba de lan\u00e7ar um pr\u00eamio que vai reconhecer o talento de empreendedores online que atuam em seu marketplace, tanto na \u00e1rea de vendas como na de desenvolvimento de sistemas tecnol\u00f3gicos. O\u00a0Primeiro Pr\u00eamio MercadoLivre de Empreendedorismo\u00a0foi apresentado a cerca de 1500 varejistas do com\u00e9rcio eletr\u00f4nico brasileiro durante o evento [&hellip;]","og_url":"https:\/\/seriea.digital\/blog\/premio-de-empreendedorismo-mercadolivre\/","og_site_name":"SERI.E DESIGN, ag\u00eancia e-commerce","article_publisher":"https:\/\/www.facebook.com\/SERIEDESIGN","article_published_time":"2015-05-21T15:54:32+00:00","article_modified_time":"2016-09-14T17:08:33+00:00","og_image":[{"url":"https:\/\/seriea.digital\/blog1\/wp-content\/uploads\/2015\/05\/mercado-livre1.jpg","type":"","width":"","height":""}],"author":"SERI.E DESIGN","twitter_misc":{"Escrito por":"SERI.E DESIGN","Est. tempo de leitura":"2 minutos"},"schema":{"@context":"https:\/\/schema.org","@graph":[{"@type":"WebPage","@id":"https:\/\/seriea.digital\/blog\/premio-de-empreendedorismo-mercadolivre\/","url":"https:\/\/seriea.digital\/blog\/premio-de-empreendedorismo-mercadolivre\/","name":"Pr\u00eamio de empreendedorismo - MercadoLivre - SERI.E DESIGN, ag\u00eancia e-commerce","isPartOf":{"@id":"https:\/\/seriea.digital\/blog\/#website"},"primaryImageOfPage":{"@id":"https:\/\/seriea.digital\/blog\/premio-de-empreendedorismo-mercadolivre\/#primaryimage"},"image":{"@id":"https:\/\/seriea.digital\/blog\/premio-de-empreendedorismo-mercadolivre\/#primaryimage"},"thumbnailUrl":"https:\/\/seriea.digital\/blog1\/wp-content\/uploads\/2015\/05\/mercado-livre1.jpg","datePublished":"2015-05-21T15:54:32+00:00","dateModified":"2016-09-14T17:08:33+00:00","author":{"@id":"https:\/\/seriea.digital\/blog\/#\/schema\/person\/e6b243027e8754686f5ab0fa3d065187"},"breadcrumb":{"@id":"https:\/\/seriea.digital\/blog\/premio-de-empreendedorismo-mercadolivre\/#breadcrumb"},"inLanguage":"pt-BR","potentialAction":[{"@type":"ReadAction","target":["https:\/\/seriea.digital\/blog\/premio-de-empreendedorismo-mercadolivre\/"]}]},{"@type":"ImageObject","inLanguage":"pt-BR","@id":"https:\/\/seriea.digital\/blog\/premio-de-empreendedorismo-mercadolivre\/#primaryimage","url":"https:\/\/seriea.digital\/blog1\/wp-content\/uploads\/2015\/05\/mercado-livre1.jpg","contentUrl":"https:\/\/seriea.digital\/blog1\/wp-content\/uploads\/2015\/05\/mercado-livre1.jpg"},{"@type":"BreadcrumbList","@id":"https:\/\/seriea.digital\/blog\/premio-de-empreendedorismo-mercadolivre\/#breadcrumb","itemListElement":[{"@type":"ListItem","position":1,"name":"In\u00edcio","item":"https:\/\/seriea.digital\/blog\/"},{"@type":"ListItem","position":2,"name":"Pr\u00eamio de empreendedorismo &#8211; MercadoLivre"}]},{"@type":"WebSite","@id":"https:\/\/seriea.digital\/blog\/#website","url":"https:\/\/seriea.digital\/blog\/","name":"SERI.E DESIGN","description":"Ag\u00eancia digital especializada em e-commerce - Desenvolvimento de layout pra E-commerce, Tray Commerce,Wake, Vtex, Deco, Sites. Eleita a ag\u00eancia com melhor atendimento.","potentialAction":[{"@type":"SearchAction","target":{"@type":"EntryPoint","urlTemplate":"https:\/\/seriea.digital\/blog\/?s={search_term_string}"},"query-input":{"@type":"PropertyValueSpecification","valueRequired":true,"valueName":"search_term_string"}}],"inLanguage":"pt-BR"},{"@type":"Person","@id":"https:\/\/seriea.digital\/blog\/#\/schema\/person\/e6b243027e8754686f5ab0fa3d065187","name":"SERI.E DESIGN","sameAs":["https:\/\/seriea.digital\/blog\/"],"url":"https:\/\/seriea.digital\/blog\/author\/seri-e-design\/"}]}},"_links":{"self":[{"href":"https:\/\/seriea.digital\/blog\/wp-json\/wp\/v2\/posts\/1275","targetHints":{"allow":["GET"]}}],"collection":[{"href":"https:\/\/seriea.digital\/blog\/wp-json\/wp\/v2\/posts"}],"about":[{"href":"https:\/\/seriea.digital\/blog\/wp-json\/wp\/v2\/types\/post"}],"author":[{"embeddable":true,"href":"https:\/\/seriea.digital\/blog\/wp-json\/wp\/v2\/users\/8"}],"replies":[{"embeddable":true,"href":"https:\/\/seriea.digital\/blog\/wp-json\/wp\/v2\/comments?post=1275"}],"version-history":[{"count":2,"href":"https:\/\/seriea.digital\/blog\/wp-json\/wp\/v2\/posts\/1275\/revisions"}],"predecessor-version":[{"id":2092,"href":"https:\/\/seriea.digital\/blog\/wp-json\/wp\/v2\/posts\/1275\/revisions\/2092"}],"wp:attachment":[{"href":"https:\/\/seriea.digital\/blog\/wp-json\/wp\/v2\/media?parent=1275"}],"wp:term":[{"taxonomy":"category","embeddable":true,"href":"https:\/\/seriea.digital\/blog\/wp-json\/wp\/v2\/categories?post=1275"},{"taxonomy":"post_tag","embeddable":true,"href":"https:\/\/seriea.digital\/blog\/wp-json\/wp\/v2\/tags?post=1275"}],"curies":[{"name":"wp","href":"https:\/\/api.w.org\/{rel}","templated":true}]}}