{"id":1295,"date":"2015-05-29T14:26:57","date_gmt":"2015-05-29T17:26:57","guid":{"rendered":"https:\/\/seriea.digital\/blog1\/?p=1295"},"modified":"2016-09-14T14:06:56","modified_gmt":"2016-09-14T17:06:56","slug":"acesso-as-redes-sociais-ganha-forca-durante-a-semana","status":"publish","type":"post","link":"https:\/\/seriea.digital\/blog\/acesso-as-redes-sociais-ganha-forca-durante-a-semana\/","title":{"rendered":"Acesso \u00e0s redes sociais ganha for\u00e7a durante a semana"},"content":{"rendered":"<p>&nbsp;<\/p>\n<p><a href=\"https:\/\/seriea.digital\/blog1\/wp-content\/uploads\/2015\/05\/social-media.jpg\"><img fetchpriority=\"high\" decoding=\"async\" class=\"alignnone size-full wp-image-1296\" src=\"https:\/\/seriea.digital\/blog1\/wp-content\/uploads\/2015\/05\/social-media.jpg\" alt=\"social-media\" width=\"590\" height=\"389\" srcset=\"https:\/\/seriea.digital\/blog\/wp-content\/uploads\/2015\/05\/social-media.jpg 590w, https:\/\/seriea.digital\/blog\/wp-content\/uploads\/2015\/05\/social-media-300x198.jpg 300w\" sizes=\"(max-width: 590px) 100vw, 590px\" \/><\/a><\/p>\n<p>O Scup, provedor de tecnologia para monitoramento, atendimento, gest\u00e3o e an\u00e1lise para m\u00eddia social, acaba de divulgar a quinta edi\u00e7\u00e3o do estudo Hor\u00e1rios Nobres das Redes Sociais. De acordo com a pesquisa, o comportamento dos usu\u00e1rios tem mudado os per\u00edodos de acesso e tamb\u00e9m a relev\u00e2ncia de algumas plataformas. A an\u00e1lise de mais de 170 milh\u00f5es de posts publicados no Facebook, no Twitter e no Instagram, no Brasil, em 2014, demonstram que os picos de intera\u00e7\u00e3o t\u00eam migrado para os dias da semana, ao contr\u00e1rio do que ocorria em anos anteriores.<br \/>\n<!--more--><\/p>\n<p>\u201cOs dados deixam claro o reflexo da mudan\u00e7a de plataformas para acesso \u00e0s redes sociais. Antes, as pessoas acessavam mais quando estavam em suas casas, aos finais de semana, via desktop. Agora, com as conex\u00f5es de dados e os smartphones, elas acessam no dia a dia, no caminho do trabalho para casa e vice-versa. Essa \u00e9 uma transi\u00e7\u00e3o importante e as marcas precisam estar atentas a ela\u201d, afirma Soraia Lima, CMO do Scup.<\/p>\n<p>No Facebook, por exemplo, os dias mais importantes passaram a ser ter\u00e7a e quarta, que agora respondem por cerca de 16% do volume de men\u00e7\u00f5es, cada um. Antes, quinta e sexta eram os dias mais relevantes. O hor\u00e1rio de pico seguiu essa linha, com cerca de 800 mil posts \u00e0s quartas-feiras, das 11h \u00e0s 12h. O Twitter tamb\u00e9m apresentou redu\u00e7\u00e3o de tweets aos finais de semana \u2013 com exce\u00e7\u00e3o do domingo \u00e0 tarde, quando ocorrem os jogos de futebol e os posts ganham peso at\u00e9 por volta das 23h, o que tamb\u00e9m acontece \u00e0s quartas. O pico da rede, no entanto, foi \u00e0s ter\u00e7as, entre 23h e 24h, e \u00e0s quartas, das 21h \u00e0s 22h. O microblog tem maior intera\u00e7\u00e3o no per\u00edodo noturno, com movimenta\u00e7\u00e3o ganhando for\u00e7a \u00e0 partir das 17h at\u00e9 o final da noite.<\/p>\n<p>J\u00e1 o Instagram tem o seu pico \u00e0s sextas, entre 19h e 20h, possivelmente quando os \u00a0usu\u00e1rios celebram a chegada do fim de semana e do happy hour. Ap\u00f3s esse hor\u00e1rio, nas sextas-feiras \u00e0 noite, as pessoas come\u00e7am a se afastar das tr\u00eas redes analisadas. O s\u00e1bado ainda \u00e9 o dia mais movimentado da rede social de fotos, mas quarta, quinta e sexta registraram aumento de participa\u00e7\u00f5es nas postagens.<\/p>\n<p>Quando o assunto \u00e9 aumento no n\u00famero de publica\u00e7\u00f5es, o Instagram foi o que mais cresceu, com alta de 235%, chegando a 5,4 milh\u00f5es de posts em rela\u00e7\u00e3o ao ano anterior, quando acumulou 1,6 milh\u00f5es. O Facebook e o Twitter tamb\u00e9m apresentaram aumento expressivo, de 144% e 59%, respectivamente. \u201cO estudo \u00e9 um panorama geral dos tr\u00eas canais analisados, mas cada tipo de p\u00fablico tem um comportamento diferente nas redes sociais. Por isso, \u00e9 importante identificar, conhecer e analisar a sua audi\u00eancia espec\u00edfica na hora de criar e aplicar seu plano de marketing de conte\u00fado\u201d, explica Lima.<\/p>\n<p>O estudo, composto por 50,7% de men\u00e7\u00f5es do Facebook, 46,1% do Twitter e 3,2% do Instagram, mostra o aumento de publica\u00e7\u00f5es em 2014 e respectiva tend\u00eancia de crescimento desses n\u00fameros. Os 170 milh\u00f5es de posts de 2014 representam 97% men\u00e7\u00f5es a mais nas redes sociais do que em 2013, quando foram monitorados mais de 86 milh\u00f5es.<\/p>\n<p>\u201cO aumento do n\u00famero de posts mostra que os feeds est\u00e3o cada vez mais cheios e, por isso, \u00e9 muito dif\u00edcil prender a aten\u00e7\u00e3o dos usu\u00e1rios. Isso se torna ainda mais complicado quando o conte\u00fado n\u00e3o \u00e9 de um amigo na rede social, e sim de uma marca. Mapear os dias e hor\u00e1rios de destaque \u00e9 essencial para conseguir entender e conhecer o comportamento dos usu\u00e1rios nesses canais e, assim, pensar em estrat\u00e9gias mais eficazes de relacionamento\u201d, pontua a CMO.<\/p>\n<p>Fonte: ecommercenews.com.br<\/p>\n","protected":false},"excerpt":{"rendered":"<p>&nbsp; O Scup, provedor de tecnologia para monitoramento, atendimento, gest\u00e3o e an\u00e1lise para m\u00eddia social, acaba de divulgar a quinta edi\u00e7\u00e3o do estudo Hor\u00e1rios Nobres das Redes Sociais. De acordo com a pesquisa, o comportamento dos usu\u00e1rios tem mudado os per\u00edodos de acesso e tamb\u00e9m a relev\u00e2ncia de algumas plataformas. A an\u00e1lise de mais de [&hellip;]<\/p>\n","protected":false},"author":8,"featured_media":0,"comment_status":"closed","ping_status":"closed","sticky":false,"template":"","format":"standard","meta":{"footnotes":""},"categories":[21],"tags":[],"class_list":["post-1295","post","type-post","status-publish","format-standard","hentry","category-midias-sociais"],"yoast_head":"<!-- This site is optimized with the Yoast SEO plugin v26.5 - https:\/\/yoast.com\/wordpress\/plugins\/seo\/ -->\n<title>Acesso \u00e0s redes sociais ganha for\u00e7a durante a semana - SERI.E DESIGN, ag\u00eancia e-commerce<\/title>\n<meta name=\"robots\" content=\"index, follow, max-snippet:-1, max-image-preview:large, max-video-preview:-1\" \/>\n<link rel=\"canonical\" href=\"https:\/\/seriea.digital\/blog\/acesso-as-redes-sociais-ganha-forca-durante-a-semana\/\" \/>\n<meta property=\"og:locale\" content=\"pt_BR\" \/>\n<meta property=\"og:type\" content=\"article\" \/>\n<meta property=\"og:title\" content=\"Acesso \u00e0s redes sociais ganha for\u00e7a durante a semana - SERI.E DESIGN, ag\u00eancia e-commerce\" \/>\n<meta property=\"og:description\" content=\"&nbsp; O Scup, provedor de tecnologia para monitoramento, atendimento, gest\u00e3o e an\u00e1lise para m\u00eddia social, acaba de divulgar a quinta edi\u00e7\u00e3o do estudo Hor\u00e1rios Nobres das Redes Sociais. De acordo com a pesquisa, o comportamento dos usu\u00e1rios tem mudado os per\u00edodos de acesso e tamb\u00e9m a relev\u00e2ncia de algumas plataformas. A an\u00e1lise de mais de [&hellip;]\" \/>\n<meta property=\"og:url\" content=\"https:\/\/seriea.digital\/blog\/acesso-as-redes-sociais-ganha-forca-durante-a-semana\/\" \/>\n<meta property=\"og:site_name\" content=\"SERI.E DESIGN, ag\u00eancia e-commerce\" \/>\n<meta property=\"article:publisher\" content=\"https:\/\/www.facebook.com\/SERIEDESIGN\" \/>\n<meta property=\"article:published_time\" content=\"2015-05-29T17:26:57+00:00\" \/>\n<meta property=\"article:modified_time\" content=\"2016-09-14T17:06:56+00:00\" \/>\n<meta property=\"og:image\" content=\"https:\/\/seriea.digital\/blog1\/wp-content\/uploads\/2015\/05\/social-media.jpg\" \/>\n<meta name=\"author\" content=\"SERI.E DESIGN\" \/>\n<meta name=\"twitter:label1\" content=\"Escrito por\" \/>\n\t<meta name=\"twitter:data1\" content=\"SERI.E DESIGN\" \/>\n\t<meta name=\"twitter:label2\" content=\"Est. tempo de leitura\" \/>\n\t<meta name=\"twitter:data2\" content=\"3 minutos\" \/>\n<script type=\"application\/ld+json\" class=\"yoast-schema-graph\">{\"@context\":\"https:\/\/schema.org\",\"@graph\":[{\"@type\":\"WebPage\",\"@id\":\"https:\/\/seriea.digital\/blog\/acesso-as-redes-sociais-ganha-forca-durante-a-semana\/\",\"url\":\"https:\/\/seriea.digital\/blog\/acesso-as-redes-sociais-ganha-forca-durante-a-semana\/\",\"name\":\"Acesso \u00e0s redes sociais ganha for\u00e7a durante a semana - SERI.E DESIGN, ag\u00eancia e-commerce\",\"isPartOf\":{\"@id\":\"https:\/\/seriea.digital\/blog\/#website\"},\"primaryImageOfPage\":{\"@id\":\"https:\/\/seriea.digital\/blog\/acesso-as-redes-sociais-ganha-forca-durante-a-semana\/#primaryimage\"},\"image\":{\"@id\":\"https:\/\/seriea.digital\/blog\/acesso-as-redes-sociais-ganha-forca-durante-a-semana\/#primaryimage\"},\"thumbnailUrl\":\"https:\/\/seriea.digital\/blog1\/wp-content\/uploads\/2015\/05\/social-media.jpg\",\"datePublished\":\"2015-05-29T17:26:57+00:00\",\"dateModified\":\"2016-09-14T17:06:56+00:00\",\"author\":{\"@id\":\"https:\/\/seriea.digital\/blog\/#\/schema\/person\/e6b243027e8754686f5ab0fa3d065187\"},\"breadcrumb\":{\"@id\":\"https:\/\/seriea.digital\/blog\/acesso-as-redes-sociais-ganha-forca-durante-a-semana\/#breadcrumb\"},\"inLanguage\":\"pt-BR\",\"potentialAction\":[{\"@type\":\"ReadAction\",\"target\":[\"https:\/\/seriea.digital\/blog\/acesso-as-redes-sociais-ganha-forca-durante-a-semana\/\"]}]},{\"@type\":\"ImageObject\",\"inLanguage\":\"pt-BR\",\"@id\":\"https:\/\/seriea.digital\/blog\/acesso-as-redes-sociais-ganha-forca-durante-a-semana\/#primaryimage\",\"url\":\"https:\/\/seriea.digital\/blog1\/wp-content\/uploads\/2015\/05\/social-media.jpg\",\"contentUrl\":\"https:\/\/seriea.digital\/blog1\/wp-content\/uploads\/2015\/05\/social-media.jpg\"},{\"@type\":\"BreadcrumbList\",\"@id\":\"https:\/\/seriea.digital\/blog\/acesso-as-redes-sociais-ganha-forca-durante-a-semana\/#breadcrumb\",\"itemListElement\":[{\"@type\":\"ListItem\",\"position\":1,\"name\":\"In\u00edcio\",\"item\":\"https:\/\/seriea.digital\/blog\/\"},{\"@type\":\"ListItem\",\"position\":2,\"name\":\"Acesso \u00e0s redes sociais ganha for\u00e7a durante a semana\"}]},{\"@type\":\"WebSite\",\"@id\":\"https:\/\/seriea.digital\/blog\/#website\",\"url\":\"https:\/\/seriea.digital\/blog\/\",\"name\":\"SERI.E DESIGN\",\"description\":\"Ag\u00eancia digital especializada em e-commerce - Desenvolvimento de layout pra E-commerce, Tray Commerce,Wake, Vtex, Deco, Sites. Eleita a ag\u00eancia com melhor atendimento.\",\"potentialAction\":[{\"@type\":\"SearchAction\",\"target\":{\"@type\":\"EntryPoint\",\"urlTemplate\":\"https:\/\/seriea.digital\/blog\/?s={search_term_string}\"},\"query-input\":{\"@type\":\"PropertyValueSpecification\",\"valueRequired\":true,\"valueName\":\"search_term_string\"}}],\"inLanguage\":\"pt-BR\"},{\"@type\":\"Person\",\"@id\":\"https:\/\/seriea.digital\/blog\/#\/schema\/person\/e6b243027e8754686f5ab0fa3d065187\",\"name\":\"SERI.E DESIGN\",\"sameAs\":[\"https:\/\/seriea.digital\/blog\/\"],\"url\":\"https:\/\/seriea.digital\/blog\/author\/seri-e-design\/\"}]}<\/script>\n<!-- \/ Yoast SEO plugin. -->","yoast_head_json":{"title":"Acesso \u00e0s redes sociais ganha for\u00e7a durante a semana - SERI.E DESIGN, ag\u00eancia e-commerce","robots":{"index":"index","follow":"follow","max-snippet":"max-snippet:-1","max-image-preview":"max-image-preview:large","max-video-preview":"max-video-preview:-1"},"canonical":"https:\/\/seriea.digital\/blog\/acesso-as-redes-sociais-ganha-forca-durante-a-semana\/","og_locale":"pt_BR","og_type":"article","og_title":"Acesso \u00e0s redes sociais ganha for\u00e7a durante a semana - SERI.E DESIGN, ag\u00eancia e-commerce","og_description":"&nbsp; O Scup, provedor de tecnologia para monitoramento, atendimento, gest\u00e3o e an\u00e1lise para m\u00eddia social, acaba de divulgar a quinta edi\u00e7\u00e3o do estudo Hor\u00e1rios Nobres das Redes Sociais. De acordo com a pesquisa, o comportamento dos usu\u00e1rios tem mudado os per\u00edodos de acesso e tamb\u00e9m a relev\u00e2ncia de algumas plataformas. A an\u00e1lise de mais de [&hellip;]","og_url":"https:\/\/seriea.digital\/blog\/acesso-as-redes-sociais-ganha-forca-durante-a-semana\/","og_site_name":"SERI.E DESIGN, ag\u00eancia e-commerce","article_publisher":"https:\/\/www.facebook.com\/SERIEDESIGN","article_published_time":"2015-05-29T17:26:57+00:00","article_modified_time":"2016-09-14T17:06:56+00:00","og_image":[{"url":"https:\/\/seriea.digital\/blog1\/wp-content\/uploads\/2015\/05\/social-media.jpg","type":"","width":"","height":""}],"author":"SERI.E DESIGN","twitter_misc":{"Escrito por":"SERI.E DESIGN","Est. tempo de leitura":"3 minutos"},"schema":{"@context":"https:\/\/schema.org","@graph":[{"@type":"WebPage","@id":"https:\/\/seriea.digital\/blog\/acesso-as-redes-sociais-ganha-forca-durante-a-semana\/","url":"https:\/\/seriea.digital\/blog\/acesso-as-redes-sociais-ganha-forca-durante-a-semana\/","name":"Acesso \u00e0s redes sociais ganha for\u00e7a durante a semana - SERI.E DESIGN, ag\u00eancia e-commerce","isPartOf":{"@id":"https:\/\/seriea.digital\/blog\/#website"},"primaryImageOfPage":{"@id":"https:\/\/seriea.digital\/blog\/acesso-as-redes-sociais-ganha-forca-durante-a-semana\/#primaryimage"},"image":{"@id":"https:\/\/seriea.digital\/blog\/acesso-as-redes-sociais-ganha-forca-durante-a-semana\/#primaryimage"},"thumbnailUrl":"https:\/\/seriea.digital\/blog1\/wp-content\/uploads\/2015\/05\/social-media.jpg","datePublished":"2015-05-29T17:26:57+00:00","dateModified":"2016-09-14T17:06:56+00:00","author":{"@id":"https:\/\/seriea.digital\/blog\/#\/schema\/person\/e6b243027e8754686f5ab0fa3d065187"},"breadcrumb":{"@id":"https:\/\/seriea.digital\/blog\/acesso-as-redes-sociais-ganha-forca-durante-a-semana\/#breadcrumb"},"inLanguage":"pt-BR","potentialAction":[{"@type":"ReadAction","target":["https:\/\/seriea.digital\/blog\/acesso-as-redes-sociais-ganha-forca-durante-a-semana\/"]}]},{"@type":"ImageObject","inLanguage":"pt-BR","@id":"https:\/\/seriea.digital\/blog\/acesso-as-redes-sociais-ganha-forca-durante-a-semana\/#primaryimage","url":"https:\/\/seriea.digital\/blog1\/wp-content\/uploads\/2015\/05\/social-media.jpg","contentUrl":"https:\/\/seriea.digital\/blog1\/wp-content\/uploads\/2015\/05\/social-media.jpg"},{"@type":"BreadcrumbList","@id":"https:\/\/seriea.digital\/blog\/acesso-as-redes-sociais-ganha-forca-durante-a-semana\/#breadcrumb","itemListElement":[{"@type":"ListItem","position":1,"name":"In\u00edcio","item":"https:\/\/seriea.digital\/blog\/"},{"@type":"ListItem","position":2,"name":"Acesso \u00e0s redes sociais ganha for\u00e7a durante a semana"}]},{"@type":"WebSite","@id":"https:\/\/seriea.digital\/blog\/#website","url":"https:\/\/seriea.digital\/blog\/","name":"SERI.E DESIGN","description":"Ag\u00eancia digital especializada em e-commerce - Desenvolvimento de layout pra E-commerce, Tray Commerce,Wake, Vtex, Deco, Sites. Eleita a ag\u00eancia com melhor atendimento.","potentialAction":[{"@type":"SearchAction","target":{"@type":"EntryPoint","urlTemplate":"https:\/\/seriea.digital\/blog\/?s={search_term_string}"},"query-input":{"@type":"PropertyValueSpecification","valueRequired":true,"valueName":"search_term_string"}}],"inLanguage":"pt-BR"},{"@type":"Person","@id":"https:\/\/seriea.digital\/blog\/#\/schema\/person\/e6b243027e8754686f5ab0fa3d065187","name":"SERI.E DESIGN","sameAs":["https:\/\/seriea.digital\/blog\/"],"url":"https:\/\/seriea.digital\/blog\/author\/seri-e-design\/"}]}},"_links":{"self":[{"href":"https:\/\/seriea.digital\/blog\/wp-json\/wp\/v2\/posts\/1295","targetHints":{"allow":["GET"]}}],"collection":[{"href":"https:\/\/seriea.digital\/blog\/wp-json\/wp\/v2\/posts"}],"about":[{"href":"https:\/\/seriea.digital\/blog\/wp-json\/wp\/v2\/types\/post"}],"author":[{"embeddable":true,"href":"https:\/\/seriea.digital\/blog\/wp-json\/wp\/v2\/users\/8"}],"replies":[{"embeddable":true,"href":"https:\/\/seriea.digital\/blog\/wp-json\/wp\/v2\/comments?post=1295"}],"version-history":[{"count":3,"href":"https:\/\/seriea.digital\/blog\/wp-json\/wp\/v2\/posts\/1295\/revisions"}],"predecessor-version":[{"id":2087,"href":"https:\/\/seriea.digital\/blog\/wp-json\/wp\/v2\/posts\/1295\/revisions\/2087"}],"wp:attachment":[{"href":"https:\/\/seriea.digital\/blog\/wp-json\/wp\/v2\/media?parent=1295"}],"wp:term":[{"taxonomy":"category","embeddable":true,"href":"https:\/\/seriea.digital\/blog\/wp-json\/wp\/v2\/categories?post=1295"},{"taxonomy":"post_tag","embeddable":true,"href":"https:\/\/seriea.digital\/blog\/wp-json\/wp\/v2\/tags?post=1295"}],"curies":[{"name":"wp","href":"https:\/\/api.w.org\/{rel}","templated":true}]}}