{"id":1306,"date":"2015-06-03T15:57:06","date_gmt":"2015-06-03T18:57:06","guid":{"rendered":"https:\/\/seriea.digital\/blog1\/?p=1306"},"modified":"2016-09-14T14:06:44","modified_gmt":"2016-09-14T17:06:44","slug":"processo-criativo-da-marca-dos-450-anos-do-rio-de-janeiro","status":"publish","type":"post","link":"https:\/\/seriea.digital\/blog\/processo-criativo-da-marca-dos-450-anos-do-rio-de-janeiro\/","title":{"rendered":"Processo criativo da marca dos 450 anos do Rio de Janeiro"},"content":{"rendered":"<p>Confira o processo criativo para a cria\u00e7\u00e3o do logo de anivers\u00e1rio de 450 anos do Rio de Janeiro:<br \/>\n<!--more--><\/p>\n<p><a href=\"https:\/\/seriea.digital\/blog1\/wp-content\/uploads\/2015\/06\/450.jpg\"><img fetchpriority=\"high\" decoding=\"async\" class=\"alignnone size-full wp-image-1307\" src=\"https:\/\/seriea.digital\/blog1\/wp-content\/uploads\/2015\/06\/450.jpg\" alt=\"450\" width=\"800\" height=\"4400\" srcset=\"https:\/\/seriea.digital\/blog\/wp-content\/uploads\/2015\/06\/450.jpg 800w, https:\/\/seriea.digital\/blog\/wp-content\/uploads\/2015\/06\/450-186x1024.jpg 186w\" sizes=\"(max-width: 800px) 100vw, 800px\" \/><\/a><\/p>\n","protected":false},"excerpt":{"rendered":"<p>Confira o processo criativo para a cria\u00e7\u00e3o do logo de anivers\u00e1rio de 450 anos do Rio de Janeiro:<\/p>\n","protected":false},"author":8,"featured_media":0,"comment_status":"closed","ping_status":"closed","sticky":false,"template":"","format":"standard","meta":{"footnotes":""},"categories":[19],"tags":[],"class_list":["post-1306","post","type-post","status-publish","format-standard","hentry","category-design"],"yoast_head":"<!-- This site is optimized with the Yoast SEO plugin v26.5 - https:\/\/yoast.com\/wordpress\/plugins\/seo\/ -->\n<title>Processo criativo da marca dos 450 anos do Rio de Janeiro - SERI.E DESIGN, ag\u00eancia e-commerce<\/title>\n<meta name=\"robots\" content=\"index, follow, max-snippet:-1, max-image-preview:large, max-video-preview:-1\" \/>\n<link rel=\"canonical\" href=\"https:\/\/seriea.digital\/blog\/processo-criativo-da-marca-dos-450-anos-do-rio-de-janeiro\/\" \/>\n<meta property=\"og:locale\" content=\"pt_BR\" \/>\n<meta property=\"og:type\" content=\"article\" \/>\n<meta property=\"og:title\" content=\"Processo criativo da marca dos 450 anos do Rio de Janeiro - SERI.E DESIGN, ag\u00eancia e-commerce\" \/>\n<meta property=\"og:description\" content=\"Confira o processo criativo para a cria\u00e7\u00e3o do logo de anivers\u00e1rio de 450 anos do Rio de Janeiro:\" \/>\n<meta property=\"og:url\" content=\"https:\/\/seriea.digital\/blog\/processo-criativo-da-marca-dos-450-anos-do-rio-de-janeiro\/\" \/>\n<meta property=\"og:site_name\" content=\"SERI.E DESIGN, ag\u00eancia e-commerce\" \/>\n<meta property=\"article:publisher\" content=\"https:\/\/www.facebook.com\/SERIEDESIGN\" \/>\n<meta property=\"article:published_time\" content=\"2015-06-03T18:57:06+00:00\" \/>\n<meta property=\"article:modified_time\" content=\"2016-09-14T17:06:44+00:00\" \/>\n<meta property=\"og:image\" content=\"https:\/\/seriea.digital\/blog1\/wp-content\/uploads\/2015\/06\/450.jpg\" \/>\n<meta name=\"author\" content=\"SERI.E DESIGN\" \/>\n<meta name=\"twitter:label1\" content=\"Escrito por\" \/>\n\t<meta name=\"twitter:data1\" content=\"SERI.E DESIGN\" \/>\n<script type=\"application\/ld+json\" class=\"yoast-schema-graph\">{\"@context\":\"https:\/\/schema.org\",\"@graph\":[{\"@type\":\"WebPage\",\"@id\":\"https:\/\/seriea.digital\/blog\/processo-criativo-da-marca-dos-450-anos-do-rio-de-janeiro\/\",\"url\":\"https:\/\/seriea.digital\/blog\/processo-criativo-da-marca-dos-450-anos-do-rio-de-janeiro\/\",\"name\":\"Processo criativo da marca dos 450 anos do Rio de Janeiro - SERI.E DESIGN, ag\u00eancia e-commerce\",\"isPartOf\":{\"@id\":\"https:\/\/seriea.digital\/blog\/#website\"},\"primaryImageOfPage\":{\"@id\":\"https:\/\/seriea.digital\/blog\/processo-criativo-da-marca-dos-450-anos-do-rio-de-janeiro\/#primaryimage\"},\"image\":{\"@id\":\"https:\/\/seriea.digital\/blog\/processo-criativo-da-marca-dos-450-anos-do-rio-de-janeiro\/#primaryimage\"},\"thumbnailUrl\":\"https:\/\/seriea.digital\/blog1\/wp-content\/uploads\/2015\/06\/450.jpg\",\"datePublished\":\"2015-06-03T18:57:06+00:00\",\"dateModified\":\"2016-09-14T17:06:44+00:00\",\"author\":{\"@id\":\"https:\/\/seriea.digital\/blog\/#\/schema\/person\/e6b243027e8754686f5ab0fa3d065187\"},\"breadcrumb\":{\"@id\":\"https:\/\/seriea.digital\/blog\/processo-criativo-da-marca-dos-450-anos-do-rio-de-janeiro\/#breadcrumb\"},\"inLanguage\":\"pt-BR\",\"potentialAction\":[{\"@type\":\"ReadAction\",\"target\":[\"https:\/\/seriea.digital\/blog\/processo-criativo-da-marca-dos-450-anos-do-rio-de-janeiro\/\"]}]},{\"@type\":\"ImageObject\",\"inLanguage\":\"pt-BR\",\"@id\":\"https:\/\/seriea.digital\/blog\/processo-criativo-da-marca-dos-450-anos-do-rio-de-janeiro\/#primaryimage\",\"url\":\"https:\/\/seriea.digital\/blog1\/wp-content\/uploads\/2015\/06\/450.jpg\",\"contentUrl\":\"https:\/\/seriea.digital\/blog1\/wp-content\/uploads\/2015\/06\/450.jpg\"},{\"@type\":\"BreadcrumbList\",\"@id\":\"https:\/\/seriea.digital\/blog\/processo-criativo-da-marca-dos-450-anos-do-rio-de-janeiro\/#breadcrumb\",\"itemListElement\":[{\"@type\":\"ListItem\",\"position\":1,\"name\":\"In\u00edcio\",\"item\":\"https:\/\/seriea.digital\/blog\/\"},{\"@type\":\"ListItem\",\"position\":2,\"name\":\"Processo criativo da marca dos 450 anos do Rio de Janeiro\"}]},{\"@type\":\"WebSite\",\"@id\":\"https:\/\/seriea.digital\/blog\/#website\",\"url\":\"https:\/\/seriea.digital\/blog\/\",\"name\":\"SERI.E DESIGN\",\"description\":\"Ag\u00eancia digital especializada em e-commerce - Desenvolvimento de layout pra E-commerce, Tray Commerce,Wake, Vtex, Deco, Sites. Eleita a ag\u00eancia com melhor atendimento.\",\"potentialAction\":[{\"@type\":\"SearchAction\",\"target\":{\"@type\":\"EntryPoint\",\"urlTemplate\":\"https:\/\/seriea.digital\/blog\/?s={search_term_string}\"},\"query-input\":{\"@type\":\"PropertyValueSpecification\",\"valueRequired\":true,\"valueName\":\"search_term_string\"}}],\"inLanguage\":\"pt-BR\"},{\"@type\":\"Person\",\"@id\":\"https:\/\/seriea.digital\/blog\/#\/schema\/person\/e6b243027e8754686f5ab0fa3d065187\",\"name\":\"SERI.E DESIGN\",\"sameAs\":[\"https:\/\/seriea.digital\/blog\/\"],\"url\":\"https:\/\/seriea.digital\/blog\/author\/seri-e-design\/\"}]}<\/script>\n<!-- \/ Yoast SEO plugin. -->","yoast_head_json":{"title":"Processo criativo da marca dos 450 anos do Rio de Janeiro - SERI.E DESIGN, ag\u00eancia e-commerce","robots":{"index":"index","follow":"follow","max-snippet":"max-snippet:-1","max-image-preview":"max-image-preview:large","max-video-preview":"max-video-preview:-1"},"canonical":"https:\/\/seriea.digital\/blog\/processo-criativo-da-marca-dos-450-anos-do-rio-de-janeiro\/","og_locale":"pt_BR","og_type":"article","og_title":"Processo criativo da marca dos 450 anos do Rio de Janeiro - SERI.E DESIGN, ag\u00eancia e-commerce","og_description":"Confira o processo criativo para a cria\u00e7\u00e3o do logo de anivers\u00e1rio de 450 anos do Rio de Janeiro:","og_url":"https:\/\/seriea.digital\/blog\/processo-criativo-da-marca-dos-450-anos-do-rio-de-janeiro\/","og_site_name":"SERI.E DESIGN, ag\u00eancia e-commerce","article_publisher":"https:\/\/www.facebook.com\/SERIEDESIGN","article_published_time":"2015-06-03T18:57:06+00:00","article_modified_time":"2016-09-14T17:06:44+00:00","og_image":[{"url":"https:\/\/seriea.digital\/blog1\/wp-content\/uploads\/2015\/06\/450.jpg","type":"","width":"","height":""}],"author":"SERI.E DESIGN","twitter_misc":{"Escrito por":"SERI.E DESIGN"},"schema":{"@context":"https:\/\/schema.org","@graph":[{"@type":"WebPage","@id":"https:\/\/seriea.digital\/blog\/processo-criativo-da-marca-dos-450-anos-do-rio-de-janeiro\/","url":"https:\/\/seriea.digital\/blog\/processo-criativo-da-marca-dos-450-anos-do-rio-de-janeiro\/","name":"Processo criativo da marca dos 450 anos do Rio de Janeiro - SERI.E DESIGN, ag\u00eancia e-commerce","isPartOf":{"@id":"https:\/\/seriea.digital\/blog\/#website"},"primaryImageOfPage":{"@id":"https:\/\/seriea.digital\/blog\/processo-criativo-da-marca-dos-450-anos-do-rio-de-janeiro\/#primaryimage"},"image":{"@id":"https:\/\/seriea.digital\/blog\/processo-criativo-da-marca-dos-450-anos-do-rio-de-janeiro\/#primaryimage"},"thumbnailUrl":"https:\/\/seriea.digital\/blog1\/wp-content\/uploads\/2015\/06\/450.jpg","datePublished":"2015-06-03T18:57:06+00:00","dateModified":"2016-09-14T17:06:44+00:00","author":{"@id":"https:\/\/seriea.digital\/blog\/#\/schema\/person\/e6b243027e8754686f5ab0fa3d065187"},"breadcrumb":{"@id":"https:\/\/seriea.digital\/blog\/processo-criativo-da-marca-dos-450-anos-do-rio-de-janeiro\/#breadcrumb"},"inLanguage":"pt-BR","potentialAction":[{"@type":"ReadAction","target":["https:\/\/seriea.digital\/blog\/processo-criativo-da-marca-dos-450-anos-do-rio-de-janeiro\/"]}]},{"@type":"ImageObject","inLanguage":"pt-BR","@id":"https:\/\/seriea.digital\/blog\/processo-criativo-da-marca-dos-450-anos-do-rio-de-janeiro\/#primaryimage","url":"https:\/\/seriea.digital\/blog1\/wp-content\/uploads\/2015\/06\/450.jpg","contentUrl":"https:\/\/seriea.digital\/blog1\/wp-content\/uploads\/2015\/06\/450.jpg"},{"@type":"BreadcrumbList","@id":"https:\/\/seriea.digital\/blog\/processo-criativo-da-marca-dos-450-anos-do-rio-de-janeiro\/#breadcrumb","itemListElement":[{"@type":"ListItem","position":1,"name":"In\u00edcio","item":"https:\/\/seriea.digital\/blog\/"},{"@type":"ListItem","position":2,"name":"Processo criativo da marca dos 450 anos do Rio de Janeiro"}]},{"@type":"WebSite","@id":"https:\/\/seriea.digital\/blog\/#website","url":"https:\/\/seriea.digital\/blog\/","name":"SERI.E DESIGN","description":"Ag\u00eancia digital especializada em e-commerce - Desenvolvimento de layout pra E-commerce, Tray Commerce,Wake, Vtex, Deco, Sites. Eleita a ag\u00eancia com melhor atendimento.","potentialAction":[{"@type":"SearchAction","target":{"@type":"EntryPoint","urlTemplate":"https:\/\/seriea.digital\/blog\/?s={search_term_string}"},"query-input":{"@type":"PropertyValueSpecification","valueRequired":true,"valueName":"search_term_string"}}],"inLanguage":"pt-BR"},{"@type":"Person","@id":"https:\/\/seriea.digital\/blog\/#\/schema\/person\/e6b243027e8754686f5ab0fa3d065187","name":"SERI.E DESIGN","sameAs":["https:\/\/seriea.digital\/blog\/"],"url":"https:\/\/seriea.digital\/blog\/author\/seri-e-design\/"}]}},"_links":{"self":[{"href":"https:\/\/seriea.digital\/blog\/wp-json\/wp\/v2\/posts\/1306","targetHints":{"allow":["GET"]}}],"collection":[{"href":"https:\/\/seriea.digital\/blog\/wp-json\/wp\/v2\/posts"}],"about":[{"href":"https:\/\/seriea.digital\/blog\/wp-json\/wp\/v2\/types\/post"}],"author":[{"embeddable":true,"href":"https:\/\/seriea.digital\/blog\/wp-json\/wp\/v2\/users\/8"}],"replies":[{"embeddable":true,"href":"https:\/\/seriea.digital\/blog\/wp-json\/wp\/v2\/comments?post=1306"}],"version-history":[{"count":4,"href":"https:\/\/seriea.digital\/blog\/wp-json\/wp\/v2\/posts\/1306\/revisions"}],"predecessor-version":[{"id":2085,"href":"https:\/\/seriea.digital\/blog\/wp-json\/wp\/v2\/posts\/1306\/revisions\/2085"}],"wp:attachment":[{"href":"https:\/\/seriea.digital\/blog\/wp-json\/wp\/v2\/media?parent=1306"}],"wp:term":[{"taxonomy":"category","embeddable":true,"href":"https:\/\/seriea.digital\/blog\/wp-json\/wp\/v2\/categories?post=1306"},{"taxonomy":"post_tag","embeddable":true,"href":"https:\/\/seriea.digital\/blog\/wp-json\/wp\/v2\/tags?post=1306"}],"curies":[{"name":"wp","href":"https:\/\/api.w.org\/{rel}","templated":true}]}}