{"id":1463,"date":"2015-09-02T13:50:11","date_gmt":"2015-09-02T16:50:11","guid":{"rendered":"https:\/\/seriea.digital\/blog1\/?p=1463"},"modified":"2016-09-14T13:59:30","modified_gmt":"2016-09-14T16:59:30","slug":"prepare-se-para-a-black-friday","status":"publish","type":"post","link":"https:\/\/seriea.digital\/blog\/prepare-se-para-a-black-friday\/","title":{"rendered":"Prepare-se para a Black Friday"},"content":{"rendered":"<p><a href=\"https:\/\/seriea.digital\/blog1\/wp-content\/uploads\/2015\/09\/dicas-black-friday.jpg\"><img fetchpriority=\"high\" decoding=\"async\" class=\"alignnone size-full wp-image-1464\" src=\"https:\/\/seriea.digital\/blog1\/wp-content\/uploads\/2015\/09\/dicas-black-friday.jpg\" alt=\"dicas-black-friday\" width=\"3120\" height=\"2340\" srcset=\"https:\/\/seriea.digital\/blog\/wp-content\/uploads\/2015\/09\/dicas-black-friday.jpg 3120w, https:\/\/seriea.digital\/blog\/wp-content\/uploads\/2015\/09\/dicas-black-friday-300x225.jpg 300w, https:\/\/seriea.digital\/blog\/wp-content\/uploads\/2015\/09\/dicas-black-friday-1024x768.jpg 1024w\" sizes=\"(max-width: 3120px) 100vw, 3120px\" \/><\/a><\/p>\n<p>Imagine acordar sabendo que naquele dia seu e-commerce pode quadriplicar o volume de vendas? Esse dia, na verdade, n\u00e3o est\u00e1 apenas no plano imagin\u00e1rio \u2013 ele pode acontecer em uma sexta-feira muito especial para o varejo online, a Black Friday, que neste ano ocorrer\u00e1 em 27 de novembro. Contudo, o dia mais importante do ano para o setor exige que o varejista esteja preparado para aguentar milh\u00f5es de consumidores em busca das melhores promo\u00e7\u00f5es.<br \/>\n<!--more--><\/p>\n<p>As \u00faltimas edi\u00e7\u00f5es da Black Friday registram que as lojas virtuais brasileiras recebem, em m\u00e9dia, 20 vezes a mais visitas nas 24 horas de promo\u00e7\u00f5es, o que, obviamente, eleva as vendas. Muitos varejistas, de todos os portes, fazem da data o seu 13\u00ba m\u00eas de vendas. Sim, \u00e9 poss\u00edvel vender em apenas um dia o equivalente ao que se vende em um m\u00eas \u2013 e um m\u00eas bastante positivo.<\/p>\n<p>Isso porque a \u201csexta-feira negra\u201d j\u00e1 caiu nas gra\u00e7as do consumidor brasileiro. De acordo com dados da ClearSale, o evento movimentou R$ 871.986.167 na edi\u00e7\u00e3o do ano passado, crescendo 48% em rela\u00e7\u00e3o ao ano anterior. Para 2015, as expectativas s\u00e3o bastante positivas, mesmo com a economia em crise. Segundo levantamento da ClearSale, 96% das pessoas que aproveitaram os descontos da Black Friday pretendem comprar na data novamente neste ano.<\/p>\n<p>O e-commerce brasileiro trabalha com a previs\u00e3o de que as lojas virtuais recebam altos picos de acesso ao longo da Black Friday. Uma loja que recebe, em m\u00e9dia, 200 visitas simult\u00e2neas pode chegar a receber 4000 acessos ao mesmo tempo. N\u00e3o \u00e9 dif\u00edcil concluir, assim, que n\u00e3o basta existir no varejo online para lucrar na Black Friday. \u00c9 preciso estar preparado para a data.<\/p>\n<p>Como? Estruturando todas as etapas da opera\u00e7\u00e3o de e-commerce. O primeiro (e mais importante) passo \u00e9 contar com uma plataforma que garanta estabilidade diante do alto volume de acessos simult\u00e2neos. Isto \u00e9, ela deve apresentar \u00f3tima performance, com alta velocidade de carregamento das p\u00e1ginas \u2013 para que o cliente n\u00e3o fique esperando eternos 15 segundos at\u00e9 que a p\u00e1gina apare\u00e7a. Al\u00e9m disso, a ferramenta deve possuir facilidade no encontro de produtos, atratividade, navegabilidade simples e amig\u00e1vel e outros fatores que estimulem ainda mais a venda.<\/p>\n<p>O varejista precisa tamb\u00e9m ter a certeza de que seu estoque ser\u00e1 suficiente para o volume de pedidos estimado. Os produtos anunciados precisam estar dispon\u00edveis para compra quando o cliente acessar a loja; caso n\u00e3o esteja, a marca logo cai no esquecimento e o usu\u00e1rio parte para o concorrente sem d\u00f3. Outro fator importante est\u00e1 relacionado \u00e0 entrega. O aumento das vendas n\u00e3o pode prejudicar o recebimento da compra, prolongando a data. Em todos os dias do ano, o varejo online precisa trabalhar para entregar os pedidos no menor tempo poss\u00edvel, imprimindo no mercado mais uma vantagem.<\/p>\n<p>\u00c9 poss\u00edvel fazer do Black Friday uma excelente oportunidade de vendas e de lucratividade, mas o sucesso de cada lojista depende de planejamento. E o preparo come\u00e7a j\u00e1, agora, neste instante. Quem n\u00e3o se prepara com anteced\u00eancia para o Black Friday n\u00e3o consegue sentir todos os benef\u00edcios da data. Por isso, prepara-se para que o dia 27 de novembro seja black apenas no nome.<\/p>\n<p>Fonte: ecommercenews.com.br<\/p>\n","protected":false},"excerpt":{"rendered":"<p>Imagine acordar sabendo que naquele dia seu e-commerce pode quadriplicar o volume de vendas? Esse dia, na verdade, n\u00e3o est\u00e1 apenas no plano imagin\u00e1rio \u2013 ele pode acontecer em uma sexta-feira muito especial para o varejo online, a Black Friday, que neste ano ocorrer\u00e1 em 27 de novembro. Contudo, o dia mais importante do ano [&hellip;]<\/p>\n","protected":false},"author":8,"featured_media":0,"comment_status":"closed","ping_status":"closed","sticky":false,"template":"","format":"standard","meta":{"footnotes":""},"categories":[25,29],"tags":[],"class_list":["post-1463","post","type-post","status-publish","format-standard","hentry","category-ecommerce","category-marketing"],"yoast_head":"<!-- This site is optimized with the Yoast SEO plugin v26.5 - https:\/\/yoast.com\/wordpress\/plugins\/seo\/ -->\n<title>Prepare-se para a Black Friday - SERI.E DESIGN, ag\u00eancia e-commerce<\/title>\n<meta name=\"robots\" content=\"index, follow, max-snippet:-1, max-image-preview:large, max-video-preview:-1\" \/>\n<link rel=\"canonical\" href=\"https:\/\/seriea.digital\/blog\/prepare-se-para-a-black-friday\/\" \/>\n<meta property=\"og:locale\" content=\"pt_BR\" \/>\n<meta property=\"og:type\" content=\"article\" \/>\n<meta property=\"og:title\" content=\"Prepare-se para a Black Friday - SERI.E DESIGN, ag\u00eancia e-commerce\" \/>\n<meta property=\"og:description\" content=\"Imagine acordar sabendo que naquele dia seu e-commerce pode quadriplicar o volume de vendas? Esse dia, na verdade, n\u00e3o est\u00e1 apenas no plano imagin\u00e1rio \u2013 ele pode acontecer em uma sexta-feira muito especial para o varejo online, a Black Friday, que neste ano ocorrer\u00e1 em 27 de novembro. Contudo, o dia mais importante do ano [&hellip;]\" \/>\n<meta property=\"og:url\" content=\"https:\/\/seriea.digital\/blog\/prepare-se-para-a-black-friday\/\" \/>\n<meta property=\"og:site_name\" content=\"SERI.E DESIGN, ag\u00eancia e-commerce\" \/>\n<meta property=\"article:publisher\" content=\"https:\/\/www.facebook.com\/SERIEDESIGN\" \/>\n<meta property=\"article:published_time\" content=\"2015-09-02T16:50:11+00:00\" \/>\n<meta property=\"article:modified_time\" content=\"2016-09-14T16:59:30+00:00\" \/>\n<meta property=\"og:image\" content=\"https:\/\/seriea.digital\/blog1\/wp-content\/uploads\/2015\/09\/dicas-black-friday.jpg\" \/>\n<meta name=\"author\" content=\"SERI.E DESIGN\" \/>\n<meta name=\"twitter:label1\" content=\"Escrito por\" \/>\n\t<meta name=\"twitter:data1\" content=\"SERI.E DESIGN\" \/>\n\t<meta name=\"twitter:label2\" content=\"Est. tempo de leitura\" \/>\n\t<meta name=\"twitter:data2\" content=\"3 minutos\" \/>\n<script type=\"application\/ld+json\" class=\"yoast-schema-graph\">{\"@context\":\"https:\/\/schema.org\",\"@graph\":[{\"@type\":\"WebPage\",\"@id\":\"https:\/\/seriea.digital\/blog\/prepare-se-para-a-black-friday\/\",\"url\":\"https:\/\/seriea.digital\/blog\/prepare-se-para-a-black-friday\/\",\"name\":\"Prepare-se para a Black Friday - SERI.E DESIGN, ag\u00eancia e-commerce\",\"isPartOf\":{\"@id\":\"https:\/\/seriea.digital\/blog\/#website\"},\"primaryImageOfPage\":{\"@id\":\"https:\/\/seriea.digital\/blog\/prepare-se-para-a-black-friday\/#primaryimage\"},\"image\":{\"@id\":\"https:\/\/seriea.digital\/blog\/prepare-se-para-a-black-friday\/#primaryimage\"},\"thumbnailUrl\":\"https:\/\/seriea.digital\/blog1\/wp-content\/uploads\/2015\/09\/dicas-black-friday.jpg\",\"datePublished\":\"2015-09-02T16:50:11+00:00\",\"dateModified\":\"2016-09-14T16:59:30+00:00\",\"author\":{\"@id\":\"https:\/\/seriea.digital\/blog\/#\/schema\/person\/e6b243027e8754686f5ab0fa3d065187\"},\"breadcrumb\":{\"@id\":\"https:\/\/seriea.digital\/blog\/prepare-se-para-a-black-friday\/#breadcrumb\"},\"inLanguage\":\"pt-BR\",\"potentialAction\":[{\"@type\":\"ReadAction\",\"target\":[\"https:\/\/seriea.digital\/blog\/prepare-se-para-a-black-friday\/\"]}]},{\"@type\":\"ImageObject\",\"inLanguage\":\"pt-BR\",\"@id\":\"https:\/\/seriea.digital\/blog\/prepare-se-para-a-black-friday\/#primaryimage\",\"url\":\"https:\/\/seriea.digital\/blog1\/wp-content\/uploads\/2015\/09\/dicas-black-friday.jpg\",\"contentUrl\":\"https:\/\/seriea.digital\/blog1\/wp-content\/uploads\/2015\/09\/dicas-black-friday.jpg\"},{\"@type\":\"BreadcrumbList\",\"@id\":\"https:\/\/seriea.digital\/blog\/prepare-se-para-a-black-friday\/#breadcrumb\",\"itemListElement\":[{\"@type\":\"ListItem\",\"position\":1,\"name\":\"In\u00edcio\",\"item\":\"https:\/\/seriea.digital\/blog\/\"},{\"@type\":\"ListItem\",\"position\":2,\"name\":\"Prepare-se para a Black Friday\"}]},{\"@type\":\"WebSite\",\"@id\":\"https:\/\/seriea.digital\/blog\/#website\",\"url\":\"https:\/\/seriea.digital\/blog\/\",\"name\":\"SERI.E DESIGN\",\"description\":\"Ag\u00eancia digital especializada em e-commerce - Desenvolvimento de layout pra E-commerce, Tray Commerce,Wake, Vtex, Deco, Sites. Eleita a ag\u00eancia com melhor atendimento.\",\"potentialAction\":[{\"@type\":\"SearchAction\",\"target\":{\"@type\":\"EntryPoint\",\"urlTemplate\":\"https:\/\/seriea.digital\/blog\/?s={search_term_string}\"},\"query-input\":{\"@type\":\"PropertyValueSpecification\",\"valueRequired\":true,\"valueName\":\"search_term_string\"}}],\"inLanguage\":\"pt-BR\"},{\"@type\":\"Person\",\"@id\":\"https:\/\/seriea.digital\/blog\/#\/schema\/person\/e6b243027e8754686f5ab0fa3d065187\",\"name\":\"SERI.E DESIGN\",\"sameAs\":[\"https:\/\/seriea.digital\/blog\/\"],\"url\":\"https:\/\/seriea.digital\/blog\/author\/seri-e-design\/\"}]}<\/script>\n<!-- \/ Yoast SEO plugin. -->","yoast_head_json":{"title":"Prepare-se para a Black Friday - SERI.E DESIGN, ag\u00eancia e-commerce","robots":{"index":"index","follow":"follow","max-snippet":"max-snippet:-1","max-image-preview":"max-image-preview:large","max-video-preview":"max-video-preview:-1"},"canonical":"https:\/\/seriea.digital\/blog\/prepare-se-para-a-black-friday\/","og_locale":"pt_BR","og_type":"article","og_title":"Prepare-se para a Black Friday - SERI.E DESIGN, ag\u00eancia e-commerce","og_description":"Imagine acordar sabendo que naquele dia seu e-commerce pode quadriplicar o volume de vendas? Esse dia, na verdade, n\u00e3o est\u00e1 apenas no plano imagin\u00e1rio \u2013 ele pode acontecer em uma sexta-feira muito especial para o varejo online, a Black Friday, que neste ano ocorrer\u00e1 em 27 de novembro. Contudo, o dia mais importante do ano [&hellip;]","og_url":"https:\/\/seriea.digital\/blog\/prepare-se-para-a-black-friday\/","og_site_name":"SERI.E DESIGN, ag\u00eancia e-commerce","article_publisher":"https:\/\/www.facebook.com\/SERIEDESIGN","article_published_time":"2015-09-02T16:50:11+00:00","article_modified_time":"2016-09-14T16:59:30+00:00","og_image":[{"url":"https:\/\/seriea.digital\/blog1\/wp-content\/uploads\/2015\/09\/dicas-black-friday.jpg","type":"","width":"","height":""}],"author":"SERI.E DESIGN","twitter_misc":{"Escrito por":"SERI.E DESIGN","Est. tempo de leitura":"3 minutos"},"schema":{"@context":"https:\/\/schema.org","@graph":[{"@type":"WebPage","@id":"https:\/\/seriea.digital\/blog\/prepare-se-para-a-black-friday\/","url":"https:\/\/seriea.digital\/blog\/prepare-se-para-a-black-friday\/","name":"Prepare-se para a Black Friday - SERI.E DESIGN, ag\u00eancia e-commerce","isPartOf":{"@id":"https:\/\/seriea.digital\/blog\/#website"},"primaryImageOfPage":{"@id":"https:\/\/seriea.digital\/blog\/prepare-se-para-a-black-friday\/#primaryimage"},"image":{"@id":"https:\/\/seriea.digital\/blog\/prepare-se-para-a-black-friday\/#primaryimage"},"thumbnailUrl":"https:\/\/seriea.digital\/blog1\/wp-content\/uploads\/2015\/09\/dicas-black-friday.jpg","datePublished":"2015-09-02T16:50:11+00:00","dateModified":"2016-09-14T16:59:30+00:00","author":{"@id":"https:\/\/seriea.digital\/blog\/#\/schema\/person\/e6b243027e8754686f5ab0fa3d065187"},"breadcrumb":{"@id":"https:\/\/seriea.digital\/blog\/prepare-se-para-a-black-friday\/#breadcrumb"},"inLanguage":"pt-BR","potentialAction":[{"@type":"ReadAction","target":["https:\/\/seriea.digital\/blog\/prepare-se-para-a-black-friday\/"]}]},{"@type":"ImageObject","inLanguage":"pt-BR","@id":"https:\/\/seriea.digital\/blog\/prepare-se-para-a-black-friday\/#primaryimage","url":"https:\/\/seriea.digital\/blog1\/wp-content\/uploads\/2015\/09\/dicas-black-friday.jpg","contentUrl":"https:\/\/seriea.digital\/blog1\/wp-content\/uploads\/2015\/09\/dicas-black-friday.jpg"},{"@type":"BreadcrumbList","@id":"https:\/\/seriea.digital\/blog\/prepare-se-para-a-black-friday\/#breadcrumb","itemListElement":[{"@type":"ListItem","position":1,"name":"In\u00edcio","item":"https:\/\/seriea.digital\/blog\/"},{"@type":"ListItem","position":2,"name":"Prepare-se para a Black Friday"}]},{"@type":"WebSite","@id":"https:\/\/seriea.digital\/blog\/#website","url":"https:\/\/seriea.digital\/blog\/","name":"SERI.E DESIGN","description":"Ag\u00eancia digital especializada em e-commerce - Desenvolvimento de layout pra E-commerce, Tray Commerce,Wake, Vtex, Deco, Sites. Eleita a ag\u00eancia com melhor atendimento.","potentialAction":[{"@type":"SearchAction","target":{"@type":"EntryPoint","urlTemplate":"https:\/\/seriea.digital\/blog\/?s={search_term_string}"},"query-input":{"@type":"PropertyValueSpecification","valueRequired":true,"valueName":"search_term_string"}}],"inLanguage":"pt-BR"},{"@type":"Person","@id":"https:\/\/seriea.digital\/blog\/#\/schema\/person\/e6b243027e8754686f5ab0fa3d065187","name":"SERI.E DESIGN","sameAs":["https:\/\/seriea.digital\/blog\/"],"url":"https:\/\/seriea.digital\/blog\/author\/seri-e-design\/"}]}},"_links":{"self":[{"href":"https:\/\/seriea.digital\/blog\/wp-json\/wp\/v2\/posts\/1463","targetHints":{"allow":["GET"]}}],"collection":[{"href":"https:\/\/seriea.digital\/blog\/wp-json\/wp\/v2\/posts"}],"about":[{"href":"https:\/\/seriea.digital\/blog\/wp-json\/wp\/v2\/types\/post"}],"author":[{"embeddable":true,"href":"https:\/\/seriea.digital\/blog\/wp-json\/wp\/v2\/users\/8"}],"replies":[{"embeddable":true,"href":"https:\/\/seriea.digital\/blog\/wp-json\/wp\/v2\/comments?post=1463"}],"version-history":[{"count":2,"href":"https:\/\/seriea.digital\/blog\/wp-json\/wp\/v2\/posts\/1463\/revisions"}],"predecessor-version":[{"id":2065,"href":"https:\/\/seriea.digital\/blog\/wp-json\/wp\/v2\/posts\/1463\/revisions\/2065"}],"wp:attachment":[{"href":"https:\/\/seriea.digital\/blog\/wp-json\/wp\/v2\/media?parent=1463"}],"wp:term":[{"taxonomy":"category","embeddable":true,"href":"https:\/\/seriea.digital\/blog\/wp-json\/wp\/v2\/categories?post=1463"},{"taxonomy":"post_tag","embeddable":true,"href":"https:\/\/seriea.digital\/blog\/wp-json\/wp\/v2\/tags?post=1463"}],"curies":[{"name":"wp","href":"https:\/\/api.w.org\/{rel}","templated":true}]}}