{"id":1480,"date":"2015-09-18T14:07:52","date_gmt":"2015-09-18T17:07:52","guid":{"rendered":"https:\/\/seriea.digital\/blog1\/?p=1480"},"modified":"2016-09-14T13:59:07","modified_gmt":"2016-09-14T16:59:07","slug":"tamanho-de-imagens-nas-midias-sociais-2015","status":"publish","type":"post","link":"https:\/\/seriea.digital\/blog\/tamanho-de-imagens-nas-midias-sociais-2015\/","title":{"rendered":"Tamanho de Imagens Nas M\u00eddias Sociais 2015"},"content":{"rendered":"<p>Hoje em dia para se \u00a0construir\u00a0uma forte presen\u00e7a das marcas nas m\u00eddias sociais, \u00e9 importante utilizar imagens impactantes que passem ao p\u00fablico sua mensagem. Al\u00e9m da quest\u00e3o est\u00e9tica e estrat\u00e9gia, \u00e9 preciso\u00a0ter aten\u00e7\u00e3o aos tamanhos para que tudo fique alinhado. Este infografico visa auxiliar os profissionais que trabalham com m\u00eddias sociais e \u00e9 um \u00f3timo guia para que seu trabalho fique alinhado e perfeito! Confira:<\/p>\n<p>&nbsp;<!--more--><\/p>\n<p><a href=\"https:\/\/seriea.digital\/blog1\/wp-content\/uploads\/2015\/09\/guia-de-imagens-redes-sociais1.jpg\"><img fetchpriority=\"high\" decoding=\"async\" class=\"alignnone size-full wp-image-1481\" src=\"https:\/\/seriea.digital\/blog1\/wp-content\/uploads\/2015\/09\/guia-de-imagens-redes-sociais1.jpg\" alt=\"guia-de-imagens-redes-sociais1\" width=\"1000\" height=\"7468\" srcset=\"https:\/\/seriea.digital\/blog\/wp-content\/uploads\/2015\/09\/guia-de-imagens-redes-sociais1.jpg 1000w, https:\/\/seriea.digital\/blog\/wp-content\/uploads\/2015\/09\/guia-de-imagens-redes-sociais1-40x300.jpg 40w, https:\/\/seriea.digital\/blog\/wp-content\/uploads\/2015\/09\/guia-de-imagens-redes-sociais1-137x1024.jpg 137w\" sizes=\"(max-width: 1000px) 100vw, 1000px\" \/><\/a><\/p>\n<p>&nbsp;<\/p>\n<p>&nbsp;<\/p>\n","protected":false},"excerpt":{"rendered":"<p>Hoje em dia para se \u00a0construir\u00a0uma forte presen\u00e7a das marcas nas m\u00eddias sociais, \u00e9 importante utilizar imagens impactantes que passem ao p\u00fablico sua mensagem. Al\u00e9m da quest\u00e3o est\u00e9tica e estrat\u00e9gia, \u00e9 preciso\u00a0ter aten\u00e7\u00e3o aos tamanhos para que tudo fique alinhado. Este infografico visa auxiliar os profissionais que trabalham com m\u00eddias sociais e \u00e9 um \u00f3timo [&hellip;]<\/p>\n","protected":false},"author":8,"featured_media":0,"comment_status":"closed","ping_status":"closed","sticky":false,"template":"","format":"standard","meta":{"footnotes":""},"categories":[19,21],"tags":[],"class_list":["post-1480","post","type-post","status-publish","format-standard","hentry","category-design","category-midias-sociais"],"yoast_head":"<!-- This site is optimized with the Yoast SEO plugin v26.5 - https:\/\/yoast.com\/wordpress\/plugins\/seo\/ -->\n<title>Tamanho de Imagens Nas M\u00eddias Sociais 2015 - SERI.E DESIGN, ag\u00eancia e-commerce<\/title>\n<meta name=\"robots\" content=\"index, follow, max-snippet:-1, max-image-preview:large, max-video-preview:-1\" \/>\n<link rel=\"canonical\" href=\"https:\/\/seriea.digital\/blog\/tamanho-de-imagens-nas-midias-sociais-2015\/\" \/>\n<meta property=\"og:locale\" content=\"pt_BR\" \/>\n<meta property=\"og:type\" content=\"article\" \/>\n<meta property=\"og:title\" content=\"Tamanho de Imagens Nas M\u00eddias Sociais 2015 - SERI.E DESIGN, ag\u00eancia e-commerce\" \/>\n<meta property=\"og:description\" content=\"Hoje em dia para se \u00a0construir\u00a0uma forte presen\u00e7a das marcas nas m\u00eddias sociais, \u00e9 importante utilizar imagens impactantes que passem ao p\u00fablico sua mensagem. Al\u00e9m da quest\u00e3o est\u00e9tica e estrat\u00e9gia, \u00e9 preciso\u00a0ter aten\u00e7\u00e3o aos tamanhos para que tudo fique alinhado. Este infografico visa auxiliar os profissionais que trabalham com m\u00eddias sociais e \u00e9 um \u00f3timo [&hellip;]\" \/>\n<meta property=\"og:url\" content=\"https:\/\/seriea.digital\/blog\/tamanho-de-imagens-nas-midias-sociais-2015\/\" \/>\n<meta property=\"og:site_name\" content=\"SERI.E DESIGN, ag\u00eancia e-commerce\" \/>\n<meta property=\"article:publisher\" content=\"https:\/\/www.facebook.com\/SERIEDESIGN\" \/>\n<meta property=\"article:published_time\" content=\"2015-09-18T17:07:52+00:00\" \/>\n<meta property=\"article:modified_time\" content=\"2016-09-14T16:59:07+00:00\" \/>\n<meta property=\"og:image\" content=\"https:\/\/seriea.digital\/blog1\/wp-content\/uploads\/2015\/09\/guia-de-imagens-redes-sociais1.jpg\" \/>\n<meta name=\"author\" content=\"SERI.E DESIGN\" \/>\n<meta name=\"twitter:label1\" content=\"Escrito por\" \/>\n\t<meta name=\"twitter:data1\" content=\"SERI.E DESIGN\" \/>\n<script type=\"application\/ld+json\" class=\"yoast-schema-graph\">{\"@context\":\"https:\/\/schema.org\",\"@graph\":[{\"@type\":\"WebPage\",\"@id\":\"https:\/\/seriea.digital\/blog\/tamanho-de-imagens-nas-midias-sociais-2015\/\",\"url\":\"https:\/\/seriea.digital\/blog\/tamanho-de-imagens-nas-midias-sociais-2015\/\",\"name\":\"Tamanho de Imagens Nas M\u00eddias Sociais 2015 - SERI.E DESIGN, ag\u00eancia e-commerce\",\"isPartOf\":{\"@id\":\"https:\/\/seriea.digital\/blog\/#website\"},\"primaryImageOfPage\":{\"@id\":\"https:\/\/seriea.digital\/blog\/tamanho-de-imagens-nas-midias-sociais-2015\/#primaryimage\"},\"image\":{\"@id\":\"https:\/\/seriea.digital\/blog\/tamanho-de-imagens-nas-midias-sociais-2015\/#primaryimage\"},\"thumbnailUrl\":\"https:\/\/seriea.digital\/blog1\/wp-content\/uploads\/2015\/09\/guia-de-imagens-redes-sociais1.jpg\",\"datePublished\":\"2015-09-18T17:07:52+00:00\",\"dateModified\":\"2016-09-14T16:59:07+00:00\",\"author\":{\"@id\":\"https:\/\/seriea.digital\/blog\/#\/schema\/person\/e6b243027e8754686f5ab0fa3d065187\"},\"breadcrumb\":{\"@id\":\"https:\/\/seriea.digital\/blog\/tamanho-de-imagens-nas-midias-sociais-2015\/#breadcrumb\"},\"inLanguage\":\"pt-BR\",\"potentialAction\":[{\"@type\":\"ReadAction\",\"target\":[\"https:\/\/seriea.digital\/blog\/tamanho-de-imagens-nas-midias-sociais-2015\/\"]}]},{\"@type\":\"ImageObject\",\"inLanguage\":\"pt-BR\",\"@id\":\"https:\/\/seriea.digital\/blog\/tamanho-de-imagens-nas-midias-sociais-2015\/#primaryimage\",\"url\":\"https:\/\/seriea.digital\/blog1\/wp-content\/uploads\/2015\/09\/guia-de-imagens-redes-sociais1.jpg\",\"contentUrl\":\"https:\/\/seriea.digital\/blog1\/wp-content\/uploads\/2015\/09\/guia-de-imagens-redes-sociais1.jpg\"},{\"@type\":\"BreadcrumbList\",\"@id\":\"https:\/\/seriea.digital\/blog\/tamanho-de-imagens-nas-midias-sociais-2015\/#breadcrumb\",\"itemListElement\":[{\"@type\":\"ListItem\",\"position\":1,\"name\":\"In\u00edcio\",\"item\":\"https:\/\/seriea.digital\/blog\/\"},{\"@type\":\"ListItem\",\"position\":2,\"name\":\"Tamanho de Imagens Nas M\u00eddias Sociais 2015\"}]},{\"@type\":\"WebSite\",\"@id\":\"https:\/\/seriea.digital\/blog\/#website\",\"url\":\"https:\/\/seriea.digital\/blog\/\",\"name\":\"SERI.E DESIGN\",\"description\":\"Ag\u00eancia digital especializada em e-commerce - Desenvolvimento de layout pra E-commerce, Tray Commerce,Wake, Vtex, Deco, Sites. Eleita a ag\u00eancia com melhor atendimento.\",\"potentialAction\":[{\"@type\":\"SearchAction\",\"target\":{\"@type\":\"EntryPoint\",\"urlTemplate\":\"https:\/\/seriea.digital\/blog\/?s={search_term_string}\"},\"query-input\":{\"@type\":\"PropertyValueSpecification\",\"valueRequired\":true,\"valueName\":\"search_term_string\"}}],\"inLanguage\":\"pt-BR\"},{\"@type\":\"Person\",\"@id\":\"https:\/\/seriea.digital\/blog\/#\/schema\/person\/e6b243027e8754686f5ab0fa3d065187\",\"name\":\"SERI.E DESIGN\",\"sameAs\":[\"https:\/\/seriea.digital\/blog\/\"],\"url\":\"https:\/\/seriea.digital\/blog\/author\/seri-e-design\/\"}]}<\/script>\n<!-- \/ Yoast SEO plugin. -->","yoast_head_json":{"title":"Tamanho de Imagens Nas M\u00eddias Sociais 2015 - SERI.E DESIGN, ag\u00eancia e-commerce","robots":{"index":"index","follow":"follow","max-snippet":"max-snippet:-1","max-image-preview":"max-image-preview:large","max-video-preview":"max-video-preview:-1"},"canonical":"https:\/\/seriea.digital\/blog\/tamanho-de-imagens-nas-midias-sociais-2015\/","og_locale":"pt_BR","og_type":"article","og_title":"Tamanho de Imagens Nas M\u00eddias Sociais 2015 - SERI.E DESIGN, ag\u00eancia e-commerce","og_description":"Hoje em dia para se \u00a0construir\u00a0uma forte presen\u00e7a das marcas nas m\u00eddias sociais, \u00e9 importante utilizar imagens impactantes que passem ao p\u00fablico sua mensagem. Al\u00e9m da quest\u00e3o est\u00e9tica e estrat\u00e9gia, \u00e9 preciso\u00a0ter aten\u00e7\u00e3o aos tamanhos para que tudo fique alinhado. Este infografico visa auxiliar os profissionais que trabalham com m\u00eddias sociais e \u00e9 um \u00f3timo [&hellip;]","og_url":"https:\/\/seriea.digital\/blog\/tamanho-de-imagens-nas-midias-sociais-2015\/","og_site_name":"SERI.E DESIGN, ag\u00eancia e-commerce","article_publisher":"https:\/\/www.facebook.com\/SERIEDESIGN","article_published_time":"2015-09-18T17:07:52+00:00","article_modified_time":"2016-09-14T16:59:07+00:00","og_image":[{"url":"https:\/\/seriea.digital\/blog1\/wp-content\/uploads\/2015\/09\/guia-de-imagens-redes-sociais1.jpg","type":"","width":"","height":""}],"author":"SERI.E DESIGN","twitter_misc":{"Escrito por":"SERI.E DESIGN"},"schema":{"@context":"https:\/\/schema.org","@graph":[{"@type":"WebPage","@id":"https:\/\/seriea.digital\/blog\/tamanho-de-imagens-nas-midias-sociais-2015\/","url":"https:\/\/seriea.digital\/blog\/tamanho-de-imagens-nas-midias-sociais-2015\/","name":"Tamanho de Imagens Nas M\u00eddias Sociais 2015 - SERI.E DESIGN, ag\u00eancia e-commerce","isPartOf":{"@id":"https:\/\/seriea.digital\/blog\/#website"},"primaryImageOfPage":{"@id":"https:\/\/seriea.digital\/blog\/tamanho-de-imagens-nas-midias-sociais-2015\/#primaryimage"},"image":{"@id":"https:\/\/seriea.digital\/blog\/tamanho-de-imagens-nas-midias-sociais-2015\/#primaryimage"},"thumbnailUrl":"https:\/\/seriea.digital\/blog1\/wp-content\/uploads\/2015\/09\/guia-de-imagens-redes-sociais1.jpg","datePublished":"2015-09-18T17:07:52+00:00","dateModified":"2016-09-14T16:59:07+00:00","author":{"@id":"https:\/\/seriea.digital\/blog\/#\/schema\/person\/e6b243027e8754686f5ab0fa3d065187"},"breadcrumb":{"@id":"https:\/\/seriea.digital\/blog\/tamanho-de-imagens-nas-midias-sociais-2015\/#breadcrumb"},"inLanguage":"pt-BR","potentialAction":[{"@type":"ReadAction","target":["https:\/\/seriea.digital\/blog\/tamanho-de-imagens-nas-midias-sociais-2015\/"]}]},{"@type":"ImageObject","inLanguage":"pt-BR","@id":"https:\/\/seriea.digital\/blog\/tamanho-de-imagens-nas-midias-sociais-2015\/#primaryimage","url":"https:\/\/seriea.digital\/blog1\/wp-content\/uploads\/2015\/09\/guia-de-imagens-redes-sociais1.jpg","contentUrl":"https:\/\/seriea.digital\/blog1\/wp-content\/uploads\/2015\/09\/guia-de-imagens-redes-sociais1.jpg"},{"@type":"BreadcrumbList","@id":"https:\/\/seriea.digital\/blog\/tamanho-de-imagens-nas-midias-sociais-2015\/#breadcrumb","itemListElement":[{"@type":"ListItem","position":1,"name":"In\u00edcio","item":"https:\/\/seriea.digital\/blog\/"},{"@type":"ListItem","position":2,"name":"Tamanho de Imagens Nas M\u00eddias Sociais 2015"}]},{"@type":"WebSite","@id":"https:\/\/seriea.digital\/blog\/#website","url":"https:\/\/seriea.digital\/blog\/","name":"SERI.E DESIGN","description":"Ag\u00eancia digital especializada em e-commerce - Desenvolvimento de layout pra E-commerce, Tray Commerce,Wake, Vtex, Deco, Sites. Eleita a ag\u00eancia com melhor atendimento.","potentialAction":[{"@type":"SearchAction","target":{"@type":"EntryPoint","urlTemplate":"https:\/\/seriea.digital\/blog\/?s={search_term_string}"},"query-input":{"@type":"PropertyValueSpecification","valueRequired":true,"valueName":"search_term_string"}}],"inLanguage":"pt-BR"},{"@type":"Person","@id":"https:\/\/seriea.digital\/blog\/#\/schema\/person\/e6b243027e8754686f5ab0fa3d065187","name":"SERI.E DESIGN","sameAs":["https:\/\/seriea.digital\/blog\/"],"url":"https:\/\/seriea.digital\/blog\/author\/seri-e-design\/"}]}},"_links":{"self":[{"href":"https:\/\/seriea.digital\/blog\/wp-json\/wp\/v2\/posts\/1480","targetHints":{"allow":["GET"]}}],"collection":[{"href":"https:\/\/seriea.digital\/blog\/wp-json\/wp\/v2\/posts"}],"about":[{"href":"https:\/\/seriea.digital\/blog\/wp-json\/wp\/v2\/types\/post"}],"author":[{"embeddable":true,"href":"https:\/\/seriea.digital\/blog\/wp-json\/wp\/v2\/users\/8"}],"replies":[{"embeddable":true,"href":"https:\/\/seriea.digital\/blog\/wp-json\/wp\/v2\/comments?post=1480"}],"version-history":[{"count":2,"href":"https:\/\/seriea.digital\/blog\/wp-json\/wp\/v2\/posts\/1480\/revisions"}],"predecessor-version":[{"id":2062,"href":"https:\/\/seriea.digital\/blog\/wp-json\/wp\/v2\/posts\/1480\/revisions\/2062"}],"wp:attachment":[{"href":"https:\/\/seriea.digital\/blog\/wp-json\/wp\/v2\/media?parent=1480"}],"wp:term":[{"taxonomy":"category","embeddable":true,"href":"https:\/\/seriea.digital\/blog\/wp-json\/wp\/v2\/categories?post=1480"},{"taxonomy":"post_tag","embeddable":true,"href":"https:\/\/seriea.digital\/blog\/wp-json\/wp\/v2\/tags?post=1480"}],"curies":[{"name":"wp","href":"https:\/\/api.w.org\/{rel}","templated":true}]}}