{"id":1484,"date":"2015-09-23T12:17:48","date_gmt":"2015-09-23T15:17:48","guid":{"rendered":"https:\/\/seriea.digital\/blog1\/?p=1484"},"modified":"2016-09-14T13:58:58","modified_gmt":"2016-09-14T16:58:58","slug":"prepare-se-para-o-maior-black-friday-da-historia","status":"publish","type":"post","link":"https:\/\/seriea.digital\/blog\/prepare-se-para-o-maior-black-friday-da-historia\/","title":{"rendered":"Prepare-se para o maior Black Friday da hist\u00f3ria"},"content":{"rendered":"<p><a href=\"https:\/\/seriea.digital\/blog1\/wp-content\/uploads\/2015\/09\/black-friday.jpg.png\"><img fetchpriority=\"high\" decoding=\"async\" class=\"alignnone size-full wp-image-1485\" src=\"https:\/\/seriea.digital\/blog1\/wp-content\/uploads\/2015\/09\/black-friday.jpg.png\" alt=\"black-friday.jpg\" width=\"590\" height=\"389\" srcset=\"https:\/\/seriea.digital\/blog\/wp-content\/uploads\/2015\/09\/black-friday.jpg.png 590w, https:\/\/seriea.digital\/blog\/wp-content\/uploads\/2015\/09\/black-friday.jpg-300x198.png 300w\" sizes=\"(max-width: 590px) 100vw, 590px\" \/><\/a><\/p>\n<p>O evento mais importante para o varejo brasileiro est\u00e1 se aproximando. Por\u00e9m, com a crise que estamos vivendo atualmente, fica a d\u00favida se esse ano ser\u00e1 de grandes vendas. A resposta \u00e9 sim, o Black Friday esse ano tem tudo para ser o maior da hist\u00f3ria do pa\u00eds. Isso porque os consumidores brasileiros est\u00e3o contendo cada vez mais suas despesas e se tornando verdadeiros ca\u00e7adores de bons pre\u00e7os.<br \/>\n<!--more--><\/p>\n<p>Nestes \u00faltimos 10 anos de Black Friday, que chamamos de Natal do E-commerce, as promo\u00e7\u00f5es nunca foram t\u00e3o importantes para o bolso do consumidor. Hoje, o cen\u00e1rio \u00e9 diferente e vemos os maiores e-commerces do mundo em constante luta para obter o menor pre\u00e7o, n\u00e3o perder dinheiro e continuar faturando. Mas claro que os lojistas devem ter cautela na hora de realizar as promo\u00e7\u00f5es e ao mesmo tempo procurar novos clientes.<\/p>\n<p>Para que essa data seja lucrativa, primeiramente \u00e9 necess\u00e1rio um bom planejamento. O Black Friday, que acontece em novembro, exige que os lojistas preparem com anteced\u00eancia o seu marketing digital para atender os milh\u00f5es de consumidores que est\u00e3o em busca das melhores ofertas. Uma \u00f3tima alternativa \u00e9 apostar em ferramentas ricas em tecnologias que podem auxiliar nas vendas e ainda triplicar seu volume durante esse per\u00edodo de ofertas.<\/p>\n<p>Para isso, tenho tr\u00eas dicas que considero de extrema import\u00e2ncia para aqueles que est\u00e3o em busca de um Black Friday de sucesso:<\/p>\n<p>1-\u00a0\u00a0 <strong>Investir em mobile:<\/strong> cada vez mais vemos o n\u00famero de transa\u00e7\u00f5es de compras por mobile aumentar, e durante o Black Friday ser\u00e1 necess\u00e1rio investir neste canal para ter mais tr\u00e1fego, visibilidade e maximizar as vendas.<\/p>\n<p>2-\u00a0\u00a0 <strong>Ampliar a base de dados:<\/strong> criar uma campanha de gera\u00e7\u00e3o de leads para ampliar sua base de dados \u00e9 muito importante, pois \u00e9 nela que voc\u00ea ir\u00e1 disparar suas campanhas promocionais e atingir o maior n\u00famero de consumidores. O e-mail marketing interno (programa de fidelidade) representa em torno de 7% das vendas dos varejistas.<\/p>\n<p>3-\u00a0\u00a0 <strong>Disparar as promo\u00e7\u00f5es em base de dados de terceiros:<\/strong> investir em base de dados de terceiros \u00e9 outro ponto importante para conseguir atingir o maior n\u00famero de consumidores durante o evento. Hoje em dia, existem ferramentas que possibilitam disparar um grande volume de e-mails de acordo com o que procura.<\/p>\n<p>\u00c9 importante que os varejistas entendam que o Black Friday n\u00e3o ser\u00e1 somente durante a sexta-feira e sim o m\u00eas todo de promo\u00e7\u00f5es e compras intensas. Com a capta\u00e7\u00e3o de novos contatos adquiridos durante as compras, eles conseguem dar continuidade nas divulga\u00e7\u00f5es de produtos e ainda promover uma nova compra, aumentando suas vendas e conquistando potenciais clientes.<\/p>\n<p>Para concluir, os varejistas precisam saber quais ser\u00e3o os canais que ir\u00e3o privilegiar seu neg\u00f3cio durante o evento. Invista no Black Friday, trate os consumidores de forma personalizada, colha os resultados do engajamento e os fidelize para as pr\u00f3ximas datas comemorativas.<\/p>\n<p>Fonte: ecommercenews.com.br<\/p>\n","protected":false},"excerpt":{"rendered":"<p>O evento mais importante para o varejo brasileiro est\u00e1 se aproximando. Por\u00e9m, com a crise que estamos vivendo atualmente, fica a d\u00favida se esse ano ser\u00e1 de grandes vendas. A resposta \u00e9 sim, o Black Friday esse ano tem tudo para ser o maior da hist\u00f3ria do pa\u00eds. Isso porque os consumidores brasileiros est\u00e3o contendo [&hellip;]<\/p>\n","protected":false},"author":8,"featured_media":0,"comment_status":"closed","ping_status":"closed","sticky":false,"template":"","format":"standard","meta":{"footnotes":""},"categories":[25,29],"tags":[],"class_list":["post-1484","post","type-post","status-publish","format-standard","hentry","category-ecommerce","category-marketing"],"yoast_head":"<!-- This site is optimized with the Yoast SEO plugin v26.5 - https:\/\/yoast.com\/wordpress\/plugins\/seo\/ -->\n<title>Prepare-se para o maior Black Friday da hist\u00f3ria - SERI.E DESIGN, ag\u00eancia e-commerce<\/title>\n<meta name=\"robots\" content=\"index, follow, max-snippet:-1, max-image-preview:large, max-video-preview:-1\" \/>\n<link rel=\"canonical\" href=\"https:\/\/seriea.digital\/blog\/prepare-se-para-o-maior-black-friday-da-historia\/\" \/>\n<meta property=\"og:locale\" content=\"pt_BR\" \/>\n<meta property=\"og:type\" content=\"article\" \/>\n<meta property=\"og:title\" content=\"Prepare-se para o maior Black Friday da hist\u00f3ria - SERI.E DESIGN, ag\u00eancia e-commerce\" \/>\n<meta property=\"og:description\" content=\"O evento mais importante para o varejo brasileiro est\u00e1 se aproximando. Por\u00e9m, com a crise que estamos vivendo atualmente, fica a d\u00favida se esse ano ser\u00e1 de grandes vendas. A resposta \u00e9 sim, o Black Friday esse ano tem tudo para ser o maior da hist\u00f3ria do pa\u00eds. Isso porque os consumidores brasileiros est\u00e3o contendo [&hellip;]\" \/>\n<meta property=\"og:url\" content=\"https:\/\/seriea.digital\/blog\/prepare-se-para-o-maior-black-friday-da-historia\/\" \/>\n<meta property=\"og:site_name\" content=\"SERI.E DESIGN, ag\u00eancia e-commerce\" \/>\n<meta property=\"article:publisher\" content=\"https:\/\/www.facebook.com\/SERIEDESIGN\" \/>\n<meta property=\"article:published_time\" content=\"2015-09-23T15:17:48+00:00\" \/>\n<meta property=\"article:modified_time\" content=\"2016-09-14T16:58:58+00:00\" \/>\n<meta property=\"og:image\" content=\"https:\/\/seriea.digital\/blog1\/wp-content\/uploads\/2015\/09\/black-friday.jpg.png\" \/>\n<meta name=\"author\" content=\"SERI.E DESIGN\" \/>\n<meta name=\"twitter:label1\" content=\"Escrito por\" \/>\n\t<meta name=\"twitter:data1\" content=\"SERI.E DESIGN\" \/>\n\t<meta name=\"twitter:label2\" content=\"Est. tempo de leitura\" \/>\n\t<meta name=\"twitter:data2\" content=\"3 minutos\" \/>\n<script type=\"application\/ld+json\" class=\"yoast-schema-graph\">{\"@context\":\"https:\/\/schema.org\",\"@graph\":[{\"@type\":\"WebPage\",\"@id\":\"https:\/\/seriea.digital\/blog\/prepare-se-para-o-maior-black-friday-da-historia\/\",\"url\":\"https:\/\/seriea.digital\/blog\/prepare-se-para-o-maior-black-friday-da-historia\/\",\"name\":\"Prepare-se para o maior Black Friday da hist\u00f3ria - SERI.E DESIGN, ag\u00eancia e-commerce\",\"isPartOf\":{\"@id\":\"https:\/\/seriea.digital\/blog\/#website\"},\"primaryImageOfPage\":{\"@id\":\"https:\/\/seriea.digital\/blog\/prepare-se-para-o-maior-black-friday-da-historia\/#primaryimage\"},\"image\":{\"@id\":\"https:\/\/seriea.digital\/blog\/prepare-se-para-o-maior-black-friday-da-historia\/#primaryimage\"},\"thumbnailUrl\":\"https:\/\/seriea.digital\/blog1\/wp-content\/uploads\/2015\/09\/black-friday.jpg.png\",\"datePublished\":\"2015-09-23T15:17:48+00:00\",\"dateModified\":\"2016-09-14T16:58:58+00:00\",\"author\":{\"@id\":\"https:\/\/seriea.digital\/blog\/#\/schema\/person\/e6b243027e8754686f5ab0fa3d065187\"},\"breadcrumb\":{\"@id\":\"https:\/\/seriea.digital\/blog\/prepare-se-para-o-maior-black-friday-da-historia\/#breadcrumb\"},\"inLanguage\":\"pt-BR\",\"potentialAction\":[{\"@type\":\"ReadAction\",\"target\":[\"https:\/\/seriea.digital\/blog\/prepare-se-para-o-maior-black-friday-da-historia\/\"]}]},{\"@type\":\"ImageObject\",\"inLanguage\":\"pt-BR\",\"@id\":\"https:\/\/seriea.digital\/blog\/prepare-se-para-o-maior-black-friday-da-historia\/#primaryimage\",\"url\":\"https:\/\/seriea.digital\/blog1\/wp-content\/uploads\/2015\/09\/black-friday.jpg.png\",\"contentUrl\":\"https:\/\/seriea.digital\/blog1\/wp-content\/uploads\/2015\/09\/black-friday.jpg.png\"},{\"@type\":\"BreadcrumbList\",\"@id\":\"https:\/\/seriea.digital\/blog\/prepare-se-para-o-maior-black-friday-da-historia\/#breadcrumb\",\"itemListElement\":[{\"@type\":\"ListItem\",\"position\":1,\"name\":\"In\u00edcio\",\"item\":\"https:\/\/seriea.digital\/blog\/\"},{\"@type\":\"ListItem\",\"position\":2,\"name\":\"Prepare-se para o maior Black Friday da hist\u00f3ria\"}]},{\"@type\":\"WebSite\",\"@id\":\"https:\/\/seriea.digital\/blog\/#website\",\"url\":\"https:\/\/seriea.digital\/blog\/\",\"name\":\"SERI.E DESIGN\",\"description\":\"Ag\u00eancia digital especializada em e-commerce - Desenvolvimento de layout pra E-commerce, Tray Commerce,Wake, Vtex, Deco, Sites. Eleita a ag\u00eancia com melhor atendimento.\",\"potentialAction\":[{\"@type\":\"SearchAction\",\"target\":{\"@type\":\"EntryPoint\",\"urlTemplate\":\"https:\/\/seriea.digital\/blog\/?s={search_term_string}\"},\"query-input\":{\"@type\":\"PropertyValueSpecification\",\"valueRequired\":true,\"valueName\":\"search_term_string\"}}],\"inLanguage\":\"pt-BR\"},{\"@type\":\"Person\",\"@id\":\"https:\/\/seriea.digital\/blog\/#\/schema\/person\/e6b243027e8754686f5ab0fa3d065187\",\"name\":\"SERI.E DESIGN\",\"sameAs\":[\"https:\/\/seriea.digital\/blog\/\"],\"url\":\"https:\/\/seriea.digital\/blog\/author\/seri-e-design\/\"}]}<\/script>\n<!-- \/ Yoast SEO plugin. -->","yoast_head_json":{"title":"Prepare-se para o maior Black Friday da hist\u00f3ria - SERI.E DESIGN, ag\u00eancia e-commerce","robots":{"index":"index","follow":"follow","max-snippet":"max-snippet:-1","max-image-preview":"max-image-preview:large","max-video-preview":"max-video-preview:-1"},"canonical":"https:\/\/seriea.digital\/blog\/prepare-se-para-o-maior-black-friday-da-historia\/","og_locale":"pt_BR","og_type":"article","og_title":"Prepare-se para o maior Black Friday da hist\u00f3ria - SERI.E DESIGN, ag\u00eancia e-commerce","og_description":"O evento mais importante para o varejo brasileiro est\u00e1 se aproximando. Por\u00e9m, com a crise que estamos vivendo atualmente, fica a d\u00favida se esse ano ser\u00e1 de grandes vendas. A resposta \u00e9 sim, o Black Friday esse ano tem tudo para ser o maior da hist\u00f3ria do pa\u00eds. Isso porque os consumidores brasileiros est\u00e3o contendo [&hellip;]","og_url":"https:\/\/seriea.digital\/blog\/prepare-se-para-o-maior-black-friday-da-historia\/","og_site_name":"SERI.E DESIGN, ag\u00eancia e-commerce","article_publisher":"https:\/\/www.facebook.com\/SERIEDESIGN","article_published_time":"2015-09-23T15:17:48+00:00","article_modified_time":"2016-09-14T16:58:58+00:00","og_image":[{"url":"https:\/\/seriea.digital\/blog1\/wp-content\/uploads\/2015\/09\/black-friday.jpg.png","type":"","width":"","height":""}],"author":"SERI.E DESIGN","twitter_misc":{"Escrito por":"SERI.E DESIGN","Est. tempo de leitura":"3 minutos"},"schema":{"@context":"https:\/\/schema.org","@graph":[{"@type":"WebPage","@id":"https:\/\/seriea.digital\/blog\/prepare-se-para-o-maior-black-friday-da-historia\/","url":"https:\/\/seriea.digital\/blog\/prepare-se-para-o-maior-black-friday-da-historia\/","name":"Prepare-se para o maior Black Friday da hist\u00f3ria - SERI.E DESIGN, ag\u00eancia e-commerce","isPartOf":{"@id":"https:\/\/seriea.digital\/blog\/#website"},"primaryImageOfPage":{"@id":"https:\/\/seriea.digital\/blog\/prepare-se-para-o-maior-black-friday-da-historia\/#primaryimage"},"image":{"@id":"https:\/\/seriea.digital\/blog\/prepare-se-para-o-maior-black-friday-da-historia\/#primaryimage"},"thumbnailUrl":"https:\/\/seriea.digital\/blog1\/wp-content\/uploads\/2015\/09\/black-friday.jpg.png","datePublished":"2015-09-23T15:17:48+00:00","dateModified":"2016-09-14T16:58:58+00:00","author":{"@id":"https:\/\/seriea.digital\/blog\/#\/schema\/person\/e6b243027e8754686f5ab0fa3d065187"},"breadcrumb":{"@id":"https:\/\/seriea.digital\/blog\/prepare-se-para-o-maior-black-friday-da-historia\/#breadcrumb"},"inLanguage":"pt-BR","potentialAction":[{"@type":"ReadAction","target":["https:\/\/seriea.digital\/blog\/prepare-se-para-o-maior-black-friday-da-historia\/"]}]},{"@type":"ImageObject","inLanguage":"pt-BR","@id":"https:\/\/seriea.digital\/blog\/prepare-se-para-o-maior-black-friday-da-historia\/#primaryimage","url":"https:\/\/seriea.digital\/blog1\/wp-content\/uploads\/2015\/09\/black-friday.jpg.png","contentUrl":"https:\/\/seriea.digital\/blog1\/wp-content\/uploads\/2015\/09\/black-friday.jpg.png"},{"@type":"BreadcrumbList","@id":"https:\/\/seriea.digital\/blog\/prepare-se-para-o-maior-black-friday-da-historia\/#breadcrumb","itemListElement":[{"@type":"ListItem","position":1,"name":"In\u00edcio","item":"https:\/\/seriea.digital\/blog\/"},{"@type":"ListItem","position":2,"name":"Prepare-se para o maior Black Friday da hist\u00f3ria"}]},{"@type":"WebSite","@id":"https:\/\/seriea.digital\/blog\/#website","url":"https:\/\/seriea.digital\/blog\/","name":"SERI.E DESIGN","description":"Ag\u00eancia digital especializada em e-commerce - Desenvolvimento de layout pra E-commerce, Tray Commerce,Wake, Vtex, Deco, Sites. Eleita a ag\u00eancia com melhor atendimento.","potentialAction":[{"@type":"SearchAction","target":{"@type":"EntryPoint","urlTemplate":"https:\/\/seriea.digital\/blog\/?s={search_term_string}"},"query-input":{"@type":"PropertyValueSpecification","valueRequired":true,"valueName":"search_term_string"}}],"inLanguage":"pt-BR"},{"@type":"Person","@id":"https:\/\/seriea.digital\/blog\/#\/schema\/person\/e6b243027e8754686f5ab0fa3d065187","name":"SERI.E DESIGN","sameAs":["https:\/\/seriea.digital\/blog\/"],"url":"https:\/\/seriea.digital\/blog\/author\/seri-e-design\/"}]}},"_links":{"self":[{"href":"https:\/\/seriea.digital\/blog\/wp-json\/wp\/v2\/posts\/1484","targetHints":{"allow":["GET"]}}],"collection":[{"href":"https:\/\/seriea.digital\/blog\/wp-json\/wp\/v2\/posts"}],"about":[{"href":"https:\/\/seriea.digital\/blog\/wp-json\/wp\/v2\/types\/post"}],"author":[{"embeddable":true,"href":"https:\/\/seriea.digital\/blog\/wp-json\/wp\/v2\/users\/8"}],"replies":[{"embeddable":true,"href":"https:\/\/seriea.digital\/blog\/wp-json\/wp\/v2\/comments?post=1484"}],"version-history":[{"count":2,"href":"https:\/\/seriea.digital\/blog\/wp-json\/wp\/v2\/posts\/1484\/revisions"}],"predecessor-version":[{"id":2061,"href":"https:\/\/seriea.digital\/blog\/wp-json\/wp\/v2\/posts\/1484\/revisions\/2061"}],"wp:attachment":[{"href":"https:\/\/seriea.digital\/blog\/wp-json\/wp\/v2\/media?parent=1484"}],"wp:term":[{"taxonomy":"category","embeddable":true,"href":"https:\/\/seriea.digital\/blog\/wp-json\/wp\/v2\/categories?post=1484"},{"taxonomy":"post_tag","embeddable":true,"href":"https:\/\/seriea.digital\/blog\/wp-json\/wp\/v2\/tags?post=1484"}],"curies":[{"name":"wp","href":"https:\/\/api.w.org\/{rel}","templated":true}]}}