{"id":1487,"date":"2015-09-24T10:33:21","date_gmt":"2015-09-24T13:33:21","guid":{"rendered":"https:\/\/seriea.digital\/blog1\/?p=1487"},"modified":"2016-09-14T13:58:49","modified_gmt":"2016-09-14T16:58:49","slug":"conheca-as-novidades-do-facebook-para-fan-pages","status":"publish","type":"post","link":"https:\/\/seriea.digital\/blog\/conheca-as-novidades-do-facebook-para-fan-pages\/","title":{"rendered":"Conhe\u00e7a as novidades do Facebook para fan pages"},"content":{"rendered":"<p><a href=\"https:\/\/seriea.digital\/blog1\/wp-content\/uploads\/2015\/09\/facebook1.jpg\"><img fetchpriority=\"high\" decoding=\"async\" class=\"alignnone size-full wp-image-1488\" src=\"https:\/\/seriea.digital\/blog1\/wp-content\/uploads\/2015\/09\/facebook1.jpg\" alt=\"facebook1\" width=\"590\" height=\"389\" srcset=\"https:\/\/seriea.digital\/blog\/wp-content\/uploads\/2015\/09\/facebook1.jpg 590w, https:\/\/seriea.digital\/blog\/wp-content\/uploads\/2015\/09\/facebook1-300x198.jpg 300w\" sizes=\"(max-width: 590px) 100vw, 590px\" \/><\/a><\/p>\n<p>Voc\u00ea sabia que mais de um bilh\u00e3o de pessoas visitam fan pages mensalmente em busca de informa\u00e7\u00f5es sobre uma empresa ou um segmento? Pois esta afirma\u00e7\u00e3o pertence ao pr\u00f3prio Facebook que anunciou o lan\u00e7amento de novos recursos para as p\u00e1ginas empresariais, facilitando a comunica\u00e7\u00e3o entre empresa e cliente.<\/p>\n<p>Conhe\u00e7a as novidades:<br \/>\n<!--more--><\/p>\n<p><strong>Call to action \u201cEnvie uma mensagem\u201d.<\/strong> Este bot\u00e3o possibilita que consumidores enviem uma mensagem direta para uma empresa a partir de an\u00fancios locais que aparecem no feed de not\u00edcias, ampliando a oportunidade de comunica\u00e7\u00e3o e negocia\u00e7\u00e3o.<\/p>\n<p><strong>Coment\u00e1rios privados.<\/strong> O Facebook passa a liberar a resposta a coment\u00e1rios de forma privada, onde ao optar por esta modalidade, abre-se uma janela privada de mensagem com o link do coment\u00e1rio feito. Quando essa a\u00e7\u00e3o \u00e9 realizada, o coment\u00e1rio p\u00fablico recebe uma resposta autom\u00e1tica indicando que a empresa j\u00e1 solucionou a quest\u00e3o.<\/p>\n<p><strong>\u00cdndice de capacidade de resposta.<\/strong> As empresas que responderem 90% das intera\u00e7\u00f5es realizadas na fan page com um tempo de resposta de at\u00e9 5 minutos, receber\u00e3o um selo p\u00fablico de \u201cMuito responsiva a mensagens\u201d, isto \u00e9, um registro din\u00e2mico calculado com base nos \u00faltimos sete dias de intera\u00e7\u00e3o, que qualifica a empresa positivamente nas intera\u00e7\u00f5es.<\/p>\n<p><strong>Respostas gerenci\u00e1veis.<\/strong> Como a comunica\u00e7\u00e3o entre p\u00fablico e empresa se tornou mais simples atrav\u00e9s do Facebook, a rede tamb\u00e9m adaptou seu sistema de mensagem. Agora, o gerenciamento das respostas ficou muito mais facilitado, permitindo criar e salvar respostas para perguntas comuns, responder quest\u00f5es com apenas um clique; al\u00e9m de edit\u00e1-las e envi\u00e1-las, quando necess\u00e1rio.<\/p>\n<p>Fique por dentro das novidades, elas podem ajudar, e muito, sua loja virtual a se sobressair no mercado. Sucesso!<\/p>\n<p>Fonte: ecommercenews.com.br<\/p>\n","protected":false},"excerpt":{"rendered":"<p>Voc\u00ea sabia que mais de um bilh\u00e3o de pessoas visitam fan pages mensalmente em busca de informa\u00e7\u00f5es sobre uma empresa ou um segmento? Pois esta afirma\u00e7\u00e3o pertence ao pr\u00f3prio Facebook que anunciou o lan\u00e7amento de novos recursos para as p\u00e1ginas empresariais, facilitando a comunica\u00e7\u00e3o entre empresa e cliente. Conhe\u00e7a as novidades:<\/p>\n","protected":false},"author":8,"featured_media":0,"comment_status":"closed","ping_status":"closed","sticky":false,"template":"","format":"standard","meta":{"footnotes":""},"categories":[29,21],"tags":[],"class_list":["post-1487","post","type-post","status-publish","format-standard","hentry","category-marketing","category-midias-sociais"],"yoast_head":"<!-- This site is optimized with the Yoast SEO plugin v26.5 - https:\/\/yoast.com\/wordpress\/plugins\/seo\/ -->\n<title>Conhe\u00e7a as novidades do Facebook para fan pages - SERI.E DESIGN, ag\u00eancia e-commerce<\/title>\n<meta name=\"robots\" content=\"index, follow, max-snippet:-1, max-image-preview:large, max-video-preview:-1\" \/>\n<link rel=\"canonical\" href=\"https:\/\/seriea.digital\/blog\/conheca-as-novidades-do-facebook-para-fan-pages\/\" \/>\n<meta property=\"og:locale\" content=\"pt_BR\" \/>\n<meta property=\"og:type\" content=\"article\" \/>\n<meta property=\"og:title\" content=\"Conhe\u00e7a as novidades do Facebook para fan pages - SERI.E DESIGN, ag\u00eancia e-commerce\" \/>\n<meta property=\"og:description\" content=\"Voc\u00ea sabia que mais de um bilh\u00e3o de pessoas visitam fan pages mensalmente em busca de informa\u00e7\u00f5es sobre uma empresa ou um segmento? Pois esta afirma\u00e7\u00e3o pertence ao pr\u00f3prio Facebook que anunciou o lan\u00e7amento de novos recursos para as p\u00e1ginas empresariais, facilitando a comunica\u00e7\u00e3o entre empresa e cliente. Conhe\u00e7a as novidades:\" \/>\n<meta property=\"og:url\" content=\"https:\/\/seriea.digital\/blog\/conheca-as-novidades-do-facebook-para-fan-pages\/\" \/>\n<meta property=\"og:site_name\" content=\"SERI.E DESIGN, ag\u00eancia e-commerce\" \/>\n<meta property=\"article:publisher\" content=\"https:\/\/www.facebook.com\/SERIEDESIGN\" \/>\n<meta property=\"article:published_time\" content=\"2015-09-24T13:33:21+00:00\" \/>\n<meta property=\"article:modified_time\" content=\"2016-09-14T16:58:49+00:00\" \/>\n<meta property=\"og:image\" content=\"https:\/\/seriea.digital\/blog1\/wp-content\/uploads\/2015\/09\/facebook1.jpg\" \/>\n<meta name=\"author\" content=\"SERI.E DESIGN\" \/>\n<meta name=\"twitter:label1\" content=\"Escrito por\" \/>\n\t<meta name=\"twitter:data1\" content=\"SERI.E DESIGN\" \/>\n\t<meta name=\"twitter:label2\" content=\"Est. tempo de leitura\" \/>\n\t<meta name=\"twitter:data2\" content=\"2 minutos\" \/>\n<script type=\"application\/ld+json\" class=\"yoast-schema-graph\">{\"@context\":\"https:\/\/schema.org\",\"@graph\":[{\"@type\":\"WebPage\",\"@id\":\"https:\/\/seriea.digital\/blog\/conheca-as-novidades-do-facebook-para-fan-pages\/\",\"url\":\"https:\/\/seriea.digital\/blog\/conheca-as-novidades-do-facebook-para-fan-pages\/\",\"name\":\"Conhe\u00e7a as novidades do Facebook para fan pages - SERI.E DESIGN, ag\u00eancia e-commerce\",\"isPartOf\":{\"@id\":\"https:\/\/seriea.digital\/blog\/#website\"},\"primaryImageOfPage\":{\"@id\":\"https:\/\/seriea.digital\/blog\/conheca-as-novidades-do-facebook-para-fan-pages\/#primaryimage\"},\"image\":{\"@id\":\"https:\/\/seriea.digital\/blog\/conheca-as-novidades-do-facebook-para-fan-pages\/#primaryimage\"},\"thumbnailUrl\":\"https:\/\/seriea.digital\/blog1\/wp-content\/uploads\/2015\/09\/facebook1.jpg\",\"datePublished\":\"2015-09-24T13:33:21+00:00\",\"dateModified\":\"2016-09-14T16:58:49+00:00\",\"author\":{\"@id\":\"https:\/\/seriea.digital\/blog\/#\/schema\/person\/e6b243027e8754686f5ab0fa3d065187\"},\"breadcrumb\":{\"@id\":\"https:\/\/seriea.digital\/blog\/conheca-as-novidades-do-facebook-para-fan-pages\/#breadcrumb\"},\"inLanguage\":\"pt-BR\",\"potentialAction\":[{\"@type\":\"ReadAction\",\"target\":[\"https:\/\/seriea.digital\/blog\/conheca-as-novidades-do-facebook-para-fan-pages\/\"]}]},{\"@type\":\"ImageObject\",\"inLanguage\":\"pt-BR\",\"@id\":\"https:\/\/seriea.digital\/blog\/conheca-as-novidades-do-facebook-para-fan-pages\/#primaryimage\",\"url\":\"https:\/\/seriea.digital\/blog1\/wp-content\/uploads\/2015\/09\/facebook1.jpg\",\"contentUrl\":\"https:\/\/seriea.digital\/blog1\/wp-content\/uploads\/2015\/09\/facebook1.jpg\"},{\"@type\":\"BreadcrumbList\",\"@id\":\"https:\/\/seriea.digital\/blog\/conheca-as-novidades-do-facebook-para-fan-pages\/#breadcrumb\",\"itemListElement\":[{\"@type\":\"ListItem\",\"position\":1,\"name\":\"In\u00edcio\",\"item\":\"https:\/\/seriea.digital\/blog\/\"},{\"@type\":\"ListItem\",\"position\":2,\"name\":\"Conhe\u00e7a as novidades do Facebook para fan pages\"}]},{\"@type\":\"WebSite\",\"@id\":\"https:\/\/seriea.digital\/blog\/#website\",\"url\":\"https:\/\/seriea.digital\/blog\/\",\"name\":\"SERI.E DESIGN\",\"description\":\"Ag\u00eancia digital especializada em e-commerce - Desenvolvimento de layout pra E-commerce, Tray Commerce,Wake, Vtex, Deco, Sites. Eleita a ag\u00eancia com melhor atendimento.\",\"potentialAction\":[{\"@type\":\"SearchAction\",\"target\":{\"@type\":\"EntryPoint\",\"urlTemplate\":\"https:\/\/seriea.digital\/blog\/?s={search_term_string}\"},\"query-input\":{\"@type\":\"PropertyValueSpecification\",\"valueRequired\":true,\"valueName\":\"search_term_string\"}}],\"inLanguage\":\"pt-BR\"},{\"@type\":\"Person\",\"@id\":\"https:\/\/seriea.digital\/blog\/#\/schema\/person\/e6b243027e8754686f5ab0fa3d065187\",\"name\":\"SERI.E DESIGN\",\"sameAs\":[\"https:\/\/seriea.digital\/blog\/\"],\"url\":\"https:\/\/seriea.digital\/blog\/author\/seri-e-design\/\"}]}<\/script>\n<!-- \/ Yoast SEO plugin. -->","yoast_head_json":{"title":"Conhe\u00e7a as novidades do Facebook para fan pages - SERI.E DESIGN, ag\u00eancia e-commerce","robots":{"index":"index","follow":"follow","max-snippet":"max-snippet:-1","max-image-preview":"max-image-preview:large","max-video-preview":"max-video-preview:-1"},"canonical":"https:\/\/seriea.digital\/blog\/conheca-as-novidades-do-facebook-para-fan-pages\/","og_locale":"pt_BR","og_type":"article","og_title":"Conhe\u00e7a as novidades do Facebook para fan pages - SERI.E DESIGN, ag\u00eancia e-commerce","og_description":"Voc\u00ea sabia que mais de um bilh\u00e3o de pessoas visitam fan pages mensalmente em busca de informa\u00e7\u00f5es sobre uma empresa ou um segmento? Pois esta afirma\u00e7\u00e3o pertence ao pr\u00f3prio Facebook que anunciou o lan\u00e7amento de novos recursos para as p\u00e1ginas empresariais, facilitando a comunica\u00e7\u00e3o entre empresa e cliente. Conhe\u00e7a as novidades:","og_url":"https:\/\/seriea.digital\/blog\/conheca-as-novidades-do-facebook-para-fan-pages\/","og_site_name":"SERI.E DESIGN, ag\u00eancia e-commerce","article_publisher":"https:\/\/www.facebook.com\/SERIEDESIGN","article_published_time":"2015-09-24T13:33:21+00:00","article_modified_time":"2016-09-14T16:58:49+00:00","og_image":[{"url":"https:\/\/seriea.digital\/blog1\/wp-content\/uploads\/2015\/09\/facebook1.jpg","type":"","width":"","height":""}],"author":"SERI.E DESIGN","twitter_misc":{"Escrito por":"SERI.E DESIGN","Est. tempo de leitura":"2 minutos"},"schema":{"@context":"https:\/\/schema.org","@graph":[{"@type":"WebPage","@id":"https:\/\/seriea.digital\/blog\/conheca-as-novidades-do-facebook-para-fan-pages\/","url":"https:\/\/seriea.digital\/blog\/conheca-as-novidades-do-facebook-para-fan-pages\/","name":"Conhe\u00e7a as novidades do Facebook para fan pages - SERI.E DESIGN, ag\u00eancia e-commerce","isPartOf":{"@id":"https:\/\/seriea.digital\/blog\/#website"},"primaryImageOfPage":{"@id":"https:\/\/seriea.digital\/blog\/conheca-as-novidades-do-facebook-para-fan-pages\/#primaryimage"},"image":{"@id":"https:\/\/seriea.digital\/blog\/conheca-as-novidades-do-facebook-para-fan-pages\/#primaryimage"},"thumbnailUrl":"https:\/\/seriea.digital\/blog1\/wp-content\/uploads\/2015\/09\/facebook1.jpg","datePublished":"2015-09-24T13:33:21+00:00","dateModified":"2016-09-14T16:58:49+00:00","author":{"@id":"https:\/\/seriea.digital\/blog\/#\/schema\/person\/e6b243027e8754686f5ab0fa3d065187"},"breadcrumb":{"@id":"https:\/\/seriea.digital\/blog\/conheca-as-novidades-do-facebook-para-fan-pages\/#breadcrumb"},"inLanguage":"pt-BR","potentialAction":[{"@type":"ReadAction","target":["https:\/\/seriea.digital\/blog\/conheca-as-novidades-do-facebook-para-fan-pages\/"]}]},{"@type":"ImageObject","inLanguage":"pt-BR","@id":"https:\/\/seriea.digital\/blog\/conheca-as-novidades-do-facebook-para-fan-pages\/#primaryimage","url":"https:\/\/seriea.digital\/blog1\/wp-content\/uploads\/2015\/09\/facebook1.jpg","contentUrl":"https:\/\/seriea.digital\/blog1\/wp-content\/uploads\/2015\/09\/facebook1.jpg"},{"@type":"BreadcrumbList","@id":"https:\/\/seriea.digital\/blog\/conheca-as-novidades-do-facebook-para-fan-pages\/#breadcrumb","itemListElement":[{"@type":"ListItem","position":1,"name":"In\u00edcio","item":"https:\/\/seriea.digital\/blog\/"},{"@type":"ListItem","position":2,"name":"Conhe\u00e7a as novidades do Facebook para fan pages"}]},{"@type":"WebSite","@id":"https:\/\/seriea.digital\/blog\/#website","url":"https:\/\/seriea.digital\/blog\/","name":"SERI.E DESIGN","description":"Ag\u00eancia digital especializada em e-commerce - Desenvolvimento de layout pra E-commerce, Tray Commerce,Wake, Vtex, Deco, Sites. Eleita a ag\u00eancia com melhor atendimento.","potentialAction":[{"@type":"SearchAction","target":{"@type":"EntryPoint","urlTemplate":"https:\/\/seriea.digital\/blog\/?s={search_term_string}"},"query-input":{"@type":"PropertyValueSpecification","valueRequired":true,"valueName":"search_term_string"}}],"inLanguage":"pt-BR"},{"@type":"Person","@id":"https:\/\/seriea.digital\/blog\/#\/schema\/person\/e6b243027e8754686f5ab0fa3d065187","name":"SERI.E DESIGN","sameAs":["https:\/\/seriea.digital\/blog\/"],"url":"https:\/\/seriea.digital\/blog\/author\/seri-e-design\/"}]}},"_links":{"self":[{"href":"https:\/\/seriea.digital\/blog\/wp-json\/wp\/v2\/posts\/1487","targetHints":{"allow":["GET"]}}],"collection":[{"href":"https:\/\/seriea.digital\/blog\/wp-json\/wp\/v2\/posts"}],"about":[{"href":"https:\/\/seriea.digital\/blog\/wp-json\/wp\/v2\/types\/post"}],"author":[{"embeddable":true,"href":"https:\/\/seriea.digital\/blog\/wp-json\/wp\/v2\/users\/8"}],"replies":[{"embeddable":true,"href":"https:\/\/seriea.digital\/blog\/wp-json\/wp\/v2\/comments?post=1487"}],"version-history":[{"count":4,"href":"https:\/\/seriea.digital\/blog\/wp-json\/wp\/v2\/posts\/1487\/revisions"}],"predecessor-version":[{"id":2060,"href":"https:\/\/seriea.digital\/blog\/wp-json\/wp\/v2\/posts\/1487\/revisions\/2060"}],"wp:attachment":[{"href":"https:\/\/seriea.digital\/blog\/wp-json\/wp\/v2\/media?parent=1487"}],"wp:term":[{"taxonomy":"category","embeddable":true,"href":"https:\/\/seriea.digital\/blog\/wp-json\/wp\/v2\/categories?post=1487"},{"taxonomy":"post_tag","embeddable":true,"href":"https:\/\/seriea.digital\/blog\/wp-json\/wp\/v2\/tags?post=1487"}],"curies":[{"name":"wp","href":"https:\/\/api.w.org\/{rel}","templated":true}]}}