{"id":1522,"date":"2015-10-22T10:43:47","date_gmt":"2015-10-22T13:43:47","guid":{"rendered":"https:\/\/seriea.digital\/blog1\/?p=1522"},"modified":"2016-09-14T13:55:32","modified_gmt":"2016-09-14T16:55:32","slug":"black-friday-chegando-economia-no-vermelho-mas-o-cenario-do-e-commerce-e-positivo","status":"publish","type":"post","link":"https:\/\/seriea.digital\/blog\/black-friday-chegando-economia-no-vermelho-mas-o-cenario-do-e-commerce-e-positivo\/","title":{"rendered":"Black Friday chegando, economia no vermelho, mas o cen\u00e1rio do e-commerce \u00e9 positivo"},"content":{"rendered":"<p>&nbsp;<\/p>\n<p><a href=\"https:\/\/seriea.digital\/blog1\/wp-content\/uploads\/2015\/10\/ecommerce.jpg\"><img fetchpriority=\"high\" decoding=\"async\" class=\"alignnone size-full wp-image-1523\" src=\"https:\/\/seriea.digital\/blog1\/wp-content\/uploads\/2015\/10\/ecommerce.jpg\" alt=\"ecommerce\" width=\"513\" height=\"338\" srcset=\"https:\/\/seriea.digital\/blog\/wp-content\/uploads\/2015\/10\/ecommerce.jpg 513w, https:\/\/seriea.digital\/blog\/wp-content\/uploads\/2015\/10\/ecommerce-300x198.jpg 300w\" sizes=\"(max-width: 513px) 100vw, 513px\" \/><\/a><\/p>\n<p>Como todos j\u00e1 sabem, em novembro acontece a Black Friday, considerada a grande data do varejo. O objetivo dela \u00e9 simples: uma sexta-feira para o lojista fazer giro de caixa e rodar seus estoques. Aos clientes, pre\u00e7os baixos e boas oportunidades de compras. A ansiedade de ambos os lados n\u00e3o \u00e9 para menos pois, segundo a E-bit, empresa especializada em estudos sobre o com\u00e9rcio eletr\u00f4nico, em 2014 a data resultou em um faturamento acima dos R$ 1,4 bilh\u00e3o, o que representou um crescimento de 51% em rela\u00e7\u00e3o ao ano anterior.<br \/>\n<!--more--><\/p>\n<p>Um dos grandes problemas do lado dos lojistas nesse per\u00edodo \u00e9 enfrentar a grande desconfian\u00e7a dos consumidores, j\u00e1 que muitas pessoas n\u00e3o acreditam na data por acharem que h\u00e1 um aumento nos pre\u00e7os de produtos antes dos descontos, deixando assim todos os artigos com os valores normais. Por\u00e9m, dessa vez, o fantasma que assusta os preparativos \u00e9 outro, e se chama \u201ccrise econ\u00f4mica\u201d.<\/p>\n<p>E o que esperar para 2015, um ano marcado pela tens\u00e3o pol\u00edtica, aumento do desemprego e o d\u00f3lar cada dia mais caro? Sinceramente, minha vis\u00e3o \u00e9 extremamente positiva para os lojistas, vamos continuar seguindo o crescimento dos \u00faltimos tempos em uma data que, ano ap\u00f3s ano, vem ganhando for\u00e7a e se tornando um sucesso, quebrando recordes e movimentando bilh\u00f5es.<\/p>\n<p>Ent\u00e3o, querido amigo empreendedor, prepare seu neg\u00f3cio para a data. A expectativa \u00e9 de que esse ano o Black Friday seja, mais uma vez, o grande pico de vendas do varejo nacional. Trabalhe em a\u00e7\u00f5es antes, durante e depois para potencializar ao m\u00e1ximo esse per\u00edodo. O consumidor estar\u00e1 atr\u00e1s de algo que voc\u00ea precisa ter: oportunidade, que na minha vis\u00e3o \u00e9 um comparativo entre necessidade, desejo, pre\u00e7o e viabilidade de um produto ou servi\u00e7o que lhe interesse.<\/p>\n<p>Fonte: ecommercenews.com.br<\/p>\n","protected":false},"excerpt":{"rendered":"<p>&nbsp; Como todos j\u00e1 sabem, em novembro acontece a Black Friday, considerada a grande data do varejo. O objetivo dela \u00e9 simples: uma sexta-feira para o lojista fazer giro de caixa e rodar seus estoques. Aos clientes, pre\u00e7os baixos e boas oportunidades de compras. A ansiedade de ambos os lados n\u00e3o \u00e9 para menos pois, [&hellip;]<\/p>\n","protected":false},"author":8,"featured_media":0,"comment_status":"closed","ping_status":"closed","sticky":false,"template":"","format":"standard","meta":{"footnotes":""},"categories":[25,29],"tags":[],"class_list":["post-1522","post","type-post","status-publish","format-standard","hentry","category-ecommerce","category-marketing"],"yoast_head":"<!-- This site is optimized with the Yoast SEO plugin v26.5 - https:\/\/yoast.com\/wordpress\/plugins\/seo\/ -->\n<title>Black Friday chegando, economia no vermelho, mas o cen\u00e1rio do e-commerce \u00e9 positivo - SERI.E DESIGN, ag\u00eancia e-commerce<\/title>\n<meta name=\"robots\" content=\"index, follow, max-snippet:-1, max-image-preview:large, max-video-preview:-1\" \/>\n<link rel=\"canonical\" href=\"https:\/\/seriea.digital\/blog\/black-friday-chegando-economia-no-vermelho-mas-o-cenario-do-e-commerce-e-positivo\/\" \/>\n<meta property=\"og:locale\" content=\"pt_BR\" \/>\n<meta property=\"og:type\" content=\"article\" \/>\n<meta property=\"og:title\" content=\"Black Friday chegando, economia no vermelho, mas o cen\u00e1rio do e-commerce \u00e9 positivo - SERI.E DESIGN, ag\u00eancia e-commerce\" \/>\n<meta property=\"og:description\" content=\"&nbsp; Como todos j\u00e1 sabem, em novembro acontece a Black Friday, considerada a grande data do varejo. O objetivo dela \u00e9 simples: uma sexta-feira para o lojista fazer giro de caixa e rodar seus estoques. Aos clientes, pre\u00e7os baixos e boas oportunidades de compras. A ansiedade de ambos os lados n\u00e3o \u00e9 para menos pois, [&hellip;]\" \/>\n<meta property=\"og:url\" content=\"https:\/\/seriea.digital\/blog\/black-friday-chegando-economia-no-vermelho-mas-o-cenario-do-e-commerce-e-positivo\/\" \/>\n<meta property=\"og:site_name\" content=\"SERI.E DESIGN, ag\u00eancia e-commerce\" \/>\n<meta property=\"article:publisher\" content=\"https:\/\/www.facebook.com\/SERIEDESIGN\" \/>\n<meta property=\"article:published_time\" content=\"2015-10-22T13:43:47+00:00\" \/>\n<meta property=\"article:modified_time\" content=\"2016-09-14T16:55:32+00:00\" \/>\n<meta property=\"og:image\" content=\"https:\/\/seriea.digital\/blog1\/wp-content\/uploads\/2015\/10\/ecommerce.jpg\" \/>\n<meta name=\"author\" content=\"SERI.E DESIGN\" \/>\n<meta name=\"twitter:label1\" content=\"Escrito por\" \/>\n\t<meta name=\"twitter:data1\" content=\"SERI.E DESIGN\" \/>\n\t<meta name=\"twitter:label2\" content=\"Est. tempo de leitura\" \/>\n\t<meta name=\"twitter:data2\" content=\"2 minutos\" \/>\n<script type=\"application\/ld+json\" class=\"yoast-schema-graph\">{\"@context\":\"https:\/\/schema.org\",\"@graph\":[{\"@type\":\"WebPage\",\"@id\":\"https:\/\/seriea.digital\/blog\/black-friday-chegando-economia-no-vermelho-mas-o-cenario-do-e-commerce-e-positivo\/\",\"url\":\"https:\/\/seriea.digital\/blog\/black-friday-chegando-economia-no-vermelho-mas-o-cenario-do-e-commerce-e-positivo\/\",\"name\":\"Black Friday chegando, economia no vermelho, mas o cen\u00e1rio do e-commerce \u00e9 positivo - SERI.E DESIGN, ag\u00eancia e-commerce\",\"isPartOf\":{\"@id\":\"https:\/\/seriea.digital\/blog\/#website\"},\"primaryImageOfPage\":{\"@id\":\"https:\/\/seriea.digital\/blog\/black-friday-chegando-economia-no-vermelho-mas-o-cenario-do-e-commerce-e-positivo\/#primaryimage\"},\"image\":{\"@id\":\"https:\/\/seriea.digital\/blog\/black-friday-chegando-economia-no-vermelho-mas-o-cenario-do-e-commerce-e-positivo\/#primaryimage\"},\"thumbnailUrl\":\"https:\/\/seriea.digital\/blog1\/wp-content\/uploads\/2015\/10\/ecommerce.jpg\",\"datePublished\":\"2015-10-22T13:43:47+00:00\",\"dateModified\":\"2016-09-14T16:55:32+00:00\",\"author\":{\"@id\":\"https:\/\/seriea.digital\/blog\/#\/schema\/person\/e6b243027e8754686f5ab0fa3d065187\"},\"breadcrumb\":{\"@id\":\"https:\/\/seriea.digital\/blog\/black-friday-chegando-economia-no-vermelho-mas-o-cenario-do-e-commerce-e-positivo\/#breadcrumb\"},\"inLanguage\":\"pt-BR\",\"potentialAction\":[{\"@type\":\"ReadAction\",\"target\":[\"https:\/\/seriea.digital\/blog\/black-friday-chegando-economia-no-vermelho-mas-o-cenario-do-e-commerce-e-positivo\/\"]}]},{\"@type\":\"ImageObject\",\"inLanguage\":\"pt-BR\",\"@id\":\"https:\/\/seriea.digital\/blog\/black-friday-chegando-economia-no-vermelho-mas-o-cenario-do-e-commerce-e-positivo\/#primaryimage\",\"url\":\"https:\/\/seriea.digital\/blog1\/wp-content\/uploads\/2015\/10\/ecommerce.jpg\",\"contentUrl\":\"https:\/\/seriea.digital\/blog1\/wp-content\/uploads\/2015\/10\/ecommerce.jpg\"},{\"@type\":\"BreadcrumbList\",\"@id\":\"https:\/\/seriea.digital\/blog\/black-friday-chegando-economia-no-vermelho-mas-o-cenario-do-e-commerce-e-positivo\/#breadcrumb\",\"itemListElement\":[{\"@type\":\"ListItem\",\"position\":1,\"name\":\"In\u00edcio\",\"item\":\"https:\/\/seriea.digital\/blog\/\"},{\"@type\":\"ListItem\",\"position\":2,\"name\":\"Black Friday chegando, economia no vermelho, mas o cen\u00e1rio do e-commerce \u00e9 positivo\"}]},{\"@type\":\"WebSite\",\"@id\":\"https:\/\/seriea.digital\/blog\/#website\",\"url\":\"https:\/\/seriea.digital\/blog\/\",\"name\":\"SERI.E DESIGN\",\"description\":\"Ag\u00eancia digital especializada em e-commerce - Desenvolvimento de layout pra E-commerce, Tray Commerce,Wake, Vtex, Deco, Sites. Eleita a ag\u00eancia com melhor atendimento.\",\"potentialAction\":[{\"@type\":\"SearchAction\",\"target\":{\"@type\":\"EntryPoint\",\"urlTemplate\":\"https:\/\/seriea.digital\/blog\/?s={search_term_string}\"},\"query-input\":{\"@type\":\"PropertyValueSpecification\",\"valueRequired\":true,\"valueName\":\"search_term_string\"}}],\"inLanguage\":\"pt-BR\"},{\"@type\":\"Person\",\"@id\":\"https:\/\/seriea.digital\/blog\/#\/schema\/person\/e6b243027e8754686f5ab0fa3d065187\",\"name\":\"SERI.E DESIGN\",\"sameAs\":[\"https:\/\/seriea.digital\/blog\/\"],\"url\":\"https:\/\/seriea.digital\/blog\/author\/seri-e-design\/\"}]}<\/script>\n<!-- \/ Yoast SEO plugin. -->","yoast_head_json":{"title":"Black Friday chegando, economia no vermelho, mas o cen\u00e1rio do e-commerce \u00e9 positivo - SERI.E DESIGN, ag\u00eancia e-commerce","robots":{"index":"index","follow":"follow","max-snippet":"max-snippet:-1","max-image-preview":"max-image-preview:large","max-video-preview":"max-video-preview:-1"},"canonical":"https:\/\/seriea.digital\/blog\/black-friday-chegando-economia-no-vermelho-mas-o-cenario-do-e-commerce-e-positivo\/","og_locale":"pt_BR","og_type":"article","og_title":"Black Friday chegando, economia no vermelho, mas o cen\u00e1rio do e-commerce \u00e9 positivo - SERI.E DESIGN, ag\u00eancia e-commerce","og_description":"&nbsp; Como todos j\u00e1 sabem, em novembro acontece a Black Friday, considerada a grande data do varejo. O objetivo dela \u00e9 simples: uma sexta-feira para o lojista fazer giro de caixa e rodar seus estoques. Aos clientes, pre\u00e7os baixos e boas oportunidades de compras. A ansiedade de ambos os lados n\u00e3o \u00e9 para menos pois, [&hellip;]","og_url":"https:\/\/seriea.digital\/blog\/black-friday-chegando-economia-no-vermelho-mas-o-cenario-do-e-commerce-e-positivo\/","og_site_name":"SERI.E DESIGN, ag\u00eancia e-commerce","article_publisher":"https:\/\/www.facebook.com\/SERIEDESIGN","article_published_time":"2015-10-22T13:43:47+00:00","article_modified_time":"2016-09-14T16:55:32+00:00","og_image":[{"url":"https:\/\/seriea.digital\/blog1\/wp-content\/uploads\/2015\/10\/ecommerce.jpg","type":"","width":"","height":""}],"author":"SERI.E DESIGN","twitter_misc":{"Escrito por":"SERI.E DESIGN","Est. tempo de leitura":"2 minutos"},"schema":{"@context":"https:\/\/schema.org","@graph":[{"@type":"WebPage","@id":"https:\/\/seriea.digital\/blog\/black-friday-chegando-economia-no-vermelho-mas-o-cenario-do-e-commerce-e-positivo\/","url":"https:\/\/seriea.digital\/blog\/black-friday-chegando-economia-no-vermelho-mas-o-cenario-do-e-commerce-e-positivo\/","name":"Black Friday chegando, economia no vermelho, mas o cen\u00e1rio do e-commerce \u00e9 positivo - SERI.E DESIGN, ag\u00eancia e-commerce","isPartOf":{"@id":"https:\/\/seriea.digital\/blog\/#website"},"primaryImageOfPage":{"@id":"https:\/\/seriea.digital\/blog\/black-friday-chegando-economia-no-vermelho-mas-o-cenario-do-e-commerce-e-positivo\/#primaryimage"},"image":{"@id":"https:\/\/seriea.digital\/blog\/black-friday-chegando-economia-no-vermelho-mas-o-cenario-do-e-commerce-e-positivo\/#primaryimage"},"thumbnailUrl":"https:\/\/seriea.digital\/blog1\/wp-content\/uploads\/2015\/10\/ecommerce.jpg","datePublished":"2015-10-22T13:43:47+00:00","dateModified":"2016-09-14T16:55:32+00:00","author":{"@id":"https:\/\/seriea.digital\/blog\/#\/schema\/person\/e6b243027e8754686f5ab0fa3d065187"},"breadcrumb":{"@id":"https:\/\/seriea.digital\/blog\/black-friday-chegando-economia-no-vermelho-mas-o-cenario-do-e-commerce-e-positivo\/#breadcrumb"},"inLanguage":"pt-BR","potentialAction":[{"@type":"ReadAction","target":["https:\/\/seriea.digital\/blog\/black-friday-chegando-economia-no-vermelho-mas-o-cenario-do-e-commerce-e-positivo\/"]}]},{"@type":"ImageObject","inLanguage":"pt-BR","@id":"https:\/\/seriea.digital\/blog\/black-friday-chegando-economia-no-vermelho-mas-o-cenario-do-e-commerce-e-positivo\/#primaryimage","url":"https:\/\/seriea.digital\/blog1\/wp-content\/uploads\/2015\/10\/ecommerce.jpg","contentUrl":"https:\/\/seriea.digital\/blog1\/wp-content\/uploads\/2015\/10\/ecommerce.jpg"},{"@type":"BreadcrumbList","@id":"https:\/\/seriea.digital\/blog\/black-friday-chegando-economia-no-vermelho-mas-o-cenario-do-e-commerce-e-positivo\/#breadcrumb","itemListElement":[{"@type":"ListItem","position":1,"name":"In\u00edcio","item":"https:\/\/seriea.digital\/blog\/"},{"@type":"ListItem","position":2,"name":"Black Friday chegando, economia no vermelho, mas o cen\u00e1rio do e-commerce \u00e9 positivo"}]},{"@type":"WebSite","@id":"https:\/\/seriea.digital\/blog\/#website","url":"https:\/\/seriea.digital\/blog\/","name":"SERI.E DESIGN","description":"Ag\u00eancia digital especializada em e-commerce - Desenvolvimento de layout pra E-commerce, Tray Commerce,Wake, Vtex, Deco, Sites. Eleita a ag\u00eancia com melhor atendimento.","potentialAction":[{"@type":"SearchAction","target":{"@type":"EntryPoint","urlTemplate":"https:\/\/seriea.digital\/blog\/?s={search_term_string}"},"query-input":{"@type":"PropertyValueSpecification","valueRequired":true,"valueName":"search_term_string"}}],"inLanguage":"pt-BR"},{"@type":"Person","@id":"https:\/\/seriea.digital\/blog\/#\/schema\/person\/e6b243027e8754686f5ab0fa3d065187","name":"SERI.E DESIGN","sameAs":["https:\/\/seriea.digital\/blog\/"],"url":"https:\/\/seriea.digital\/blog\/author\/seri-e-design\/"}]}},"_links":{"self":[{"href":"https:\/\/seriea.digital\/blog\/wp-json\/wp\/v2\/posts\/1522","targetHints":{"allow":["GET"]}}],"collection":[{"href":"https:\/\/seriea.digital\/blog\/wp-json\/wp\/v2\/posts"}],"about":[{"href":"https:\/\/seriea.digital\/blog\/wp-json\/wp\/v2\/types\/post"}],"author":[{"embeddable":true,"href":"https:\/\/seriea.digital\/blog\/wp-json\/wp\/v2\/users\/8"}],"replies":[{"embeddable":true,"href":"https:\/\/seriea.digital\/blog\/wp-json\/wp\/v2\/comments?post=1522"}],"version-history":[{"count":2,"href":"https:\/\/seriea.digital\/blog\/wp-json\/wp\/v2\/posts\/1522\/revisions"}],"predecessor-version":[{"id":2051,"href":"https:\/\/seriea.digital\/blog\/wp-json\/wp\/v2\/posts\/1522\/revisions\/2051"}],"wp:attachment":[{"href":"https:\/\/seriea.digital\/blog\/wp-json\/wp\/v2\/media?parent=1522"}],"wp:term":[{"taxonomy":"category","embeddable":true,"href":"https:\/\/seriea.digital\/blog\/wp-json\/wp\/v2\/categories?post=1522"},{"taxonomy":"post_tag","embeddable":true,"href":"https:\/\/seriea.digital\/blog\/wp-json\/wp\/v2\/tags?post=1522"}],"curies":[{"name":"wp","href":"https:\/\/api.w.org\/{rel}","templated":true}]}}