{"id":1615,"date":"2015-12-16T15:39:06","date_gmt":"2015-12-16T18:39:06","guid":{"rendered":"https:\/\/seriea.digital\/blog1\/?p=1615"},"modified":"2016-09-14T13:55:10","modified_gmt":"2016-09-14T16:55:10","slug":"e-commerce-espera-faturar-r-67-bilhoes-no-natal-de-2015","status":"publish","type":"post","link":"https:\/\/seriea.digital\/blog\/e-commerce-espera-faturar-r-67-bilhoes-no-natal-de-2015\/","title":{"rendered":"E-commerce espera faturar R$ 6,7 bilh\u00f5es no Natal de 2015"},"content":{"rendered":"<p><a href=\"https:\/\/seriea.digital\/blog1\/wp-content\/uploads\/2015\/12\/balanco-ecommerce.jpg\"><img fetchpriority=\"high\" decoding=\"async\" class=\"alignnone size-full wp-image-1616\" src=\"https:\/\/seriea.digital\/blog1\/wp-content\/uploads\/2015\/12\/balanco-ecommerce.jpg\" alt=\"balanco-ecommerce\" width=\"590\" height=\"389\" srcset=\"https:\/\/seriea.digital\/blog\/wp-content\/uploads\/2015\/12\/balanco-ecommerce.jpg 590w, https:\/\/seriea.digital\/blog\/wp-content\/uploads\/2015\/12\/balanco-ecommerce-300x198.jpg 300w\" sizes=\"(max-width: 590px) 100vw, 590px\" \/><\/a><\/p>\n<p>Principal data para o varejo brasileiro, o Natal vai movimentar o com\u00e9rcio eletr\u00f4nico brasileiro no fim de 2015. De acordo com a ABComm (Associa\u00e7\u00e3o Brasileira de Com\u00e9rcio Eletr\u00f4nico), a estimativa \u00e9 que as lojas virtuais faturem R$ 6,7 bilh\u00f5es com as compras realizadas entre 16 de novembro e 23 de dezembro.<br \/>\n<!--more--><\/p>\n<p>O desempenho esperado \u00e9 de 18% acima do registrado em 2014, impulsionado por mais de 24 milh\u00f5es de pedidos, com ticket m\u00e9dio de R$ 280. As categorias com maior expectativa de vendas s\u00e3o Moda, Brinquedos, Eletr\u00f4nicos, Inform\u00e1tica e Eletrodom\u00e9sticos. Ao todo, 20% das compras devem ser feitas via mobile e a participa\u00e7\u00e3o da Black Friday, realizada na \u00faltima sexta-feira de novembro, no faturamento do per\u00edodo \u00e9 de 30%.<\/p>\n<p>\u201cNeste ano, a categoria moda, com pre\u00e7os mais em conta em rela\u00e7\u00e3o a outros departamentos, ter\u00e1 um destaque maior na prefer\u00eancia do consumidor. Nem mesmo a crise, preocupa\u00e7\u00e3o com atrasos e greves dos Correios impede uma expectativa positiva neste fim de 2015 para o e-commerce brasileiro\u201d, confirma Maur\u00edcio Salvador, presidente da ABComm.<\/p>\n<p>Fonte: ecommercenews.com.br<\/p>\n","protected":false},"excerpt":{"rendered":"<p>Principal data para o varejo brasileiro, o Natal vai movimentar o com\u00e9rcio eletr\u00f4nico brasileiro no fim de 2015. De acordo com a ABComm (Associa\u00e7\u00e3o Brasileira de Com\u00e9rcio Eletr\u00f4nico), a estimativa \u00e9 que as lojas virtuais faturem R$ 6,7 bilh\u00f5es com as compras realizadas entre 16 de novembro e 23 de dezembro.<\/p>\n","protected":false},"author":8,"featured_media":0,"comment_status":"closed","ping_status":"closed","sticky":false,"template":"","format":"standard","meta":{"footnotes":""},"categories":[25,29],"tags":[],"class_list":["post-1615","post","type-post","status-publish","format-standard","hentry","category-ecommerce","category-marketing"],"yoast_head":"<!-- This site is optimized with the Yoast SEO plugin v26.5 - https:\/\/yoast.com\/wordpress\/plugins\/seo\/ -->\n<title>E-commerce espera faturar R$ 6,7 bilh\u00f5es no Natal de 2015 - SERI.E DESIGN, ag\u00eancia e-commerce<\/title>\n<meta name=\"robots\" content=\"index, follow, max-snippet:-1, max-image-preview:large, max-video-preview:-1\" \/>\n<link rel=\"canonical\" href=\"https:\/\/seriea.digital\/blog\/e-commerce-espera-faturar-r-67-bilhoes-no-natal-de-2015\/\" \/>\n<meta property=\"og:locale\" content=\"pt_BR\" \/>\n<meta property=\"og:type\" content=\"article\" \/>\n<meta property=\"og:title\" content=\"E-commerce espera faturar R$ 6,7 bilh\u00f5es no Natal de 2015 - SERI.E DESIGN, ag\u00eancia e-commerce\" \/>\n<meta property=\"og:description\" content=\"Principal data para o varejo brasileiro, o Natal vai movimentar o com\u00e9rcio eletr\u00f4nico brasileiro no fim de 2015. De acordo com a ABComm (Associa\u00e7\u00e3o Brasileira de Com\u00e9rcio Eletr\u00f4nico), a estimativa \u00e9 que as lojas virtuais faturem R$ 6,7 bilh\u00f5es com as compras realizadas entre 16 de novembro e 23 de dezembro.\" \/>\n<meta property=\"og:url\" content=\"https:\/\/seriea.digital\/blog\/e-commerce-espera-faturar-r-67-bilhoes-no-natal-de-2015\/\" \/>\n<meta property=\"og:site_name\" content=\"SERI.E DESIGN, ag\u00eancia e-commerce\" \/>\n<meta property=\"article:publisher\" content=\"https:\/\/www.facebook.com\/SERIEDESIGN\" \/>\n<meta property=\"article:published_time\" content=\"2015-12-16T18:39:06+00:00\" \/>\n<meta property=\"article:modified_time\" content=\"2016-09-14T16:55:10+00:00\" \/>\n<meta property=\"og:image\" content=\"https:\/\/seriea.digital\/blog1\/wp-content\/uploads\/2015\/12\/balanco-ecommerce.jpg\" \/>\n<meta name=\"author\" content=\"SERI.E DESIGN\" \/>\n<meta name=\"twitter:label1\" content=\"Escrito por\" \/>\n\t<meta name=\"twitter:data1\" content=\"SERI.E DESIGN\" \/>\n\t<meta name=\"twitter:label2\" content=\"Est. tempo de leitura\" \/>\n\t<meta name=\"twitter:data2\" content=\"1 minuto\" \/>\n<script type=\"application\/ld+json\" class=\"yoast-schema-graph\">{\"@context\":\"https:\/\/schema.org\",\"@graph\":[{\"@type\":\"WebPage\",\"@id\":\"https:\/\/seriea.digital\/blog\/e-commerce-espera-faturar-r-67-bilhoes-no-natal-de-2015\/\",\"url\":\"https:\/\/seriea.digital\/blog\/e-commerce-espera-faturar-r-67-bilhoes-no-natal-de-2015\/\",\"name\":\"E-commerce espera faturar R$ 6,7 bilh\u00f5es no Natal de 2015 - SERI.E DESIGN, ag\u00eancia e-commerce\",\"isPartOf\":{\"@id\":\"https:\/\/seriea.digital\/blog\/#website\"},\"primaryImageOfPage\":{\"@id\":\"https:\/\/seriea.digital\/blog\/e-commerce-espera-faturar-r-67-bilhoes-no-natal-de-2015\/#primaryimage\"},\"image\":{\"@id\":\"https:\/\/seriea.digital\/blog\/e-commerce-espera-faturar-r-67-bilhoes-no-natal-de-2015\/#primaryimage\"},\"thumbnailUrl\":\"https:\/\/seriea.digital\/blog1\/wp-content\/uploads\/2015\/12\/balanco-ecommerce.jpg\",\"datePublished\":\"2015-12-16T18:39:06+00:00\",\"dateModified\":\"2016-09-14T16:55:10+00:00\",\"author\":{\"@id\":\"https:\/\/seriea.digital\/blog\/#\/schema\/person\/e6b243027e8754686f5ab0fa3d065187\"},\"breadcrumb\":{\"@id\":\"https:\/\/seriea.digital\/blog\/e-commerce-espera-faturar-r-67-bilhoes-no-natal-de-2015\/#breadcrumb\"},\"inLanguage\":\"pt-BR\",\"potentialAction\":[{\"@type\":\"ReadAction\",\"target\":[\"https:\/\/seriea.digital\/blog\/e-commerce-espera-faturar-r-67-bilhoes-no-natal-de-2015\/\"]}]},{\"@type\":\"ImageObject\",\"inLanguage\":\"pt-BR\",\"@id\":\"https:\/\/seriea.digital\/blog\/e-commerce-espera-faturar-r-67-bilhoes-no-natal-de-2015\/#primaryimage\",\"url\":\"https:\/\/seriea.digital\/blog1\/wp-content\/uploads\/2015\/12\/balanco-ecommerce.jpg\",\"contentUrl\":\"https:\/\/seriea.digital\/blog1\/wp-content\/uploads\/2015\/12\/balanco-ecommerce.jpg\"},{\"@type\":\"BreadcrumbList\",\"@id\":\"https:\/\/seriea.digital\/blog\/e-commerce-espera-faturar-r-67-bilhoes-no-natal-de-2015\/#breadcrumb\",\"itemListElement\":[{\"@type\":\"ListItem\",\"position\":1,\"name\":\"In\u00edcio\",\"item\":\"https:\/\/seriea.digital\/blog\/\"},{\"@type\":\"ListItem\",\"position\":2,\"name\":\"E-commerce espera faturar R$ 6,7 bilh\u00f5es no Natal de 2015\"}]},{\"@type\":\"WebSite\",\"@id\":\"https:\/\/seriea.digital\/blog\/#website\",\"url\":\"https:\/\/seriea.digital\/blog\/\",\"name\":\"SERI.E DESIGN\",\"description\":\"Ag\u00eancia digital especializada em e-commerce - Desenvolvimento de layout pra E-commerce, Tray Commerce,Wake, Vtex, Deco, Sites. Eleita a ag\u00eancia com melhor atendimento.\",\"potentialAction\":[{\"@type\":\"SearchAction\",\"target\":{\"@type\":\"EntryPoint\",\"urlTemplate\":\"https:\/\/seriea.digital\/blog\/?s={search_term_string}\"},\"query-input\":{\"@type\":\"PropertyValueSpecification\",\"valueRequired\":true,\"valueName\":\"search_term_string\"}}],\"inLanguage\":\"pt-BR\"},{\"@type\":\"Person\",\"@id\":\"https:\/\/seriea.digital\/blog\/#\/schema\/person\/e6b243027e8754686f5ab0fa3d065187\",\"name\":\"SERI.E DESIGN\",\"sameAs\":[\"https:\/\/seriea.digital\/blog\/\"],\"url\":\"https:\/\/seriea.digital\/blog\/author\/seri-e-design\/\"}]}<\/script>\n<!-- \/ Yoast SEO plugin. -->","yoast_head_json":{"title":"E-commerce espera faturar R$ 6,7 bilh\u00f5es no Natal de 2015 - SERI.E DESIGN, ag\u00eancia e-commerce","robots":{"index":"index","follow":"follow","max-snippet":"max-snippet:-1","max-image-preview":"max-image-preview:large","max-video-preview":"max-video-preview:-1"},"canonical":"https:\/\/seriea.digital\/blog\/e-commerce-espera-faturar-r-67-bilhoes-no-natal-de-2015\/","og_locale":"pt_BR","og_type":"article","og_title":"E-commerce espera faturar R$ 6,7 bilh\u00f5es no Natal de 2015 - SERI.E DESIGN, ag\u00eancia e-commerce","og_description":"Principal data para o varejo brasileiro, o Natal vai movimentar o com\u00e9rcio eletr\u00f4nico brasileiro no fim de 2015. De acordo com a ABComm (Associa\u00e7\u00e3o Brasileira de Com\u00e9rcio Eletr\u00f4nico), a estimativa \u00e9 que as lojas virtuais faturem R$ 6,7 bilh\u00f5es com as compras realizadas entre 16 de novembro e 23 de dezembro.","og_url":"https:\/\/seriea.digital\/blog\/e-commerce-espera-faturar-r-67-bilhoes-no-natal-de-2015\/","og_site_name":"SERI.E DESIGN, ag\u00eancia e-commerce","article_publisher":"https:\/\/www.facebook.com\/SERIEDESIGN","article_published_time":"2015-12-16T18:39:06+00:00","article_modified_time":"2016-09-14T16:55:10+00:00","og_image":[{"url":"https:\/\/seriea.digital\/blog1\/wp-content\/uploads\/2015\/12\/balanco-ecommerce.jpg","type":"","width":"","height":""}],"author":"SERI.E DESIGN","twitter_misc":{"Escrito por":"SERI.E DESIGN","Est. tempo de leitura":"1 minuto"},"schema":{"@context":"https:\/\/schema.org","@graph":[{"@type":"WebPage","@id":"https:\/\/seriea.digital\/blog\/e-commerce-espera-faturar-r-67-bilhoes-no-natal-de-2015\/","url":"https:\/\/seriea.digital\/blog\/e-commerce-espera-faturar-r-67-bilhoes-no-natal-de-2015\/","name":"E-commerce espera faturar R$ 6,7 bilh\u00f5es no Natal de 2015 - SERI.E DESIGN, ag\u00eancia e-commerce","isPartOf":{"@id":"https:\/\/seriea.digital\/blog\/#website"},"primaryImageOfPage":{"@id":"https:\/\/seriea.digital\/blog\/e-commerce-espera-faturar-r-67-bilhoes-no-natal-de-2015\/#primaryimage"},"image":{"@id":"https:\/\/seriea.digital\/blog\/e-commerce-espera-faturar-r-67-bilhoes-no-natal-de-2015\/#primaryimage"},"thumbnailUrl":"https:\/\/seriea.digital\/blog1\/wp-content\/uploads\/2015\/12\/balanco-ecommerce.jpg","datePublished":"2015-12-16T18:39:06+00:00","dateModified":"2016-09-14T16:55:10+00:00","author":{"@id":"https:\/\/seriea.digital\/blog\/#\/schema\/person\/e6b243027e8754686f5ab0fa3d065187"},"breadcrumb":{"@id":"https:\/\/seriea.digital\/blog\/e-commerce-espera-faturar-r-67-bilhoes-no-natal-de-2015\/#breadcrumb"},"inLanguage":"pt-BR","potentialAction":[{"@type":"ReadAction","target":["https:\/\/seriea.digital\/blog\/e-commerce-espera-faturar-r-67-bilhoes-no-natal-de-2015\/"]}]},{"@type":"ImageObject","inLanguage":"pt-BR","@id":"https:\/\/seriea.digital\/blog\/e-commerce-espera-faturar-r-67-bilhoes-no-natal-de-2015\/#primaryimage","url":"https:\/\/seriea.digital\/blog1\/wp-content\/uploads\/2015\/12\/balanco-ecommerce.jpg","contentUrl":"https:\/\/seriea.digital\/blog1\/wp-content\/uploads\/2015\/12\/balanco-ecommerce.jpg"},{"@type":"BreadcrumbList","@id":"https:\/\/seriea.digital\/blog\/e-commerce-espera-faturar-r-67-bilhoes-no-natal-de-2015\/#breadcrumb","itemListElement":[{"@type":"ListItem","position":1,"name":"In\u00edcio","item":"https:\/\/seriea.digital\/blog\/"},{"@type":"ListItem","position":2,"name":"E-commerce espera faturar R$ 6,7 bilh\u00f5es no Natal de 2015"}]},{"@type":"WebSite","@id":"https:\/\/seriea.digital\/blog\/#website","url":"https:\/\/seriea.digital\/blog\/","name":"SERI.E DESIGN","description":"Ag\u00eancia digital especializada em e-commerce - Desenvolvimento de layout pra E-commerce, Tray Commerce,Wake, Vtex, Deco, Sites. Eleita a ag\u00eancia com melhor atendimento.","potentialAction":[{"@type":"SearchAction","target":{"@type":"EntryPoint","urlTemplate":"https:\/\/seriea.digital\/blog\/?s={search_term_string}"},"query-input":{"@type":"PropertyValueSpecification","valueRequired":true,"valueName":"search_term_string"}}],"inLanguage":"pt-BR"},{"@type":"Person","@id":"https:\/\/seriea.digital\/blog\/#\/schema\/person\/e6b243027e8754686f5ab0fa3d065187","name":"SERI.E DESIGN","sameAs":["https:\/\/seriea.digital\/blog\/"],"url":"https:\/\/seriea.digital\/blog\/author\/seri-e-design\/"}]}},"_links":{"self":[{"href":"https:\/\/seriea.digital\/blog\/wp-json\/wp\/v2\/posts\/1615","targetHints":{"allow":["GET"]}}],"collection":[{"href":"https:\/\/seriea.digital\/blog\/wp-json\/wp\/v2\/posts"}],"about":[{"href":"https:\/\/seriea.digital\/blog\/wp-json\/wp\/v2\/types\/post"}],"author":[{"embeddable":true,"href":"https:\/\/seriea.digital\/blog\/wp-json\/wp\/v2\/users\/8"}],"replies":[{"embeddable":true,"href":"https:\/\/seriea.digital\/blog\/wp-json\/wp\/v2\/comments?post=1615"}],"version-history":[{"count":2,"href":"https:\/\/seriea.digital\/blog\/wp-json\/wp\/v2\/posts\/1615\/revisions"}],"predecessor-version":[{"id":2048,"href":"https:\/\/seriea.digital\/blog\/wp-json\/wp\/v2\/posts\/1615\/revisions\/2048"}],"wp:attachment":[{"href":"https:\/\/seriea.digital\/blog\/wp-json\/wp\/v2\/media?parent=1615"}],"wp:term":[{"taxonomy":"category","embeddable":true,"href":"https:\/\/seriea.digital\/blog\/wp-json\/wp\/v2\/categories?post=1615"},{"taxonomy":"post_tag","embeddable":true,"href":"https:\/\/seriea.digital\/blog\/wp-json\/wp\/v2\/tags?post=1615"}],"curies":[{"name":"wp","href":"https:\/\/api.w.org\/{rel}","templated":true}]}}