{"id":1657,"date":"2016-04-14T16:35:51","date_gmt":"2016-04-14T19:35:51","guid":{"rendered":"https:\/\/seriea.digital\/blog1\/?p=1657"},"modified":"2016-09-14T13:49:54","modified_gmt":"2016-09-14T16:49:54","slug":"e-se-as-marcas-mostrassem-os-efeitos-de-seus-produtos","status":"publish","type":"post","link":"https:\/\/seriea.digital\/blog\/e-se-as-marcas-mostrassem-os-efeitos-de-seus-produtos\/","title":{"rendered":"E se as marcas mostrassem os efeitos de seus produtos?"},"content":{"rendered":"<p><img fetchpriority=\"high\" decoding=\"async\" class=\"alignnone\" src=\"http:\/\/www.radiopositiva.net\/site\/wp-content\/uploads\/2015\/01\/marcas.jpg\" alt=\"\" width=\"600\" height=\"399\" \/><\/p>\n<p>\u00c9 bastante comum que uma marca de produto ou neg\u00f3cio represente em seu logo aquilo que ela oferece ou o que a torna conhecida. Claro que isso n\u00e3o \u00e9 uma regra, por\u00e9m muitas empresas aderem a essa tend\u00eancia. Mas o que aconteceria se os efeitos de consumo do produto j\u00e1 pudesse ser visto no logotipo da marca? Confira o\u00a0projeto idealizado por\u00a0Marco Schembri:<\/p>\n<p><!--more--><\/p>\n<p><img decoding=\"async\" class=\"alignnone\" src=\"http:\/\/designontherocks.blog.br\/wp-content\/uploads\/2016\/03\/6c280333097231.png\" alt=\"\" width=\"862\" height=\"414\" \/><img decoding=\"async\" class=\"alignnone\" src=\"http:\/\/designontherocks.blog.br\/wp-content\/uploads\/2016\/03\/463d4333097231.png\" alt=\"\" width=\"1200\" height=\"577\" \/><img loading=\"lazy\" decoding=\"async\" class=\"alignnone\" src=\"http:\/\/designontherocks.blog.br\/wp-content\/uploads\/2016\/03\/e2c20f33097231.png\" alt=\"\" width=\"1200\" height=\"577\" \/><img loading=\"lazy\" decoding=\"async\" class=\"alignnone\" src=\"http:\/\/designontherocks.blog.br\/wp-content\/uploads\/2016\/03\/eb16bc33097231.png\" alt=\"\" width=\"708\" height=\"340\" \/><\/p>\n<p><img loading=\"lazy\" decoding=\"async\" class=\"alignnone\" src=\"http:\/\/designontherocks.blog.br\/wp-content\/uploads\/2016\/03\/f20abd33097231.png\" alt=\"\" width=\"655\" height=\"319\" \/><\/p>\n","protected":false},"excerpt":{"rendered":"<p>\u00c9 bastante comum que uma marca de produto ou neg\u00f3cio represente em seu logo aquilo que ela oferece ou o que a torna conhecida. Claro que isso n\u00e3o \u00e9 uma regra, por\u00e9m muitas empresas aderem a essa tend\u00eancia. Mas o que aconteceria se os efeitos de consumo do produto j\u00e1 pudesse ser visto no logotipo [&hellip;]<\/p>\n","protected":false},"author":8,"featured_media":0,"comment_status":"closed","ping_status":"closed","sticky":false,"template":"","format":"standard","meta":{"footnotes":""},"categories":[19],"tags":[],"class_list":["post-1657","post","type-post","status-publish","format-standard","hentry","category-design"],"yoast_head":"<!-- This site is optimized with the Yoast SEO plugin v26.5 - https:\/\/yoast.com\/wordpress\/plugins\/seo\/ -->\n<title>E se as marcas mostrassem os efeitos de seus produtos? - SERI.E DESIGN, ag\u00eancia e-commerce<\/title>\n<meta name=\"robots\" content=\"index, follow, max-snippet:-1, max-image-preview:large, max-video-preview:-1\" \/>\n<link rel=\"canonical\" href=\"https:\/\/seriea.digital\/blog\/e-se-as-marcas-mostrassem-os-efeitos-de-seus-produtos\/\" \/>\n<meta property=\"og:locale\" content=\"pt_BR\" \/>\n<meta property=\"og:type\" content=\"article\" \/>\n<meta property=\"og:title\" content=\"E se as marcas mostrassem os efeitos de seus produtos? - SERI.E DESIGN, ag\u00eancia e-commerce\" \/>\n<meta property=\"og:description\" content=\"\u00c9 bastante comum que uma marca de produto ou neg\u00f3cio represente em seu logo aquilo que ela oferece ou o que a torna conhecida. Claro que isso n\u00e3o \u00e9 uma regra, por\u00e9m muitas empresas aderem a essa tend\u00eancia. Mas o que aconteceria se os efeitos de consumo do produto j\u00e1 pudesse ser visto no logotipo [&hellip;]\" \/>\n<meta property=\"og:url\" content=\"https:\/\/seriea.digital\/blog\/e-se-as-marcas-mostrassem-os-efeitos-de-seus-produtos\/\" \/>\n<meta property=\"og:site_name\" content=\"SERI.E DESIGN, ag\u00eancia e-commerce\" \/>\n<meta property=\"article:publisher\" content=\"https:\/\/www.facebook.com\/SERIEDESIGN\" \/>\n<meta property=\"article:published_time\" content=\"2016-04-14T19:35:51+00:00\" \/>\n<meta property=\"article:modified_time\" content=\"2016-09-14T16:49:54+00:00\" \/>\n<meta property=\"og:image\" content=\"http:\/\/www.radiopositiva.net\/site\/wp-content\/uploads\/2015\/01\/marcas.jpg\" \/>\n<meta name=\"author\" content=\"SERI.E DESIGN\" \/>\n<meta name=\"twitter:label1\" content=\"Escrito por\" \/>\n\t<meta name=\"twitter:data1\" content=\"SERI.E DESIGN\" \/>\n<script type=\"application\/ld+json\" class=\"yoast-schema-graph\">{\"@context\":\"https:\/\/schema.org\",\"@graph\":[{\"@type\":\"WebPage\",\"@id\":\"https:\/\/seriea.digital\/blog\/e-se-as-marcas-mostrassem-os-efeitos-de-seus-produtos\/\",\"url\":\"https:\/\/seriea.digital\/blog\/e-se-as-marcas-mostrassem-os-efeitos-de-seus-produtos\/\",\"name\":\"E se as marcas mostrassem os efeitos de seus produtos? - SERI.E DESIGN, ag\u00eancia e-commerce\",\"isPartOf\":{\"@id\":\"https:\/\/seriea.digital\/blog\/#website\"},\"primaryImageOfPage\":{\"@id\":\"https:\/\/seriea.digital\/blog\/e-se-as-marcas-mostrassem-os-efeitos-de-seus-produtos\/#primaryimage\"},\"image\":{\"@id\":\"https:\/\/seriea.digital\/blog\/e-se-as-marcas-mostrassem-os-efeitos-de-seus-produtos\/#primaryimage\"},\"thumbnailUrl\":\"http:\/\/www.radiopositiva.net\/site\/wp-content\/uploads\/2015\/01\/marcas.jpg\",\"datePublished\":\"2016-04-14T19:35:51+00:00\",\"dateModified\":\"2016-09-14T16:49:54+00:00\",\"author\":{\"@id\":\"https:\/\/seriea.digital\/blog\/#\/schema\/person\/e6b243027e8754686f5ab0fa3d065187\"},\"breadcrumb\":{\"@id\":\"https:\/\/seriea.digital\/blog\/e-se-as-marcas-mostrassem-os-efeitos-de-seus-produtos\/#breadcrumb\"},\"inLanguage\":\"pt-BR\",\"potentialAction\":[{\"@type\":\"ReadAction\",\"target\":[\"https:\/\/seriea.digital\/blog\/e-se-as-marcas-mostrassem-os-efeitos-de-seus-produtos\/\"]}]},{\"@type\":\"ImageObject\",\"inLanguage\":\"pt-BR\",\"@id\":\"https:\/\/seriea.digital\/blog\/e-se-as-marcas-mostrassem-os-efeitos-de-seus-produtos\/#primaryimage\",\"url\":\"http:\/\/www.radiopositiva.net\/site\/wp-content\/uploads\/2015\/01\/marcas.jpg\",\"contentUrl\":\"http:\/\/www.radiopositiva.net\/site\/wp-content\/uploads\/2015\/01\/marcas.jpg\"},{\"@type\":\"BreadcrumbList\",\"@id\":\"https:\/\/seriea.digital\/blog\/e-se-as-marcas-mostrassem-os-efeitos-de-seus-produtos\/#breadcrumb\",\"itemListElement\":[{\"@type\":\"ListItem\",\"position\":1,\"name\":\"In\u00edcio\",\"item\":\"https:\/\/seriea.digital\/blog\/\"},{\"@type\":\"ListItem\",\"position\":2,\"name\":\"E se as marcas mostrassem os efeitos de seus produtos?\"}]},{\"@type\":\"WebSite\",\"@id\":\"https:\/\/seriea.digital\/blog\/#website\",\"url\":\"https:\/\/seriea.digital\/blog\/\",\"name\":\"SERI.E DESIGN\",\"description\":\"Ag\u00eancia digital especializada em e-commerce - Desenvolvimento de layout pra E-commerce, Tray Commerce,Wake, Vtex, Deco, Sites. Eleita a ag\u00eancia com melhor atendimento.\",\"potentialAction\":[{\"@type\":\"SearchAction\",\"target\":{\"@type\":\"EntryPoint\",\"urlTemplate\":\"https:\/\/seriea.digital\/blog\/?s={search_term_string}\"},\"query-input\":{\"@type\":\"PropertyValueSpecification\",\"valueRequired\":true,\"valueName\":\"search_term_string\"}}],\"inLanguage\":\"pt-BR\"},{\"@type\":\"Person\",\"@id\":\"https:\/\/seriea.digital\/blog\/#\/schema\/person\/e6b243027e8754686f5ab0fa3d065187\",\"name\":\"SERI.E DESIGN\",\"sameAs\":[\"https:\/\/seriea.digital\/blog\/\"],\"url\":\"https:\/\/seriea.digital\/blog\/author\/seri-e-design\/\"}]}<\/script>\n<!-- \/ Yoast SEO plugin. -->","yoast_head_json":{"title":"E se as marcas mostrassem os efeitos de seus produtos? - SERI.E DESIGN, ag\u00eancia e-commerce","robots":{"index":"index","follow":"follow","max-snippet":"max-snippet:-1","max-image-preview":"max-image-preview:large","max-video-preview":"max-video-preview:-1"},"canonical":"https:\/\/seriea.digital\/blog\/e-se-as-marcas-mostrassem-os-efeitos-de-seus-produtos\/","og_locale":"pt_BR","og_type":"article","og_title":"E se as marcas mostrassem os efeitos de seus produtos? - SERI.E DESIGN, ag\u00eancia e-commerce","og_description":"\u00c9 bastante comum que uma marca de produto ou neg\u00f3cio represente em seu logo aquilo que ela oferece ou o que a torna conhecida. Claro que isso n\u00e3o \u00e9 uma regra, por\u00e9m muitas empresas aderem a essa tend\u00eancia. Mas o que aconteceria se os efeitos de consumo do produto j\u00e1 pudesse ser visto no logotipo [&hellip;]","og_url":"https:\/\/seriea.digital\/blog\/e-se-as-marcas-mostrassem-os-efeitos-de-seus-produtos\/","og_site_name":"SERI.E DESIGN, ag\u00eancia e-commerce","article_publisher":"https:\/\/www.facebook.com\/SERIEDESIGN","article_published_time":"2016-04-14T19:35:51+00:00","article_modified_time":"2016-09-14T16:49:54+00:00","og_image":[{"url":"http:\/\/www.radiopositiva.net\/site\/wp-content\/uploads\/2015\/01\/marcas.jpg","type":"","width":"","height":""}],"author":"SERI.E DESIGN","twitter_misc":{"Escrito por":"SERI.E DESIGN"},"schema":{"@context":"https:\/\/schema.org","@graph":[{"@type":"WebPage","@id":"https:\/\/seriea.digital\/blog\/e-se-as-marcas-mostrassem-os-efeitos-de-seus-produtos\/","url":"https:\/\/seriea.digital\/blog\/e-se-as-marcas-mostrassem-os-efeitos-de-seus-produtos\/","name":"E se as marcas mostrassem os efeitos de seus produtos? - SERI.E DESIGN, ag\u00eancia e-commerce","isPartOf":{"@id":"https:\/\/seriea.digital\/blog\/#website"},"primaryImageOfPage":{"@id":"https:\/\/seriea.digital\/blog\/e-se-as-marcas-mostrassem-os-efeitos-de-seus-produtos\/#primaryimage"},"image":{"@id":"https:\/\/seriea.digital\/blog\/e-se-as-marcas-mostrassem-os-efeitos-de-seus-produtos\/#primaryimage"},"thumbnailUrl":"http:\/\/www.radiopositiva.net\/site\/wp-content\/uploads\/2015\/01\/marcas.jpg","datePublished":"2016-04-14T19:35:51+00:00","dateModified":"2016-09-14T16:49:54+00:00","author":{"@id":"https:\/\/seriea.digital\/blog\/#\/schema\/person\/e6b243027e8754686f5ab0fa3d065187"},"breadcrumb":{"@id":"https:\/\/seriea.digital\/blog\/e-se-as-marcas-mostrassem-os-efeitos-de-seus-produtos\/#breadcrumb"},"inLanguage":"pt-BR","potentialAction":[{"@type":"ReadAction","target":["https:\/\/seriea.digital\/blog\/e-se-as-marcas-mostrassem-os-efeitos-de-seus-produtos\/"]}]},{"@type":"ImageObject","inLanguage":"pt-BR","@id":"https:\/\/seriea.digital\/blog\/e-se-as-marcas-mostrassem-os-efeitos-de-seus-produtos\/#primaryimage","url":"http:\/\/www.radiopositiva.net\/site\/wp-content\/uploads\/2015\/01\/marcas.jpg","contentUrl":"http:\/\/www.radiopositiva.net\/site\/wp-content\/uploads\/2015\/01\/marcas.jpg"},{"@type":"BreadcrumbList","@id":"https:\/\/seriea.digital\/blog\/e-se-as-marcas-mostrassem-os-efeitos-de-seus-produtos\/#breadcrumb","itemListElement":[{"@type":"ListItem","position":1,"name":"In\u00edcio","item":"https:\/\/seriea.digital\/blog\/"},{"@type":"ListItem","position":2,"name":"E se as marcas mostrassem os efeitos de seus produtos?"}]},{"@type":"WebSite","@id":"https:\/\/seriea.digital\/blog\/#website","url":"https:\/\/seriea.digital\/blog\/","name":"SERI.E DESIGN","description":"Ag\u00eancia digital especializada em e-commerce - Desenvolvimento de layout pra E-commerce, Tray Commerce,Wake, Vtex, Deco, Sites. Eleita a ag\u00eancia com melhor atendimento.","potentialAction":[{"@type":"SearchAction","target":{"@type":"EntryPoint","urlTemplate":"https:\/\/seriea.digital\/blog\/?s={search_term_string}"},"query-input":{"@type":"PropertyValueSpecification","valueRequired":true,"valueName":"search_term_string"}}],"inLanguage":"pt-BR"},{"@type":"Person","@id":"https:\/\/seriea.digital\/blog\/#\/schema\/person\/e6b243027e8754686f5ab0fa3d065187","name":"SERI.E DESIGN","sameAs":["https:\/\/seriea.digital\/blog\/"],"url":"https:\/\/seriea.digital\/blog\/author\/seri-e-design\/"}]}},"_links":{"self":[{"href":"https:\/\/seriea.digital\/blog\/wp-json\/wp\/v2\/posts\/1657","targetHints":{"allow":["GET"]}}],"collection":[{"href":"https:\/\/seriea.digital\/blog\/wp-json\/wp\/v2\/posts"}],"about":[{"href":"https:\/\/seriea.digital\/blog\/wp-json\/wp\/v2\/types\/post"}],"author":[{"embeddable":true,"href":"https:\/\/seriea.digital\/blog\/wp-json\/wp\/v2\/users\/8"}],"replies":[{"embeddable":true,"href":"https:\/\/seriea.digital\/blog\/wp-json\/wp\/v2\/comments?post=1657"}],"version-history":[{"count":7,"href":"https:\/\/seriea.digital\/blog\/wp-json\/wp\/v2\/posts\/1657\/revisions"}],"predecessor-version":[{"id":2033,"href":"https:\/\/seriea.digital\/blog\/wp-json\/wp\/v2\/posts\/1657\/revisions\/2033"}],"wp:attachment":[{"href":"https:\/\/seriea.digital\/blog\/wp-json\/wp\/v2\/media?parent=1657"}],"wp:term":[{"taxonomy":"category","embeddable":true,"href":"https:\/\/seriea.digital\/blog\/wp-json\/wp\/v2\/categories?post=1657"},{"taxonomy":"post_tag","embeddable":true,"href":"https:\/\/seriea.digital\/blog\/wp-json\/wp\/v2\/tags?post=1657"}],"curies":[{"name":"wp","href":"https:\/\/api.w.org\/{rel}","templated":true}]}}