{"id":1894,"date":"2016-07-21T16:45:56","date_gmt":"2016-07-21T19:45:56","guid":{"rendered":"https:\/\/seriea.digital\/blog1\/?p=1894"},"modified":"2016-09-14T12:16:03","modified_gmt":"2016-09-14T15:16:03","slug":"novas-dimensoes-de-capa-para-fanpage-do-facebook","status":"publish","type":"post","link":"https:\/\/seriea.digital\/blog\/novas-dimensoes-de-capa-para-fanpage-do-facebook\/","title":{"rendered":"Novas dimens\u00f5es de capa para fanpage do Facebook!"},"content":{"rendered":"<p>Ap\u00f3s mais uma altera\u00e7\u00e3o nas fanpages, o Facebook surgiu hoje com um novo layout para as p\u00e1ginas da rede social! Entre as mudan\u00e7as est\u00e3o:<\/p>\n<p>Foto de Perfil est\u00e3o \u00e0 esquerda do layout, no canto superior;<br \/>\nAs Guias Din\u00e2micas tamb\u00e9m est\u00e3o \u00e0 esquerda;<br \/>\nA Imagem da Capa est\u00e1 \u00e0 direita, completando toda a largura do layout e sem nenhum bot\u00e3o ou outro item sobrepondo a capa;<br \/>\nA Timeline (Feed) fica na coluna Central;<br \/>\nTodos os demais itens (busca, Sobre, Aplicativos, V\u00eddeos etc) est\u00e3o agora \u00e0 direita do layout.<br \/>\n<img fetchpriority=\"high\" decoding=\"async\" class=\"alignnone\" src=\"http:\/\/www.dicasdogreb.com.br\/wp\/wp-content\/uploads\/2015\/09\/art015-img-tela15-layout-julho-2016-medidas-730x411.jpg\" width=\"730\" height=\"411\" \/><\/p>\n<p><!--more--><\/p>\n<p>Os novos tamanho de capa, lembrando que o facebook anda priorizando tamanho de imagem!<\/p>\n<p>A Capa da Fanpage apresenta-se com dimens\u00f5es de <strong>828x315px<\/strong><\/p>\n<p>O Avatar do lado esquerdo e apresenta-se com dimens\u00f5es de <strong>160x160px (devendo ser enviado com 180x180px)<\/strong><\/p>\n<p>Os Bot\u00f5es de A\u00e7\u00e3o est\u00e3o abaixo da capa<strong>.<\/strong><\/p>\n<p><img decoding=\"async\" class=\"alignnone\" src=\"http:\/\/www.dicasdogreb.com.br\/wp\/wp-content\/uploads\/2015\/09\/art015-img-tela16-layout-julho-2016-730x297.jpg\" width=\"730\" height=\"297\" \/><\/p>\n<p><img decoding=\"async\" class=\"alignnone\" src=\"http:\/\/www.dicasdogreb.com.br\/wp\/wp-content\/uploads\/2015\/09\/art015-img-tela17-layout-julho-2016-medidas-730x297.jpg\" width=\"730\" height=\"297\" \/><\/p>\n<p>Eai, o que acharam dessas mudan\u00e7as?<\/p>\n<p>&nbsp;<br \/>\nFonte: <a href=\"http:\/\/www.dicasdogreb.com.br\/\" target=\"_blank\">Dicas do Greb<\/a><\/p>\n","protected":false},"excerpt":{"rendered":"<p>Ap\u00f3s mais uma altera\u00e7\u00e3o nas fanpages, o Facebook surgiu hoje com um novo layout para as p\u00e1ginas da rede social! Entre as mudan\u00e7as est\u00e3o: Foto de Perfil est\u00e3o \u00e0 esquerda do layout, no canto superior; As Guias Din\u00e2micas tamb\u00e9m est\u00e3o \u00e0 esquerda; A Imagem da Capa est\u00e1 \u00e0 direita, completando toda a largura do layout [&hellip;]<\/p>\n","protected":false},"author":8,"featured_media":2018,"comment_status":"closed","ping_status":"closed","sticky":false,"template":"","format":"standard","meta":{"footnotes":""},"categories":[21],"tags":[39],"class_list":["post-1894","post","type-post","status-publish","format-standard","has-post-thumbnail","hentry","category-midias-sociais","tag-facebook"],"yoast_head":"<!-- This site is optimized with the Yoast SEO plugin v26.5 - https:\/\/yoast.com\/wordpress\/plugins\/seo\/ -->\n<title>Novas dimens\u00f5es de capa para fanpage do Facebook! - SERI.E DESIGN, ag\u00eancia e-commerce<\/title>\n<meta name=\"robots\" content=\"index, follow, max-snippet:-1, max-image-preview:large, max-video-preview:-1\" \/>\n<link rel=\"canonical\" href=\"https:\/\/seriea.digital\/blog\/novas-dimensoes-de-capa-para-fanpage-do-facebook\/\" \/>\n<meta property=\"og:locale\" content=\"pt_BR\" \/>\n<meta property=\"og:type\" content=\"article\" \/>\n<meta property=\"og:title\" content=\"Novas dimens\u00f5es de capa para fanpage do Facebook! - SERI.E DESIGN, ag\u00eancia e-commerce\" \/>\n<meta property=\"og:description\" content=\"Ap\u00f3s mais uma altera\u00e7\u00e3o nas fanpages, o Facebook surgiu hoje com um novo layout para as p\u00e1ginas da rede social! Entre as mudan\u00e7as est\u00e3o: Foto de Perfil est\u00e3o \u00e0 esquerda do layout, no canto superior; As Guias Din\u00e2micas tamb\u00e9m est\u00e3o \u00e0 esquerda; A Imagem da Capa est\u00e1 \u00e0 direita, completando toda a largura do layout [&hellip;]\" \/>\n<meta property=\"og:url\" content=\"https:\/\/seriea.digital\/blog\/novas-dimensoes-de-capa-para-fanpage-do-facebook\/\" \/>\n<meta property=\"og:site_name\" content=\"SERI.E DESIGN, ag\u00eancia e-commerce\" \/>\n<meta property=\"article:publisher\" content=\"https:\/\/www.facebook.com\/SERIEDESIGN\" \/>\n<meta property=\"article:published_time\" content=\"2016-07-21T19:45:56+00:00\" \/>\n<meta property=\"article:modified_time\" content=\"2016-09-14T15:16:03+00:00\" \/>\n<meta property=\"og:image\" content=\"https:\/\/seriea.digital\/blog\/wp-content\/uploads\/2016\/07\/facesizes.jpg\" \/>\n\t<meta property=\"og:image:width\" content=\"500\" \/>\n\t<meta property=\"og:image:height\" content=\"500\" \/>\n\t<meta property=\"og:image:type\" content=\"image\/jpeg\" \/>\n<meta name=\"author\" content=\"SERI.E DESIGN\" \/>\n<meta name=\"twitter:label1\" content=\"Escrito por\" \/>\n\t<meta name=\"twitter:data1\" content=\"SERI.E DESIGN\" \/>\n\t<meta name=\"twitter:label2\" content=\"Est. tempo de leitura\" \/>\n\t<meta name=\"twitter:data2\" content=\"1 minuto\" \/>\n<script type=\"application\/ld+json\" class=\"yoast-schema-graph\">{\"@context\":\"https:\/\/schema.org\",\"@graph\":[{\"@type\":\"WebPage\",\"@id\":\"https:\/\/seriea.digital\/blog\/novas-dimensoes-de-capa-para-fanpage-do-facebook\/\",\"url\":\"https:\/\/seriea.digital\/blog\/novas-dimensoes-de-capa-para-fanpage-do-facebook\/\",\"name\":\"Novas dimens\u00f5es de capa para fanpage do Facebook! - SERI.E DESIGN, ag\u00eancia e-commerce\",\"isPartOf\":{\"@id\":\"https:\/\/seriea.digital\/blog\/#website\"},\"primaryImageOfPage\":{\"@id\":\"https:\/\/seriea.digital\/blog\/novas-dimensoes-de-capa-para-fanpage-do-facebook\/#primaryimage\"},\"image\":{\"@id\":\"https:\/\/seriea.digital\/blog\/novas-dimensoes-de-capa-para-fanpage-do-facebook\/#primaryimage\"},\"thumbnailUrl\":\"https:\/\/seriea.digital\/blog\/wp-content\/uploads\/2016\/07\/facesizes.jpg\",\"datePublished\":\"2016-07-21T19:45:56+00:00\",\"dateModified\":\"2016-09-14T15:16:03+00:00\",\"author\":{\"@id\":\"https:\/\/seriea.digital\/blog\/#\/schema\/person\/e6b243027e8754686f5ab0fa3d065187\"},\"breadcrumb\":{\"@id\":\"https:\/\/seriea.digital\/blog\/novas-dimensoes-de-capa-para-fanpage-do-facebook\/#breadcrumb\"},\"inLanguage\":\"pt-BR\",\"potentialAction\":[{\"@type\":\"ReadAction\",\"target\":[\"https:\/\/seriea.digital\/blog\/novas-dimensoes-de-capa-para-fanpage-do-facebook\/\"]}]},{\"@type\":\"ImageObject\",\"inLanguage\":\"pt-BR\",\"@id\":\"https:\/\/seriea.digital\/blog\/novas-dimensoes-de-capa-para-fanpage-do-facebook\/#primaryimage\",\"url\":\"https:\/\/seriea.digital\/blog\/wp-content\/uploads\/2016\/07\/facesizes.jpg\",\"contentUrl\":\"https:\/\/seriea.digital\/blog\/wp-content\/uploads\/2016\/07\/facesizes.jpg\",\"width\":500,\"height\":500},{\"@type\":\"BreadcrumbList\",\"@id\":\"https:\/\/seriea.digital\/blog\/novas-dimensoes-de-capa-para-fanpage-do-facebook\/#breadcrumb\",\"itemListElement\":[{\"@type\":\"ListItem\",\"position\":1,\"name\":\"In\u00edcio\",\"item\":\"https:\/\/seriea.digital\/blog\/\"},{\"@type\":\"ListItem\",\"position\":2,\"name\":\"Novas dimens\u00f5es de capa para fanpage do Facebook!\"}]},{\"@type\":\"WebSite\",\"@id\":\"https:\/\/seriea.digital\/blog\/#website\",\"url\":\"https:\/\/seriea.digital\/blog\/\",\"name\":\"SERI.E DESIGN\",\"description\":\"Ag\u00eancia digital especializada em e-commerce - Desenvolvimento de layout pra E-commerce, Tray Commerce,Wake, Vtex, Deco, Sites. Eleita a ag\u00eancia com melhor atendimento.\",\"potentialAction\":[{\"@type\":\"SearchAction\",\"target\":{\"@type\":\"EntryPoint\",\"urlTemplate\":\"https:\/\/seriea.digital\/blog\/?s={search_term_string}\"},\"query-input\":{\"@type\":\"PropertyValueSpecification\",\"valueRequired\":true,\"valueName\":\"search_term_string\"}}],\"inLanguage\":\"pt-BR\"},{\"@type\":\"Person\",\"@id\":\"https:\/\/seriea.digital\/blog\/#\/schema\/person\/e6b243027e8754686f5ab0fa3d065187\",\"name\":\"SERI.E DESIGN\",\"sameAs\":[\"https:\/\/seriea.digital\/blog\/\"],\"url\":\"https:\/\/seriea.digital\/blog\/author\/seri-e-design\/\"}]}<\/script>\n<!-- \/ Yoast SEO plugin. -->","yoast_head_json":{"title":"Novas dimens\u00f5es de capa para fanpage do Facebook! - SERI.E DESIGN, ag\u00eancia e-commerce","robots":{"index":"index","follow":"follow","max-snippet":"max-snippet:-1","max-image-preview":"max-image-preview:large","max-video-preview":"max-video-preview:-1"},"canonical":"https:\/\/seriea.digital\/blog\/novas-dimensoes-de-capa-para-fanpage-do-facebook\/","og_locale":"pt_BR","og_type":"article","og_title":"Novas dimens\u00f5es de capa para fanpage do Facebook! - SERI.E DESIGN, ag\u00eancia e-commerce","og_description":"Ap\u00f3s mais uma altera\u00e7\u00e3o nas fanpages, o Facebook surgiu hoje com um novo layout para as p\u00e1ginas da rede social! Entre as mudan\u00e7as est\u00e3o: Foto de Perfil est\u00e3o \u00e0 esquerda do layout, no canto superior; As Guias Din\u00e2micas tamb\u00e9m est\u00e3o \u00e0 esquerda; A Imagem da Capa est\u00e1 \u00e0 direita, completando toda a largura do layout [&hellip;]","og_url":"https:\/\/seriea.digital\/blog\/novas-dimensoes-de-capa-para-fanpage-do-facebook\/","og_site_name":"SERI.E DESIGN, ag\u00eancia e-commerce","article_publisher":"https:\/\/www.facebook.com\/SERIEDESIGN","article_published_time":"2016-07-21T19:45:56+00:00","article_modified_time":"2016-09-14T15:16:03+00:00","og_image":[{"width":500,"height":500,"url":"https:\/\/seriea.digital\/blog\/wp-content\/uploads\/2016\/07\/facesizes.jpg","type":"image\/jpeg"}],"author":"SERI.E DESIGN","twitter_misc":{"Escrito por":"SERI.E DESIGN","Est. tempo de leitura":"1 minuto"},"schema":{"@context":"https:\/\/schema.org","@graph":[{"@type":"WebPage","@id":"https:\/\/seriea.digital\/blog\/novas-dimensoes-de-capa-para-fanpage-do-facebook\/","url":"https:\/\/seriea.digital\/blog\/novas-dimensoes-de-capa-para-fanpage-do-facebook\/","name":"Novas dimens\u00f5es de capa para fanpage do Facebook! - SERI.E DESIGN, ag\u00eancia e-commerce","isPartOf":{"@id":"https:\/\/seriea.digital\/blog\/#website"},"primaryImageOfPage":{"@id":"https:\/\/seriea.digital\/blog\/novas-dimensoes-de-capa-para-fanpage-do-facebook\/#primaryimage"},"image":{"@id":"https:\/\/seriea.digital\/blog\/novas-dimensoes-de-capa-para-fanpage-do-facebook\/#primaryimage"},"thumbnailUrl":"https:\/\/seriea.digital\/blog\/wp-content\/uploads\/2016\/07\/facesizes.jpg","datePublished":"2016-07-21T19:45:56+00:00","dateModified":"2016-09-14T15:16:03+00:00","author":{"@id":"https:\/\/seriea.digital\/blog\/#\/schema\/person\/e6b243027e8754686f5ab0fa3d065187"},"breadcrumb":{"@id":"https:\/\/seriea.digital\/blog\/novas-dimensoes-de-capa-para-fanpage-do-facebook\/#breadcrumb"},"inLanguage":"pt-BR","potentialAction":[{"@type":"ReadAction","target":["https:\/\/seriea.digital\/blog\/novas-dimensoes-de-capa-para-fanpage-do-facebook\/"]}]},{"@type":"ImageObject","inLanguage":"pt-BR","@id":"https:\/\/seriea.digital\/blog\/novas-dimensoes-de-capa-para-fanpage-do-facebook\/#primaryimage","url":"https:\/\/seriea.digital\/blog\/wp-content\/uploads\/2016\/07\/facesizes.jpg","contentUrl":"https:\/\/seriea.digital\/blog\/wp-content\/uploads\/2016\/07\/facesizes.jpg","width":500,"height":500},{"@type":"BreadcrumbList","@id":"https:\/\/seriea.digital\/blog\/novas-dimensoes-de-capa-para-fanpage-do-facebook\/#breadcrumb","itemListElement":[{"@type":"ListItem","position":1,"name":"In\u00edcio","item":"https:\/\/seriea.digital\/blog\/"},{"@type":"ListItem","position":2,"name":"Novas dimens\u00f5es de capa para fanpage do Facebook!"}]},{"@type":"WebSite","@id":"https:\/\/seriea.digital\/blog\/#website","url":"https:\/\/seriea.digital\/blog\/","name":"SERI.E DESIGN","description":"Ag\u00eancia digital especializada em e-commerce - Desenvolvimento de layout pra E-commerce, Tray Commerce,Wake, Vtex, Deco, Sites. Eleita a ag\u00eancia com melhor atendimento.","potentialAction":[{"@type":"SearchAction","target":{"@type":"EntryPoint","urlTemplate":"https:\/\/seriea.digital\/blog\/?s={search_term_string}"},"query-input":{"@type":"PropertyValueSpecification","valueRequired":true,"valueName":"search_term_string"}}],"inLanguage":"pt-BR"},{"@type":"Person","@id":"https:\/\/seriea.digital\/blog\/#\/schema\/person\/e6b243027e8754686f5ab0fa3d065187","name":"SERI.E DESIGN","sameAs":["https:\/\/seriea.digital\/blog\/"],"url":"https:\/\/seriea.digital\/blog\/author\/seri-e-design\/"}]}},"_links":{"self":[{"href":"https:\/\/seriea.digital\/blog\/wp-json\/wp\/v2\/posts\/1894","targetHints":{"allow":["GET"]}}],"collection":[{"href":"https:\/\/seriea.digital\/blog\/wp-json\/wp\/v2\/posts"}],"about":[{"href":"https:\/\/seriea.digital\/blog\/wp-json\/wp\/v2\/types\/post"}],"author":[{"embeddable":true,"href":"https:\/\/seriea.digital\/blog\/wp-json\/wp\/v2\/users\/8"}],"replies":[{"embeddable":true,"href":"https:\/\/seriea.digital\/blog\/wp-json\/wp\/v2\/comments?post=1894"}],"version-history":[{"count":5,"href":"https:\/\/seriea.digital\/blog\/wp-json\/wp\/v2\/posts\/1894\/revisions"}],"predecessor-version":[{"id":1982,"href":"https:\/\/seriea.digital\/blog\/wp-json\/wp\/v2\/posts\/1894\/revisions\/1982"}],"wp:featuredmedia":[{"embeddable":true,"href":"https:\/\/seriea.digital\/blog\/wp-json\/wp\/v2\/media\/2018"}],"wp:attachment":[{"href":"https:\/\/seriea.digital\/blog\/wp-json\/wp\/v2\/media?parent=1894"}],"wp:term":[{"taxonomy":"category","embeddable":true,"href":"https:\/\/seriea.digital\/blog\/wp-json\/wp\/v2\/categories?post=1894"},{"taxonomy":"post_tag","embeddable":true,"href":"https:\/\/seriea.digital\/blog\/wp-json\/wp\/v2\/tags?post=1894"}],"curies":[{"name":"wp","href":"https:\/\/api.w.org\/{rel}","templated":true}]}}