{"id":2407,"date":"2017-03-31T13:51:50","date_gmt":"2017-03-31T16:51:50","guid":{"rendered":"https:\/\/seriea.digital\/blog1\/?p=2407"},"modified":"2017-04-04T11:14:43","modified_gmt":"2017-04-04T14:14:43","slug":"jacques-janine-e-nova-loja-criada-pela-seri-e","status":"publish","type":"post","link":"https:\/\/seriea.digital\/blog\/jacques-janine-e-nova-loja-criada-pela-seri-e\/","title":{"rendered":"Jacques Janine \u00e9 a nova loja criada pela Seri.e"},"content":{"rendered":"<h3>Conhe\u00e7a a hist\u00f3ria da primeira rede de sal\u00f5es de beleza da Am\u00e9rica Latina<\/h3>\n<p>A nova loja criada pela <a href=\"https:\/\/seriea.digital\/blog1\/contato\/\" target=\"_blank\">Seri.e Design<\/a> \u00e9 a do sal\u00e3o Jacques Janine. O sal\u00e3o criado por Jacques e Janine Goossens est\u00e1 no mercado de beleza h\u00e1 59 anos, e \u00e9 conhecido pelo pioneirismo na \u00e1rea de est\u00e9tica e maquiagem social. S\u00e3o mais de 60 unidades espalhadas por todo o Brasil e uma instalada na Fl\u00f3rida, Estados Unidos.<\/p>\n<p><a href=\"http:\/\/www.loja.jacquesjanine.com.br\/\"><img fetchpriority=\"high\" decoding=\"async\" class=\"alignnone wp-image-2408 size-full\" src=\"https:\/\/seriea.digital\/blog1\/wp-content\/uploads\/2017\/03\/jacques-janine.jpg\" alt=\"\" width=\"1352\" height=\"609\" srcset=\"https:\/\/seriea.digital\/blog\/wp-content\/uploads\/2017\/03\/jacques-janine.jpg 1352w, https:\/\/seriea.digital\/blog\/wp-content\/uploads\/2017\/03\/jacques-janine-300x135.jpg 300w, https:\/\/seriea.digital\/blog\/wp-content\/uploads\/2017\/03\/jacques-janine-768x346.jpg 768w, https:\/\/seriea.digital\/blog\/wp-content\/uploads\/2017\/03\/jacques-janine-1024x461.jpg 1024w, https:\/\/seriea.digital\/blog\/wp-content\/uploads\/2017\/03\/jacques-janine-250x113.jpg 250w, https:\/\/seriea.digital\/blog\/wp-content\/uploads\/2017\/03\/jacques-janine-550x248.jpg 550w, https:\/\/seriea.digital\/blog\/wp-content\/uploads\/2017\/03\/jacques-janine-800x360.jpg 800w, https:\/\/seriea.digital\/blog\/wp-content\/uploads\/2017\/03\/jacques-janine-400x180.jpg 400w, https:\/\/seriea.digital\/blog\/wp-content\/uploads\/2017\/03\/jacques-janine-666x300.jpg 666w, https:\/\/seriea.digital\/blog\/wp-content\/uploads\/2017\/03\/jacques-janine-1110x500.jpg 1110w\" sizes=\"(max-width: 1352px) 100vw, 1352px\" \/><\/a><\/p>\n<p><!--more--><\/p>\n<p>A marca coleciona pr\u00eamios como: Zankyou International Wedding Awards na categoria de Melhor Beleza da Noiva 2016, Melhor Rede e Melhor Dia da Noiva Cabelos&amp;Cia 2011, You Brasil de Destaque Empresarial 2010, Best Continental Academy 2012, Life Achievement Award, Empresa Refer\u00eancia Nacional e Qualidade Empresaria 2015 e o pr\u00eamio de Melhor Sal\u00e3o de Beleza 2017.<\/p>\n<p>O e-commerce possui tecnologia <a href=\"https:\/\/seriea.digital\/blog1\/contato\/\">MERCADOSHOPS <\/a>e comercializar\u00e1 produtos profissionais para cabelos, maquiagens e perfumes. <a href=\"http:\/\/www.loja.jacquesjanine.com.br\/\">Confira como ficou a loja.<\/a><\/p>\n<p>Quer ter uma loja virtual tamb\u00e9m? <a href=\"https:\/\/seriea.digital\/blog1\/contato\/\">Entre em contato com a gente!<\/a><\/p>\n","protected":false},"excerpt":{"rendered":"<p>Conhe\u00e7a a hist\u00f3ria da primeira rede de sal\u00f5es de beleza da Am\u00e9rica Latina A nova loja criada pela Seri.e Design \u00e9 a do sal\u00e3o Jacques Janine. O sal\u00e3o criado por Jacques e Janine Goossens est\u00e1 no mercado de beleza h\u00e1 59 anos, e \u00e9 conhecido pelo pioneirismo na \u00e1rea de est\u00e9tica e maquiagem social. S\u00e3o [&hellip;]<\/p>\n","protected":false},"author":8,"featured_media":2409,"comment_status":"closed","ping_status":"closed","sticky":false,"template":"","format":"standard","meta":{"footnotes":""},"categories":[25,10],"tags":[24,26,50,28,14,23,44],"class_list":["post-2407","post","type-post","status-publish","format-standard","has-post-thumbnail","hentry","category-ecommerce","category-seri-e-design","tag-e-commerce","tag-ecommerce","tag-layout-mercadoshops","tag-loja-online","tag-marketing","tag-mercadolivre-2","tag-mercadoshops"],"yoast_head":"<!-- This site is optimized with the Yoast SEO plugin v26.5 - https:\/\/yoast.com\/wordpress\/plugins\/seo\/ -->\n<title>Jacques Janine \u00e9 a nova loja criada pela Seri.e - SERI.E DESIGN, ag\u00eancia e-commerce<\/title>\n<meta name=\"robots\" content=\"index, follow, max-snippet:-1, max-image-preview:large, max-video-preview:-1\" \/>\n<link rel=\"canonical\" href=\"https:\/\/seriea.digital\/blog\/jacques-janine-e-nova-loja-criada-pela-seri-e\/\" \/>\n<meta property=\"og:locale\" content=\"pt_BR\" \/>\n<meta property=\"og:type\" content=\"article\" \/>\n<meta property=\"og:title\" content=\"Jacques Janine \u00e9 a nova loja criada pela Seri.e - SERI.E DESIGN, ag\u00eancia e-commerce\" \/>\n<meta property=\"og:description\" content=\"Conhe\u00e7a a hist\u00f3ria da primeira rede de sal\u00f5es de beleza da Am\u00e9rica Latina A nova loja criada pela Seri.e Design \u00e9 a do sal\u00e3o Jacques Janine. O sal\u00e3o criado por Jacques e Janine Goossens est\u00e1 no mercado de beleza h\u00e1 59 anos, e \u00e9 conhecido pelo pioneirismo na \u00e1rea de est\u00e9tica e maquiagem social. S\u00e3o [&hellip;]\" \/>\n<meta property=\"og:url\" content=\"https:\/\/seriea.digital\/blog\/jacques-janine-e-nova-loja-criada-pela-seri-e\/\" \/>\n<meta property=\"og:site_name\" content=\"SERI.E DESIGN, ag\u00eancia e-commerce\" \/>\n<meta property=\"article:publisher\" content=\"https:\/\/www.facebook.com\/SERIEDESIGN\" \/>\n<meta property=\"article:published_time\" content=\"2017-03-31T16:51:50+00:00\" \/>\n<meta property=\"article:modified_time\" content=\"2017-04-04T14:14:43+00:00\" \/>\n<meta property=\"og:image\" content=\"https:\/\/seriea.digital\/blog\/wp-content\/uploads\/2017\/03\/capa-e1490978990941.jpg\" \/>\n\t<meta property=\"og:image:width\" content=\"200\" \/>\n\t<meta property=\"og:image:height\" content=\"244\" \/>\n\t<meta property=\"og:image:type\" content=\"image\/jpeg\" \/>\n<meta name=\"author\" content=\"SERI.E DESIGN\" \/>\n<meta name=\"twitter:label1\" content=\"Escrito por\" \/>\n\t<meta name=\"twitter:data1\" content=\"SERI.E DESIGN\" \/>\n\t<meta name=\"twitter:label2\" content=\"Est. tempo de leitura\" \/>\n\t<meta name=\"twitter:data2\" content=\"1 minuto\" \/>\n<script type=\"application\/ld+json\" class=\"yoast-schema-graph\">{\"@context\":\"https:\/\/schema.org\",\"@graph\":[{\"@type\":\"WebPage\",\"@id\":\"https:\/\/seriea.digital\/blog\/jacques-janine-e-nova-loja-criada-pela-seri-e\/\",\"url\":\"https:\/\/seriea.digital\/blog\/jacques-janine-e-nova-loja-criada-pela-seri-e\/\",\"name\":\"Jacques Janine \u00e9 a nova loja criada pela Seri.e - SERI.E DESIGN, ag\u00eancia e-commerce\",\"isPartOf\":{\"@id\":\"https:\/\/seriea.digital\/blog\/#website\"},\"primaryImageOfPage\":{\"@id\":\"https:\/\/seriea.digital\/blog\/jacques-janine-e-nova-loja-criada-pela-seri-e\/#primaryimage\"},\"image\":{\"@id\":\"https:\/\/seriea.digital\/blog\/jacques-janine-e-nova-loja-criada-pela-seri-e\/#primaryimage\"},\"thumbnailUrl\":\"https:\/\/seriea.digital\/blog\/wp-content\/uploads\/2017\/03\/capa-e1490978990941.jpg\",\"datePublished\":\"2017-03-31T16:51:50+00:00\",\"dateModified\":\"2017-04-04T14:14:43+00:00\",\"author\":{\"@id\":\"https:\/\/seriea.digital\/blog\/#\/schema\/person\/e6b243027e8754686f5ab0fa3d065187\"},\"breadcrumb\":{\"@id\":\"https:\/\/seriea.digital\/blog\/jacques-janine-e-nova-loja-criada-pela-seri-e\/#breadcrumb\"},\"inLanguage\":\"pt-BR\",\"potentialAction\":[{\"@type\":\"ReadAction\",\"target\":[\"https:\/\/seriea.digital\/blog\/jacques-janine-e-nova-loja-criada-pela-seri-e\/\"]}]},{\"@type\":\"ImageObject\",\"inLanguage\":\"pt-BR\",\"@id\":\"https:\/\/seriea.digital\/blog\/jacques-janine-e-nova-loja-criada-pela-seri-e\/#primaryimage\",\"url\":\"https:\/\/seriea.digital\/blog\/wp-content\/uploads\/2017\/03\/capa-e1490978990941.jpg\",\"contentUrl\":\"https:\/\/seriea.digital\/blog\/wp-content\/uploads\/2017\/03\/capa-e1490978990941.jpg\",\"width\":200,\"height\":244},{\"@type\":\"BreadcrumbList\",\"@id\":\"https:\/\/seriea.digital\/blog\/jacques-janine-e-nova-loja-criada-pela-seri-e\/#breadcrumb\",\"itemListElement\":[{\"@type\":\"ListItem\",\"position\":1,\"name\":\"In\u00edcio\",\"item\":\"https:\/\/seriea.digital\/blog\/\"},{\"@type\":\"ListItem\",\"position\":2,\"name\":\"Jacques Janine \u00e9 a nova loja criada pela Seri.e\"}]},{\"@type\":\"WebSite\",\"@id\":\"https:\/\/seriea.digital\/blog\/#website\",\"url\":\"https:\/\/seriea.digital\/blog\/\",\"name\":\"SERI.E DESIGN\",\"description\":\"Ag\u00eancia digital especializada em e-commerce - Desenvolvimento de layout pra E-commerce, Tray Commerce,Wake, Vtex, Deco, Sites. Eleita a ag\u00eancia com melhor atendimento.\",\"potentialAction\":[{\"@type\":\"SearchAction\",\"target\":{\"@type\":\"EntryPoint\",\"urlTemplate\":\"https:\/\/seriea.digital\/blog\/?s={search_term_string}\"},\"query-input\":{\"@type\":\"PropertyValueSpecification\",\"valueRequired\":true,\"valueName\":\"search_term_string\"}}],\"inLanguage\":\"pt-BR\"},{\"@type\":\"Person\",\"@id\":\"https:\/\/seriea.digital\/blog\/#\/schema\/person\/e6b243027e8754686f5ab0fa3d065187\",\"name\":\"SERI.E DESIGN\",\"sameAs\":[\"https:\/\/seriea.digital\/blog\/\"],\"url\":\"https:\/\/seriea.digital\/blog\/author\/seri-e-design\/\"}]}<\/script>\n<!-- \/ Yoast SEO plugin. -->","yoast_head_json":{"title":"Jacques Janine \u00e9 a nova loja criada pela Seri.e - SERI.E DESIGN, ag\u00eancia e-commerce","robots":{"index":"index","follow":"follow","max-snippet":"max-snippet:-1","max-image-preview":"max-image-preview:large","max-video-preview":"max-video-preview:-1"},"canonical":"https:\/\/seriea.digital\/blog\/jacques-janine-e-nova-loja-criada-pela-seri-e\/","og_locale":"pt_BR","og_type":"article","og_title":"Jacques Janine \u00e9 a nova loja criada pela Seri.e - SERI.E DESIGN, ag\u00eancia e-commerce","og_description":"Conhe\u00e7a a hist\u00f3ria da primeira rede de sal\u00f5es de beleza da Am\u00e9rica Latina A nova loja criada pela Seri.e Design \u00e9 a do sal\u00e3o Jacques Janine. O sal\u00e3o criado por Jacques e Janine Goossens est\u00e1 no mercado de beleza h\u00e1 59 anos, e \u00e9 conhecido pelo pioneirismo na \u00e1rea de est\u00e9tica e maquiagem social. S\u00e3o [&hellip;]","og_url":"https:\/\/seriea.digital\/blog\/jacques-janine-e-nova-loja-criada-pela-seri-e\/","og_site_name":"SERI.E DESIGN, ag\u00eancia e-commerce","article_publisher":"https:\/\/www.facebook.com\/SERIEDESIGN","article_published_time":"2017-03-31T16:51:50+00:00","article_modified_time":"2017-04-04T14:14:43+00:00","og_image":[{"width":200,"height":244,"url":"https:\/\/seriea.digital\/blog\/wp-content\/uploads\/2017\/03\/capa-e1490978990941.jpg","type":"image\/jpeg"}],"author":"SERI.E DESIGN","twitter_misc":{"Escrito por":"SERI.E DESIGN","Est. tempo de leitura":"1 minuto"},"schema":{"@context":"https:\/\/schema.org","@graph":[{"@type":"WebPage","@id":"https:\/\/seriea.digital\/blog\/jacques-janine-e-nova-loja-criada-pela-seri-e\/","url":"https:\/\/seriea.digital\/blog\/jacques-janine-e-nova-loja-criada-pela-seri-e\/","name":"Jacques Janine \u00e9 a nova loja criada pela Seri.e - SERI.E DESIGN, ag\u00eancia e-commerce","isPartOf":{"@id":"https:\/\/seriea.digital\/blog\/#website"},"primaryImageOfPage":{"@id":"https:\/\/seriea.digital\/blog\/jacques-janine-e-nova-loja-criada-pela-seri-e\/#primaryimage"},"image":{"@id":"https:\/\/seriea.digital\/blog\/jacques-janine-e-nova-loja-criada-pela-seri-e\/#primaryimage"},"thumbnailUrl":"https:\/\/seriea.digital\/blog\/wp-content\/uploads\/2017\/03\/capa-e1490978990941.jpg","datePublished":"2017-03-31T16:51:50+00:00","dateModified":"2017-04-04T14:14:43+00:00","author":{"@id":"https:\/\/seriea.digital\/blog\/#\/schema\/person\/e6b243027e8754686f5ab0fa3d065187"},"breadcrumb":{"@id":"https:\/\/seriea.digital\/blog\/jacques-janine-e-nova-loja-criada-pela-seri-e\/#breadcrumb"},"inLanguage":"pt-BR","potentialAction":[{"@type":"ReadAction","target":["https:\/\/seriea.digital\/blog\/jacques-janine-e-nova-loja-criada-pela-seri-e\/"]}]},{"@type":"ImageObject","inLanguage":"pt-BR","@id":"https:\/\/seriea.digital\/blog\/jacques-janine-e-nova-loja-criada-pela-seri-e\/#primaryimage","url":"https:\/\/seriea.digital\/blog\/wp-content\/uploads\/2017\/03\/capa-e1490978990941.jpg","contentUrl":"https:\/\/seriea.digital\/blog\/wp-content\/uploads\/2017\/03\/capa-e1490978990941.jpg","width":200,"height":244},{"@type":"BreadcrumbList","@id":"https:\/\/seriea.digital\/blog\/jacques-janine-e-nova-loja-criada-pela-seri-e\/#breadcrumb","itemListElement":[{"@type":"ListItem","position":1,"name":"In\u00edcio","item":"https:\/\/seriea.digital\/blog\/"},{"@type":"ListItem","position":2,"name":"Jacques Janine \u00e9 a nova loja criada pela Seri.e"}]},{"@type":"WebSite","@id":"https:\/\/seriea.digital\/blog\/#website","url":"https:\/\/seriea.digital\/blog\/","name":"SERI.E DESIGN","description":"Ag\u00eancia digital especializada em e-commerce - Desenvolvimento de layout pra E-commerce, Tray Commerce,Wake, Vtex, Deco, Sites. Eleita a ag\u00eancia com melhor atendimento.","potentialAction":[{"@type":"SearchAction","target":{"@type":"EntryPoint","urlTemplate":"https:\/\/seriea.digital\/blog\/?s={search_term_string}"},"query-input":{"@type":"PropertyValueSpecification","valueRequired":true,"valueName":"search_term_string"}}],"inLanguage":"pt-BR"},{"@type":"Person","@id":"https:\/\/seriea.digital\/blog\/#\/schema\/person\/e6b243027e8754686f5ab0fa3d065187","name":"SERI.E DESIGN","sameAs":["https:\/\/seriea.digital\/blog\/"],"url":"https:\/\/seriea.digital\/blog\/author\/seri-e-design\/"}]}},"_links":{"self":[{"href":"https:\/\/seriea.digital\/blog\/wp-json\/wp\/v2\/posts\/2407","targetHints":{"allow":["GET"]}}],"collection":[{"href":"https:\/\/seriea.digital\/blog\/wp-json\/wp\/v2\/posts"}],"about":[{"href":"https:\/\/seriea.digital\/blog\/wp-json\/wp\/v2\/types\/post"}],"author":[{"embeddable":true,"href":"https:\/\/seriea.digital\/blog\/wp-json\/wp\/v2\/users\/8"}],"replies":[{"embeddable":true,"href":"https:\/\/seriea.digital\/blog\/wp-json\/wp\/v2\/comments?post=2407"}],"version-history":[{"count":5,"href":"https:\/\/seriea.digital\/blog\/wp-json\/wp\/v2\/posts\/2407\/revisions"}],"predecessor-version":[{"id":2420,"href":"https:\/\/seriea.digital\/blog\/wp-json\/wp\/v2\/posts\/2407\/revisions\/2420"}],"wp:featuredmedia":[{"embeddable":true,"href":"https:\/\/seriea.digital\/blog\/wp-json\/wp\/v2\/media\/2409"}],"wp:attachment":[{"href":"https:\/\/seriea.digital\/blog\/wp-json\/wp\/v2\/media?parent=2407"}],"wp:term":[{"taxonomy":"category","embeddable":true,"href":"https:\/\/seriea.digital\/blog\/wp-json\/wp\/v2\/categories?post=2407"},{"taxonomy":"post_tag","embeddable":true,"href":"https:\/\/seriea.digital\/blog\/wp-json\/wp\/v2\/tags?post=2407"}],"curies":[{"name":"wp","href":"https:\/\/api.w.org\/{rel}","templated":true}]}}