{"id":2431,"date":"2017-04-11T13:40:02","date_gmt":"2017-04-11T16:40:02","guid":{"rendered":"https:\/\/seriea.digital\/blog1\/?p=2431"},"modified":"2017-04-11T13:40:02","modified_gmt":"2017-04-11T16:40:02","slug":"premio-de-empreendedorismo-tem-as-inscricoes-abertas","status":"publish","type":"post","link":"https:\/\/seriea.digital\/blog\/premio-de-empreendedorismo-tem-as-inscricoes-abertas\/","title":{"rendered":"Pr\u00eamio de empreendedorismo dado pelo Mercado Livre tem as inscri\u00e7\u00f5es abertas"},"content":{"rendered":"<h3>As inscri\u00e7\u00f5es do Hist\u00f3rias que inspiram 2017 v\u00e3o at\u00e9 o dia 15 de maio<\/h3>\n<p><img fetchpriority=\"high\" decoding=\"async\" class=\"wp-image-2435 size-full aligncenter\" src=\"https:\/\/seriea.digital\/blog1\/wp-content\/uploads\/2017\/04\/post-1.jpg\" alt=\"\" width=\"584\" height=\"301\" \/><\/p>\n<p>A competi\u00e7\u00e3o \u00e9 uma parceria com a Endeavor Argentina e tem como objetivo incentivar o empreendedorismo atrav\u00e9s das hist\u00f3rias de empreendedores do Mercado Livre.<br \/>\nOs competidores v\u00e1lidos devem ter sua loja no Mercado Livre e vivem no Brasil, Argentina, Chile, Uruguai, Col\u00f4mbia e Venezuela.<br \/>\nOs ganhadores de cada pa\u00eds ganhar\u00e3o o pr\u00eamio de US$ 10 mil e o regional US$ 25 mil. Todos os premiados receber\u00e3o benef\u00edcios como: divulga\u00e7\u00e3o, treinamento e consultoria da Endeavor e Mercado Livre.<br \/>\nOs crit\u00e9rios de avalia\u00e7\u00e3o ser\u00e3o: ideias inovadoras que possuam potencial de inspira\u00e7\u00e3o para incentivar outras pessoas que queiram empreender no com\u00e9rcio online.<\/p>\n<p>A inscri\u00e7\u00e3o pode ser feitas pelo site: <a href=\"http:\/\/www.mercadolivre.com.br\/historiasqueinspiram\" target=\"_blank\">www.mercadolivre.com.br\/historiasqueinspiram<\/a><\/p>\n<p><strong> J\u00e1 tem sua loja no Mercado Livre e quer crescer ainda mais? <a href=\"https:\/\/seriea.digital\/blog1\/contato\" target=\"_blank\">Conhe\u00e7a nossos servi\u00e7os<\/a><\/strong><\/p>\n","protected":false},"excerpt":{"rendered":"<p>As inscri\u00e7\u00f5es do Hist\u00f3rias que inspiram 2017 v\u00e3o at\u00e9 o dia 15 de maio A competi\u00e7\u00e3o \u00e9 uma parceria com a Endeavor Argentina e tem como objetivo incentivar o empreendedorismo atrav\u00e9s das hist\u00f3rias de empreendedores do Mercado Livre. Os competidores v\u00e1lidos devem ter sua loja no Mercado Livre e vivem no Brasil, Argentina, Chile, Uruguai, [&hellip;]<\/p>\n","protected":false},"author":8,"featured_media":2436,"comment_status":"closed","ping_status":"closed","sticky":false,"template":"","format":"standard","meta":{"footnotes":""},"categories":[22,15],"tags":[57,94,50,93,23,92],"class_list":["post-2431","post","type-post","status-publish","format-standard","has-post-thumbnail","hentry","category-mercadolivre","category-mercadoshops","tag-57","tag-concurso-cultural","tag-layout-mercadoshops","tag-mercado-livre","tag-mercadolivre-2","tag-premio"],"yoast_head":"<!-- This site is optimized with the Yoast SEO plugin v26.5 - https:\/\/yoast.com\/wordpress\/plugins\/seo\/ -->\n<title>Pr\u00eamio de empreendedorismo dado pelo Mercado Livre tem as inscri\u00e7\u00f5es abertas - SERI.E DESIGN, ag\u00eancia e-commerce<\/title>\n<meta name=\"robots\" content=\"index, follow, max-snippet:-1, max-image-preview:large, max-video-preview:-1\" \/>\n<link rel=\"canonical\" href=\"https:\/\/seriea.digital\/blog\/premio-de-empreendedorismo-tem-as-inscricoes-abertas\/\" \/>\n<meta property=\"og:locale\" content=\"pt_BR\" \/>\n<meta property=\"og:type\" content=\"article\" \/>\n<meta property=\"og:title\" content=\"Pr\u00eamio de empreendedorismo dado pelo Mercado Livre tem as inscri\u00e7\u00f5es abertas - SERI.E DESIGN, ag\u00eancia e-commerce\" \/>\n<meta property=\"og:description\" content=\"As inscri\u00e7\u00f5es do Hist\u00f3rias que inspiram 2017 v\u00e3o at\u00e9 o dia 15 de maio A competi\u00e7\u00e3o \u00e9 uma parceria com a Endeavor Argentina e tem como objetivo incentivar o empreendedorismo atrav\u00e9s das hist\u00f3rias de empreendedores do Mercado Livre. Os competidores v\u00e1lidos devem ter sua loja no Mercado Livre e vivem no Brasil, Argentina, Chile, Uruguai, [&hellip;]\" \/>\n<meta property=\"og:url\" content=\"https:\/\/seriea.digital\/blog\/premio-de-empreendedorismo-tem-as-inscricoes-abertas\/\" \/>\n<meta property=\"og:site_name\" content=\"SERI.E DESIGN, ag\u00eancia e-commerce\" \/>\n<meta property=\"article:publisher\" content=\"https:\/\/www.facebook.com\/SERIEDESIGN\" \/>\n<meta property=\"article:published_time\" content=\"2017-04-11T16:40:02+00:00\" \/>\n<meta property=\"og:image\" content=\"https:\/\/seriea.digital\/blog\/wp-content\/uploads\/2017\/04\/Logotipo_MercadoLivre.png\" \/>\n\t<meta property=\"og:image:width\" content=\"368\" \/>\n\t<meta property=\"og:image:height\" content=\"274\" \/>\n\t<meta property=\"og:image:type\" content=\"image\/png\" \/>\n<meta name=\"author\" content=\"SERI.E DESIGN\" \/>\n<meta name=\"twitter:label1\" content=\"Escrito por\" \/>\n\t<meta name=\"twitter:data1\" content=\"SERI.E DESIGN\" \/>\n\t<meta name=\"twitter:label2\" content=\"Est. tempo de leitura\" \/>\n\t<meta name=\"twitter:data2\" content=\"1 minuto\" \/>\n<script type=\"application\/ld+json\" class=\"yoast-schema-graph\">{\"@context\":\"https:\/\/schema.org\",\"@graph\":[{\"@type\":\"WebPage\",\"@id\":\"https:\/\/seriea.digital\/blog\/premio-de-empreendedorismo-tem-as-inscricoes-abertas\/\",\"url\":\"https:\/\/seriea.digital\/blog\/premio-de-empreendedorismo-tem-as-inscricoes-abertas\/\",\"name\":\"Pr\u00eamio de empreendedorismo dado pelo Mercado Livre tem as inscri\u00e7\u00f5es abertas - SERI.E DESIGN, ag\u00eancia e-commerce\",\"isPartOf\":{\"@id\":\"https:\/\/seriea.digital\/blog\/#website\"},\"primaryImageOfPage\":{\"@id\":\"https:\/\/seriea.digital\/blog\/premio-de-empreendedorismo-tem-as-inscricoes-abertas\/#primaryimage\"},\"image\":{\"@id\":\"https:\/\/seriea.digital\/blog\/premio-de-empreendedorismo-tem-as-inscricoes-abertas\/#primaryimage\"},\"thumbnailUrl\":\"https:\/\/seriea.digital\/blog\/wp-content\/uploads\/2017\/04\/Logotipo_MercadoLivre.png\",\"datePublished\":\"2017-04-11T16:40:02+00:00\",\"author\":{\"@id\":\"https:\/\/seriea.digital\/blog\/#\/schema\/person\/e6b243027e8754686f5ab0fa3d065187\"},\"breadcrumb\":{\"@id\":\"https:\/\/seriea.digital\/blog\/premio-de-empreendedorismo-tem-as-inscricoes-abertas\/#breadcrumb\"},\"inLanguage\":\"pt-BR\",\"potentialAction\":[{\"@type\":\"ReadAction\",\"target\":[\"https:\/\/seriea.digital\/blog\/premio-de-empreendedorismo-tem-as-inscricoes-abertas\/\"]}]},{\"@type\":\"ImageObject\",\"inLanguage\":\"pt-BR\",\"@id\":\"https:\/\/seriea.digital\/blog\/premio-de-empreendedorismo-tem-as-inscricoes-abertas\/#primaryimage\",\"url\":\"https:\/\/seriea.digital\/blog\/wp-content\/uploads\/2017\/04\/Logotipo_MercadoLivre.png\",\"contentUrl\":\"https:\/\/seriea.digital\/blog\/wp-content\/uploads\/2017\/04\/Logotipo_MercadoLivre.png\",\"width\":368,\"height\":274},{\"@type\":\"BreadcrumbList\",\"@id\":\"https:\/\/seriea.digital\/blog\/premio-de-empreendedorismo-tem-as-inscricoes-abertas\/#breadcrumb\",\"itemListElement\":[{\"@type\":\"ListItem\",\"position\":1,\"name\":\"In\u00edcio\",\"item\":\"https:\/\/seriea.digital\/blog\/\"},{\"@type\":\"ListItem\",\"position\":2,\"name\":\"Pr\u00eamio de empreendedorismo dado pelo Mercado Livre tem as inscri\u00e7\u00f5es abertas\"}]},{\"@type\":\"WebSite\",\"@id\":\"https:\/\/seriea.digital\/blog\/#website\",\"url\":\"https:\/\/seriea.digital\/blog\/\",\"name\":\"SERI.E DESIGN\",\"description\":\"Ag\u00eancia digital especializada em e-commerce - Desenvolvimento de layout pra E-commerce, Tray Commerce,Wake, Vtex, Deco, Sites. Eleita a ag\u00eancia com melhor atendimento.\",\"potentialAction\":[{\"@type\":\"SearchAction\",\"target\":{\"@type\":\"EntryPoint\",\"urlTemplate\":\"https:\/\/seriea.digital\/blog\/?s={search_term_string}\"},\"query-input\":{\"@type\":\"PropertyValueSpecification\",\"valueRequired\":true,\"valueName\":\"search_term_string\"}}],\"inLanguage\":\"pt-BR\"},{\"@type\":\"Person\",\"@id\":\"https:\/\/seriea.digital\/blog\/#\/schema\/person\/e6b243027e8754686f5ab0fa3d065187\",\"name\":\"SERI.E DESIGN\",\"sameAs\":[\"https:\/\/seriea.digital\/blog\/\"],\"url\":\"https:\/\/seriea.digital\/blog\/author\/seri-e-design\/\"}]}<\/script>\n<!-- \/ Yoast SEO plugin. -->","yoast_head_json":{"title":"Pr\u00eamio de empreendedorismo dado pelo Mercado Livre tem as inscri\u00e7\u00f5es abertas - SERI.E DESIGN, ag\u00eancia e-commerce","robots":{"index":"index","follow":"follow","max-snippet":"max-snippet:-1","max-image-preview":"max-image-preview:large","max-video-preview":"max-video-preview:-1"},"canonical":"https:\/\/seriea.digital\/blog\/premio-de-empreendedorismo-tem-as-inscricoes-abertas\/","og_locale":"pt_BR","og_type":"article","og_title":"Pr\u00eamio de empreendedorismo dado pelo Mercado Livre tem as inscri\u00e7\u00f5es abertas - SERI.E DESIGN, ag\u00eancia e-commerce","og_description":"As inscri\u00e7\u00f5es do Hist\u00f3rias que inspiram 2017 v\u00e3o at\u00e9 o dia 15 de maio A competi\u00e7\u00e3o \u00e9 uma parceria com a Endeavor Argentina e tem como objetivo incentivar o empreendedorismo atrav\u00e9s das hist\u00f3rias de empreendedores do Mercado Livre. Os competidores v\u00e1lidos devem ter sua loja no Mercado Livre e vivem no Brasil, Argentina, Chile, Uruguai, [&hellip;]","og_url":"https:\/\/seriea.digital\/blog\/premio-de-empreendedorismo-tem-as-inscricoes-abertas\/","og_site_name":"SERI.E DESIGN, ag\u00eancia e-commerce","article_publisher":"https:\/\/www.facebook.com\/SERIEDESIGN","article_published_time":"2017-04-11T16:40:02+00:00","og_image":[{"width":368,"height":274,"url":"https:\/\/seriea.digital\/blog\/wp-content\/uploads\/2017\/04\/Logotipo_MercadoLivre.png","type":"image\/png"}],"author":"SERI.E DESIGN","twitter_misc":{"Escrito por":"SERI.E DESIGN","Est. tempo de leitura":"1 minuto"},"schema":{"@context":"https:\/\/schema.org","@graph":[{"@type":"WebPage","@id":"https:\/\/seriea.digital\/blog\/premio-de-empreendedorismo-tem-as-inscricoes-abertas\/","url":"https:\/\/seriea.digital\/blog\/premio-de-empreendedorismo-tem-as-inscricoes-abertas\/","name":"Pr\u00eamio de empreendedorismo dado pelo Mercado Livre tem as inscri\u00e7\u00f5es abertas - SERI.E DESIGN, ag\u00eancia e-commerce","isPartOf":{"@id":"https:\/\/seriea.digital\/blog\/#website"},"primaryImageOfPage":{"@id":"https:\/\/seriea.digital\/blog\/premio-de-empreendedorismo-tem-as-inscricoes-abertas\/#primaryimage"},"image":{"@id":"https:\/\/seriea.digital\/blog\/premio-de-empreendedorismo-tem-as-inscricoes-abertas\/#primaryimage"},"thumbnailUrl":"https:\/\/seriea.digital\/blog\/wp-content\/uploads\/2017\/04\/Logotipo_MercadoLivre.png","datePublished":"2017-04-11T16:40:02+00:00","author":{"@id":"https:\/\/seriea.digital\/blog\/#\/schema\/person\/e6b243027e8754686f5ab0fa3d065187"},"breadcrumb":{"@id":"https:\/\/seriea.digital\/blog\/premio-de-empreendedorismo-tem-as-inscricoes-abertas\/#breadcrumb"},"inLanguage":"pt-BR","potentialAction":[{"@type":"ReadAction","target":["https:\/\/seriea.digital\/blog\/premio-de-empreendedorismo-tem-as-inscricoes-abertas\/"]}]},{"@type":"ImageObject","inLanguage":"pt-BR","@id":"https:\/\/seriea.digital\/blog\/premio-de-empreendedorismo-tem-as-inscricoes-abertas\/#primaryimage","url":"https:\/\/seriea.digital\/blog\/wp-content\/uploads\/2017\/04\/Logotipo_MercadoLivre.png","contentUrl":"https:\/\/seriea.digital\/blog\/wp-content\/uploads\/2017\/04\/Logotipo_MercadoLivre.png","width":368,"height":274},{"@type":"BreadcrumbList","@id":"https:\/\/seriea.digital\/blog\/premio-de-empreendedorismo-tem-as-inscricoes-abertas\/#breadcrumb","itemListElement":[{"@type":"ListItem","position":1,"name":"In\u00edcio","item":"https:\/\/seriea.digital\/blog\/"},{"@type":"ListItem","position":2,"name":"Pr\u00eamio de empreendedorismo dado pelo Mercado Livre tem as inscri\u00e7\u00f5es abertas"}]},{"@type":"WebSite","@id":"https:\/\/seriea.digital\/blog\/#website","url":"https:\/\/seriea.digital\/blog\/","name":"SERI.E DESIGN","description":"Ag\u00eancia digital especializada em e-commerce - Desenvolvimento de layout pra E-commerce, Tray Commerce,Wake, Vtex, Deco, Sites. Eleita a ag\u00eancia com melhor atendimento.","potentialAction":[{"@type":"SearchAction","target":{"@type":"EntryPoint","urlTemplate":"https:\/\/seriea.digital\/blog\/?s={search_term_string}"},"query-input":{"@type":"PropertyValueSpecification","valueRequired":true,"valueName":"search_term_string"}}],"inLanguage":"pt-BR"},{"@type":"Person","@id":"https:\/\/seriea.digital\/blog\/#\/schema\/person\/e6b243027e8754686f5ab0fa3d065187","name":"SERI.E DESIGN","sameAs":["https:\/\/seriea.digital\/blog\/"],"url":"https:\/\/seriea.digital\/blog\/author\/seri-e-design\/"}]}},"_links":{"self":[{"href":"https:\/\/seriea.digital\/blog\/wp-json\/wp\/v2\/posts\/2431","targetHints":{"allow":["GET"]}}],"collection":[{"href":"https:\/\/seriea.digital\/blog\/wp-json\/wp\/v2\/posts"}],"about":[{"href":"https:\/\/seriea.digital\/blog\/wp-json\/wp\/v2\/types\/post"}],"author":[{"embeddable":true,"href":"https:\/\/seriea.digital\/blog\/wp-json\/wp\/v2\/users\/8"}],"replies":[{"embeddable":true,"href":"https:\/\/seriea.digital\/blog\/wp-json\/wp\/v2\/comments?post=2431"}],"version-history":[{"count":5,"href":"https:\/\/seriea.digital\/blog\/wp-json\/wp\/v2\/posts\/2431\/revisions"}],"predecessor-version":[{"id":2439,"href":"https:\/\/seriea.digital\/blog\/wp-json\/wp\/v2\/posts\/2431\/revisions\/2439"}],"wp:featuredmedia":[{"embeddable":true,"href":"https:\/\/seriea.digital\/blog\/wp-json\/wp\/v2\/media\/2436"}],"wp:attachment":[{"href":"https:\/\/seriea.digital\/blog\/wp-json\/wp\/v2\/media?parent=2431"}],"wp:term":[{"taxonomy":"category","embeddable":true,"href":"https:\/\/seriea.digital\/blog\/wp-json\/wp\/v2\/categories?post=2431"},{"taxonomy":"post_tag","embeddable":true,"href":"https:\/\/seriea.digital\/blog\/wp-json\/wp\/v2\/tags?post=2431"}],"curies":[{"name":"wp","href":"https:\/\/api.w.org\/{rel}","templated":true}]}}