{"id":2467,"date":"2017-04-27T10:07:29","date_gmt":"2017-04-27T13:07:29","guid":{"rendered":"https:\/\/seriea.digital\/blog1\/?p=2467"},"modified":"2018-11-19T15:13:38","modified_gmt":"2018-11-19T18:13:38","slug":"frete-gratis","status":"publish","type":"post","link":"https:\/\/seriea.digital\/blog\/frete-gratis\/","title":{"rendered":"Frete gr\u00e1tis, nesta sexta, aumente suas vendas em at\u00e9 50%"},"content":{"rendered":"<figure id=\"attachment_2468\" aria-describedby=\"caption-attachment-2468\" style=\"width: 550px\" class=\"wp-caption aligncenter\"><img fetchpriority=\"high\" decoding=\"async\" class=\"size-wcstandard wp-image-2468\" src=\"https:\/\/seriea.digital\/blog1\/wp-content\/uploads\/2017\/04\/FreeShippingDayPost-550x313.jpg\" alt=\"Frete gr\u00e1tis\" width=\"550\" height=\"313\" srcset=\"https:\/\/seriea.digital\/blog\/wp-content\/uploads\/2017\/04\/FreeShippingDayPost-550x313.jpg 550w, https:\/\/seriea.digital\/blog\/wp-content\/uploads\/2017\/04\/FreeShippingDayPost-300x171.jpg 300w, https:\/\/seriea.digital\/blog\/wp-content\/uploads\/2017\/04\/FreeShippingDayPost-250x142.jpg 250w, https:\/\/seriea.digital\/blog\/wp-content\/uploads\/2017\/04\/FreeShippingDayPost-317x180.jpg 317w, https:\/\/seriea.digital\/blog\/wp-content\/uploads\/2017\/04\/FreeShippingDayPost-528x300.jpg 528w, https:\/\/seriea.digital\/blog\/wp-content\/uploads\/2017\/04\/FreeShippingDayPost.jpg 598w\" sizes=\"(max-width: 550px) 100vw, 550px\" \/><figcaption id=\"caption-attachment-2468\" class=\"wp-caption-text\">Frete gr\u00e1tis<\/figcaption><\/figure>\n<h2>Frete Gr\u00e1tis, participe deste dia!<\/h2>\n<p>Na pr\u00f3xima sexta-feira (28) \u00e9 comemorado o Dia do <strong>Frete Gr\u00e1tis<\/strong>. O evento \u00e9 comemorado duas semanas antes do Dia das M\u00e3es. Sendo um dos eventos mais importantes para o com\u00e9rcio brasileiro.<\/p>\n<p>Entretanto, o evento trouxe um aumento de 28% para as vendas online, quando comparado a semana anterior da promo\u00e7\u00e3o. Segundo especialista de log\u00edstica da <a href=\"https:\/\/www.tray.com.br\/\">Tray<\/a>, Alexandre Davoli. &#8220;Com bom<a href=\"https:\/\/seriea.digital\/blog1\/planejamento-estrategico\/\"> planejamento<\/a> de comunica\u00e7\u00e3o, regras bem claras para o ganho do frete e campanhas bem elaboradas, o aumento de vendas pode chegar a 50% na data.&#8221;<\/p>\n<p>Contudo, o frete \u00e9 decisivo na hora da compra para a maioria dos consumidores virtuais. Embora o relat\u00f3rio da <a href=\"https:\/\/www.ebit.com.br\/\">E-bit.<\/a>\u00a0Cerca de 67% de quem compra online aponta o valor do frete como um motivo negativo na hora de fechar uma compra online.<\/p>\n<p>O dia \u00e9 comemorado h\u00e1 9 anos nos Estados Unidos com o nome de Free Shipping Day.<\/p>\n<h3>Frete Gr\u00e1tis &#8211; Conclus\u00e3o<\/h3>\n<p>No geral, o que determina qual ou quais as estrat\u00e9gias podem ser adotadas ser\u00e1 o planejamento estrat\u00e9gico. Quando levado em considera\u00e7\u00e3o o desdobramento das micro etapas versus o tempo a ser conclu\u00eddo. Contudo, lembrando que n\u00e3o existe receita de bolo, o que funciona para voc\u00ea pode n\u00e3o funcionar para outra loja virtual e vice versa. Por isso, sempre recomendamos o acompanhamento de cada estrat\u00e9gia adotada. Desta forma \u00e9 poss\u00edvel mensurar seus resultados e realizar algum ajuste se necess\u00e1rio.<\/p>\n<p>Lembre-se: \u00a0investimento. Tempo e decerto o acompanhamento, s\u00e3o a regra de ouro para o planejamento estrat\u00e9gico sair do papel e alavancar as vendas de sua loja virtual.<\/p>\n<p>Se precisar de mais dicas como:<\/p>\n<ul>\n<li>usabilidade<\/li>\n<li>gest\u00e3o<\/li>\n<li>estrat\u00e9gias<\/li>\n<li>marketing digital<\/li>\n<\/ul>\n<p>e tudo mais que possa incrementar a gama de possibilidades, assine nossa news e fique sempre por dentro dos materiais mais quentes e legais do e-commerce.<\/p>\n<p>Agora, se voc\u00ea esta estruturando sua loja virtual, e-commerce e tem d\u00favidas ou esta inseguro(a), solicite uma assessoria gratuita e um de nossos especialistas entrar\u00e1 em contato contigo para entender do seu neg\u00f3cio!<\/p>\n<h3>J\u00e1 pensou em ter sua pr\u00f3pria <a href=\"https:\/\/seriea.digital\/blog1\/contato\">loja virtual<\/a>? <a href=\"https:\/\/seriea.digital\/blog1\/\">Conhe\u00e7a nossas solu\u00e7\u00f5es<\/a><\/h3>\n","protected":false},"excerpt":{"rendered":"<p>Frete Gr\u00e1tis, participe deste dia! Na pr\u00f3xima sexta-feira (28) \u00e9 comemorado o Dia do Frete Gr\u00e1tis. O evento \u00e9 comemorado duas semanas antes do Dia das M\u00e3es. Sendo um dos eventos mais importantes para o com\u00e9rcio brasileiro. Entretanto, o evento trouxe um aumento de 28% para as vendas online, quando comparado a semana anterior da [&hellip;]<\/p>\n","protected":false},"author":8,"featured_media":2468,"comment_status":"closed","ping_status":"closed","sticky":false,"template":"","format":"standard","meta":{"footnotes":""},"categories":[25,29],"tags":[],"class_list":["post-2467","post","type-post","status-publish","format-standard","has-post-thumbnail","hentry","category-ecommerce","category-marketing"],"yoast_head":"<!-- This site is optimized with the Yoast SEO plugin v26.5 - https:\/\/yoast.com\/wordpress\/plugins\/seo\/ -->\n<title>Frete gr\u00e1tis, nesta sexta, aumente suas vendas em at\u00e9 50%<\/title>\n<meta name=\"description\" content=\"Na pr\u00f3xima sexta-feira (28) \u00e9 comemorado o Dia do Frete Gr\u00e1tis. O evento \u00e9 comemorado duas semanas antes do Dia das M\u00e3es, um dos eventos\" \/>\n<meta name=\"robots\" content=\"index, follow, max-snippet:-1, max-image-preview:large, max-video-preview:-1\" \/>\n<link rel=\"canonical\" href=\"https:\/\/seriea.digital\/blog\/frete-gratis\/\" \/>\n<meta property=\"og:locale\" content=\"pt_BR\" \/>\n<meta property=\"og:type\" content=\"article\" \/>\n<meta property=\"og:title\" content=\"Frete gr\u00e1tis, nesta sexta, aumente suas vendas em at\u00e9 50%\" \/>\n<meta property=\"og:description\" content=\"Na pr\u00f3xima sexta-feira (28) \u00e9 comemorado o Dia do Frete Gr\u00e1tis. O evento \u00e9 comemorado duas semanas antes do Dia das M\u00e3es, um dos eventos\" \/>\n<meta property=\"og:url\" content=\"https:\/\/seriea.digital\/blog\/frete-gratis\/\" \/>\n<meta property=\"og:site_name\" content=\"SERI.E DESIGN, ag\u00eancia e-commerce\" \/>\n<meta property=\"article:publisher\" content=\"https:\/\/www.facebook.com\/SERIEDESIGN\" \/>\n<meta property=\"article:published_time\" content=\"2017-04-27T13:07:29+00:00\" \/>\n<meta property=\"article:modified_time\" content=\"2018-11-19T18:13:38+00:00\" \/>\n<meta property=\"og:image\" content=\"https:\/\/seriea.digital\/blog\/wp-content\/uploads\/2017\/04\/FreeShippingDayPost.jpg\" \/>\n\t<meta property=\"og:image:width\" content=\"598\" \/>\n\t<meta property=\"og:image:height\" content=\"340\" \/>\n\t<meta property=\"og:image:type\" content=\"image\/jpeg\" \/>\n<meta name=\"author\" content=\"SERI.E DESIGN\" \/>\n<meta name=\"twitter:label1\" content=\"Escrito por\" \/>\n\t<meta name=\"twitter:data1\" content=\"SERI.E DESIGN\" \/>\n\t<meta name=\"twitter:label2\" content=\"Est. tempo de leitura\" \/>\n\t<meta name=\"twitter:data2\" content=\"2 minutos\" \/>\n<script type=\"application\/ld+json\" class=\"yoast-schema-graph\">{\"@context\":\"https:\/\/schema.org\",\"@graph\":[{\"@type\":\"WebPage\",\"@id\":\"https:\/\/seriea.digital\/blog\/frete-gratis\/\",\"url\":\"https:\/\/seriea.digital\/blog\/frete-gratis\/\",\"name\":\"Frete gr\u00e1tis, nesta sexta, aumente suas vendas em at\u00e9 50%\",\"isPartOf\":{\"@id\":\"https:\/\/seriea.digital\/blog\/#website\"},\"primaryImageOfPage\":{\"@id\":\"https:\/\/seriea.digital\/blog\/frete-gratis\/#primaryimage\"},\"image\":{\"@id\":\"https:\/\/seriea.digital\/blog\/frete-gratis\/#primaryimage\"},\"thumbnailUrl\":\"https:\/\/seriea.digital\/blog\/wp-content\/uploads\/2017\/04\/FreeShippingDayPost.jpg\",\"datePublished\":\"2017-04-27T13:07:29+00:00\",\"dateModified\":\"2018-11-19T18:13:38+00:00\",\"author\":{\"@id\":\"https:\/\/seriea.digital\/blog\/#\/schema\/person\/e6b243027e8754686f5ab0fa3d065187\"},\"description\":\"Na pr\u00f3xima sexta-feira (28) \u00e9 comemorado o Dia do Frete Gr\u00e1tis. O evento \u00e9 comemorado duas semanas antes do Dia das M\u00e3es, um dos eventos\",\"breadcrumb\":{\"@id\":\"https:\/\/seriea.digital\/blog\/frete-gratis\/#breadcrumb\"},\"inLanguage\":\"pt-BR\",\"potentialAction\":[{\"@type\":\"ReadAction\",\"target\":[\"https:\/\/seriea.digital\/blog\/frete-gratis\/\"]}]},{\"@type\":\"ImageObject\",\"inLanguage\":\"pt-BR\",\"@id\":\"https:\/\/seriea.digital\/blog\/frete-gratis\/#primaryimage\",\"url\":\"https:\/\/seriea.digital\/blog\/wp-content\/uploads\/2017\/04\/FreeShippingDayPost.jpg\",\"contentUrl\":\"https:\/\/seriea.digital\/blog\/wp-content\/uploads\/2017\/04\/FreeShippingDayPost.jpg\",\"width\":598,\"height\":340,\"caption\":\"Frete gr\u00e1tis\"},{\"@type\":\"BreadcrumbList\",\"@id\":\"https:\/\/seriea.digital\/blog\/frete-gratis\/#breadcrumb\",\"itemListElement\":[{\"@type\":\"ListItem\",\"position\":1,\"name\":\"In\u00edcio\",\"item\":\"https:\/\/seriea.digital\/blog\/\"},{\"@type\":\"ListItem\",\"position\":2,\"name\":\"Frete gr\u00e1tis, nesta sexta, aumente suas vendas em at\u00e9 50%\"}]},{\"@type\":\"WebSite\",\"@id\":\"https:\/\/seriea.digital\/blog\/#website\",\"url\":\"https:\/\/seriea.digital\/blog\/\",\"name\":\"SERI.E DESIGN\",\"description\":\"Ag\u00eancia digital especializada em e-commerce - Desenvolvimento de layout pra E-commerce, Tray Commerce,Wake, Vtex, Deco, Sites. Eleita a ag\u00eancia com melhor atendimento.\",\"potentialAction\":[{\"@type\":\"SearchAction\",\"target\":{\"@type\":\"EntryPoint\",\"urlTemplate\":\"https:\/\/seriea.digital\/blog\/?s={search_term_string}\"},\"query-input\":{\"@type\":\"PropertyValueSpecification\",\"valueRequired\":true,\"valueName\":\"search_term_string\"}}],\"inLanguage\":\"pt-BR\"},{\"@type\":\"Person\",\"@id\":\"https:\/\/seriea.digital\/blog\/#\/schema\/person\/e6b243027e8754686f5ab0fa3d065187\",\"name\":\"SERI.E DESIGN\",\"sameAs\":[\"https:\/\/seriea.digital\/blog\/\"],\"url\":\"https:\/\/seriea.digital\/blog\/author\/seri-e-design\/\"}]}<\/script>\n<!-- \/ Yoast SEO plugin. -->","yoast_head_json":{"title":"Frete gr\u00e1tis, nesta sexta, aumente suas vendas em at\u00e9 50%","description":"Na pr\u00f3xima sexta-feira (28) \u00e9 comemorado o Dia do Frete Gr\u00e1tis. O evento \u00e9 comemorado duas semanas antes do Dia das M\u00e3es, um dos eventos","robots":{"index":"index","follow":"follow","max-snippet":"max-snippet:-1","max-image-preview":"max-image-preview:large","max-video-preview":"max-video-preview:-1"},"canonical":"https:\/\/seriea.digital\/blog\/frete-gratis\/","og_locale":"pt_BR","og_type":"article","og_title":"Frete gr\u00e1tis, nesta sexta, aumente suas vendas em at\u00e9 50%","og_description":"Na pr\u00f3xima sexta-feira (28) \u00e9 comemorado o Dia do Frete Gr\u00e1tis. O evento \u00e9 comemorado duas semanas antes do Dia das M\u00e3es, um dos eventos","og_url":"https:\/\/seriea.digital\/blog\/frete-gratis\/","og_site_name":"SERI.E DESIGN, ag\u00eancia e-commerce","article_publisher":"https:\/\/www.facebook.com\/SERIEDESIGN","article_published_time":"2017-04-27T13:07:29+00:00","article_modified_time":"2018-11-19T18:13:38+00:00","og_image":[{"width":598,"height":340,"url":"https:\/\/seriea.digital\/blog\/wp-content\/uploads\/2017\/04\/FreeShippingDayPost.jpg","type":"image\/jpeg"}],"author":"SERI.E DESIGN","twitter_misc":{"Escrito por":"SERI.E DESIGN","Est. tempo de leitura":"2 minutos"},"schema":{"@context":"https:\/\/schema.org","@graph":[{"@type":"WebPage","@id":"https:\/\/seriea.digital\/blog\/frete-gratis\/","url":"https:\/\/seriea.digital\/blog\/frete-gratis\/","name":"Frete gr\u00e1tis, nesta sexta, aumente suas vendas em at\u00e9 50%","isPartOf":{"@id":"https:\/\/seriea.digital\/blog\/#website"},"primaryImageOfPage":{"@id":"https:\/\/seriea.digital\/blog\/frete-gratis\/#primaryimage"},"image":{"@id":"https:\/\/seriea.digital\/blog\/frete-gratis\/#primaryimage"},"thumbnailUrl":"https:\/\/seriea.digital\/blog\/wp-content\/uploads\/2017\/04\/FreeShippingDayPost.jpg","datePublished":"2017-04-27T13:07:29+00:00","dateModified":"2018-11-19T18:13:38+00:00","author":{"@id":"https:\/\/seriea.digital\/blog\/#\/schema\/person\/e6b243027e8754686f5ab0fa3d065187"},"description":"Na pr\u00f3xima sexta-feira (28) \u00e9 comemorado o Dia do Frete Gr\u00e1tis. O evento \u00e9 comemorado duas semanas antes do Dia das M\u00e3es, um dos eventos","breadcrumb":{"@id":"https:\/\/seriea.digital\/blog\/frete-gratis\/#breadcrumb"},"inLanguage":"pt-BR","potentialAction":[{"@type":"ReadAction","target":["https:\/\/seriea.digital\/blog\/frete-gratis\/"]}]},{"@type":"ImageObject","inLanguage":"pt-BR","@id":"https:\/\/seriea.digital\/blog\/frete-gratis\/#primaryimage","url":"https:\/\/seriea.digital\/blog\/wp-content\/uploads\/2017\/04\/FreeShippingDayPost.jpg","contentUrl":"https:\/\/seriea.digital\/blog\/wp-content\/uploads\/2017\/04\/FreeShippingDayPost.jpg","width":598,"height":340,"caption":"Frete gr\u00e1tis"},{"@type":"BreadcrumbList","@id":"https:\/\/seriea.digital\/blog\/frete-gratis\/#breadcrumb","itemListElement":[{"@type":"ListItem","position":1,"name":"In\u00edcio","item":"https:\/\/seriea.digital\/blog\/"},{"@type":"ListItem","position":2,"name":"Frete gr\u00e1tis, nesta sexta, aumente suas vendas em at\u00e9 50%"}]},{"@type":"WebSite","@id":"https:\/\/seriea.digital\/blog\/#website","url":"https:\/\/seriea.digital\/blog\/","name":"SERI.E DESIGN","description":"Ag\u00eancia digital especializada em e-commerce - Desenvolvimento de layout pra E-commerce, Tray Commerce,Wake, Vtex, Deco, Sites. Eleita a ag\u00eancia com melhor atendimento.","potentialAction":[{"@type":"SearchAction","target":{"@type":"EntryPoint","urlTemplate":"https:\/\/seriea.digital\/blog\/?s={search_term_string}"},"query-input":{"@type":"PropertyValueSpecification","valueRequired":true,"valueName":"search_term_string"}}],"inLanguage":"pt-BR"},{"@type":"Person","@id":"https:\/\/seriea.digital\/blog\/#\/schema\/person\/e6b243027e8754686f5ab0fa3d065187","name":"SERI.E DESIGN","sameAs":["https:\/\/seriea.digital\/blog\/"],"url":"https:\/\/seriea.digital\/blog\/author\/seri-e-design\/"}]}},"_links":{"self":[{"href":"https:\/\/seriea.digital\/blog\/wp-json\/wp\/v2\/posts\/2467","targetHints":{"allow":["GET"]}}],"collection":[{"href":"https:\/\/seriea.digital\/blog\/wp-json\/wp\/v2\/posts"}],"about":[{"href":"https:\/\/seriea.digital\/blog\/wp-json\/wp\/v2\/types\/post"}],"author":[{"embeddable":true,"href":"https:\/\/seriea.digital\/blog\/wp-json\/wp\/v2\/users\/8"}],"replies":[{"embeddable":true,"href":"https:\/\/seriea.digital\/blog\/wp-json\/wp\/v2\/comments?post=2467"}],"version-history":[{"count":3,"href":"https:\/\/seriea.digital\/blog\/wp-json\/wp\/v2\/posts\/2467\/revisions"}],"predecessor-version":[{"id":3057,"href":"https:\/\/seriea.digital\/blog\/wp-json\/wp\/v2\/posts\/2467\/revisions\/3057"}],"wp:featuredmedia":[{"embeddable":true,"href":"https:\/\/seriea.digital\/blog\/wp-json\/wp\/v2\/media\/2468"}],"wp:attachment":[{"href":"https:\/\/seriea.digital\/blog\/wp-json\/wp\/v2\/media?parent=2467"}],"wp:term":[{"taxonomy":"category","embeddable":true,"href":"https:\/\/seriea.digital\/blog\/wp-json\/wp\/v2\/categories?post=2467"},{"taxonomy":"post_tag","embeddable":true,"href":"https:\/\/seriea.digital\/blog\/wp-json\/wp\/v2\/tags?post=2467"}],"curies":[{"name":"wp","href":"https:\/\/api.w.org\/{rel}","templated":true}]}}