{"id":2475,"date":"2017-08-10T13:33:46","date_gmt":"2017-08-10T16:33:46","guid":{"rendered":"https:\/\/seriea.digital\/blog1\/?p=2475"},"modified":"2024-08-05T18:02:13","modified_gmt":"2024-08-05T21:02:13","slug":"vendas-dia-dos-pais","status":"publish","type":"post","link":"https:\/\/seriea.digital\/blog\/vendas-dia-dos-pais\/","title":{"rendered":"Vendas no e-commerce podem aumentar 12% no Dia dos Pais"},"content":{"rendered":"<h2>Estudos apontam crescimento de 9% no ticket m\u00e9dio no mesmo per\u00edodo<\/h2>\n<p><a href=\"https:\/\/seriea.digital\/blog1\/confira-os-10-melhores-produtos-para-vender-online\/\">Datas comemorativas<\/a> s\u00e3o sempre um prato cheio para a\u00e7\u00f5es de impulsionamento de vendas. Desta forma, o Dia dos Pais esta incluso no hall das grandes datas para os lojistas do Brasil.<\/p>\n<p>Segundo dados levantados pela INFRACOMMERCE,\u00a0o e-commerce possui uma expectativa de crescer 12% em rela\u00e7\u00e3o ao mesmo per\u00edodo do ano anterior. O E-bit tamb\u00e9m transmitiu outra informa\u00e7\u00e3o interessante sobre o per\u00edodo. O ticket m\u00e9dio deve subir<strong> 9%<\/strong> em compara\u00e7\u00e3o com o mesmo per\u00edodo do ano anterior.<\/p>\n<p><a href=\"https:\/\/seriea.digital\/blog1\/7-tendencias-para-seu-e-commerce-sair-na-frente-em-2017\/\">O maior foco<\/a> nas buscas do per\u00edodo s\u00e3o celulares e aparelhos eletr\u00f4nicos em geral, mas n\u00e3o obstante destes segmentos, roupas e acess\u00f3rios esportivos s\u00e3o amplamente procurados nesta \u00e9poca, todavia, a INFRACOMMERCE ainda identificou um aumento<strong> 20%<\/strong> e <strong>40%<\/strong> nas vendas para o per\u00edodo e a expectativa \u00e9 que aproximadamente 20 milh\u00f5es de brasileiros comprem at\u00e9 o dia 13 de agosto, especialmente mulheres entre 20 e 34 anos.<\/p>\n<p>A constante busca por cupons de desconto tamb\u00e9m foi analisada no processo de compra. Desta forma, vale lembra,\u00a0 que utilizar essa estrat\u00e9gia pode potencializar ainda mais as vendas. Entretanto, recomendamos sempre avaliar cada estrat\u00e9gica e assim, definir qual obteve o melhor resultado.<\/p>\n<p>Mesmo assim, se voc\u00ea ainda n\u00e3o esta convencido sobre esses n\u00fameros, acesso nosso <a href=\"https:\/\/seriea.digital\/blog1\/blog\">Blog<\/a> e confira!<\/p>\n","protected":false},"excerpt":{"rendered":"<p>Estudos apontam crescimento de 9% no ticket m\u00e9dio no mesmo per\u00edodo Datas comemorativas s\u00e3o sempre um prato cheio para a\u00e7\u00f5es de impulsionamento de vendas. Desta forma, o Dia dos Pais esta incluso no hall das grandes datas para os lojistas do Brasil. Segundo dados levantados pela INFRACOMMERCE,\u00a0o e-commerce possui uma expectativa de crescer 12% em [&hellip;]<\/p>\n","protected":false},"author":8,"featured_media":0,"comment_status":"closed","ping_status":"closed","sticky":false,"template":"","format":"aside","meta":{"footnotes":""},"categories":[25,102,10],"tags":[99,100,24,17,56],"class_list":["post-2475","post","type-post","status-publish","format-aside","hentry","category-ecommerce","category-marketplace","category-seri-e-design","tag-datas-festivas","tag-dia-dos-pais","tag-e-commerce","tag-loja-virtual","tag-vendas","post_format-post-format-aside"],"yoast_head":"<!-- This site is optimized with the Yoast SEO plugin v26.5 - https:\/\/yoast.com\/wordpress\/plugins\/seo\/ -->\n<title>Vendas no e-commerce podem aumentar 12% no Dia dos Pais<\/title>\n<meta name=\"description\" content=\"Datas comemorativas s\u00e3o sempre um prato cheio para a\u00e7\u00f5es de impulsionamento de vendas, o Dia dos Pais esta incluso no hall das grandes datas para os\" \/>\n<meta name=\"robots\" content=\"index, follow, max-snippet:-1, max-image-preview:large, max-video-preview:-1\" \/>\n<link rel=\"canonical\" href=\"https:\/\/seriea.digital\/blog\/vendas-dia-dos-pais\/\" \/>\n<meta property=\"og:locale\" content=\"pt_BR\" \/>\n<meta property=\"og:type\" content=\"article\" \/>\n<meta property=\"og:title\" content=\"Vendas no e-commerce podem aumentar 12% no Dia dos Pais\" \/>\n<meta property=\"og:description\" content=\"Datas comemorativas s\u00e3o sempre um prato cheio para a\u00e7\u00f5es de impulsionamento de vendas, o Dia dos Pais esta incluso no hall das grandes datas para os\" \/>\n<meta property=\"og:url\" content=\"https:\/\/seriea.digital\/blog\/vendas-dia-dos-pais\/\" \/>\n<meta property=\"og:site_name\" content=\"SERI.E DESIGN, ag\u00eancia e-commerce\" \/>\n<meta property=\"article:publisher\" content=\"https:\/\/www.facebook.com\/SERIEDESIGN\" \/>\n<meta property=\"article:published_time\" content=\"2017-08-10T16:33:46+00:00\" \/>\n<meta property=\"article:modified_time\" content=\"2024-08-05T21:02:13+00:00\" \/>\n<meta name=\"author\" content=\"SERI.E DESIGN\" \/>\n<meta name=\"twitter:label1\" content=\"Escrito por\" \/>\n\t<meta name=\"twitter:data1\" content=\"SERI.E DESIGN\" \/>\n\t<meta name=\"twitter:label2\" content=\"Est. tempo de leitura\" \/>\n\t<meta name=\"twitter:data2\" content=\"2 minutos\" \/>\n<script type=\"application\/ld+json\" class=\"yoast-schema-graph\">{\"@context\":\"https:\/\/schema.org\",\"@graph\":[{\"@type\":\"WebPage\",\"@id\":\"https:\/\/seriea.digital\/blog\/vendas-dia-dos-pais\/\",\"url\":\"https:\/\/seriea.digital\/blog\/vendas-dia-dos-pais\/\",\"name\":\"Vendas no e-commerce podem aumentar 12% no Dia dos Pais\",\"isPartOf\":{\"@id\":\"https:\/\/seriea.digital\/blog\/#website\"},\"datePublished\":\"2017-08-10T16:33:46+00:00\",\"dateModified\":\"2024-08-05T21:02:13+00:00\",\"author\":{\"@id\":\"https:\/\/seriea.digital\/blog\/#\/schema\/person\/e6b243027e8754686f5ab0fa3d065187\"},\"description\":\"Datas comemorativas s\u00e3o sempre um prato cheio para a\u00e7\u00f5es de impulsionamento de vendas, o Dia dos Pais esta incluso no hall das grandes datas para os\",\"breadcrumb\":{\"@id\":\"https:\/\/seriea.digital\/blog\/vendas-dia-dos-pais\/#breadcrumb\"},\"inLanguage\":\"pt-BR\",\"potentialAction\":[{\"@type\":\"ReadAction\",\"target\":[\"https:\/\/seriea.digital\/blog\/vendas-dia-dos-pais\/\"]}]},{\"@type\":\"BreadcrumbList\",\"@id\":\"https:\/\/seriea.digital\/blog\/vendas-dia-dos-pais\/#breadcrumb\",\"itemListElement\":[{\"@type\":\"ListItem\",\"position\":1,\"name\":\"In\u00edcio\",\"item\":\"https:\/\/seriea.digital\/blog\/\"},{\"@type\":\"ListItem\",\"position\":2,\"name\":\"Vendas no e-commerce podem aumentar 12% no Dia dos Pais\"}]},{\"@type\":\"WebSite\",\"@id\":\"https:\/\/seriea.digital\/blog\/#website\",\"url\":\"https:\/\/seriea.digital\/blog\/\",\"name\":\"SERI.E DESIGN\",\"description\":\"Ag\u00eancia digital especializada em e-commerce - Desenvolvimento de layout pra E-commerce, Tray Commerce,Wake, Vtex, Deco, Sites. Eleita a ag\u00eancia com melhor atendimento.\",\"potentialAction\":[{\"@type\":\"SearchAction\",\"target\":{\"@type\":\"EntryPoint\",\"urlTemplate\":\"https:\/\/seriea.digital\/blog\/?s={search_term_string}\"},\"query-input\":{\"@type\":\"PropertyValueSpecification\",\"valueRequired\":true,\"valueName\":\"search_term_string\"}}],\"inLanguage\":\"pt-BR\"},{\"@type\":\"Person\",\"@id\":\"https:\/\/seriea.digital\/blog\/#\/schema\/person\/e6b243027e8754686f5ab0fa3d065187\",\"name\":\"SERI.E DESIGN\",\"sameAs\":[\"https:\/\/seriea.digital\/blog\/\"],\"url\":\"https:\/\/seriea.digital\/blog\/author\/seri-e-design\/\"}]}<\/script>\n<!-- \/ Yoast SEO plugin. -->","yoast_head_json":{"title":"Vendas no e-commerce podem aumentar 12% no Dia dos Pais","description":"Datas comemorativas s\u00e3o sempre um prato cheio para a\u00e7\u00f5es de impulsionamento de vendas, o Dia dos Pais esta incluso no hall das grandes datas para os","robots":{"index":"index","follow":"follow","max-snippet":"max-snippet:-1","max-image-preview":"max-image-preview:large","max-video-preview":"max-video-preview:-1"},"canonical":"https:\/\/seriea.digital\/blog\/vendas-dia-dos-pais\/","og_locale":"pt_BR","og_type":"article","og_title":"Vendas no e-commerce podem aumentar 12% no Dia dos Pais","og_description":"Datas comemorativas s\u00e3o sempre um prato cheio para a\u00e7\u00f5es de impulsionamento de vendas, o Dia dos Pais esta incluso no hall das grandes datas para os","og_url":"https:\/\/seriea.digital\/blog\/vendas-dia-dos-pais\/","og_site_name":"SERI.E DESIGN, ag\u00eancia e-commerce","article_publisher":"https:\/\/www.facebook.com\/SERIEDESIGN","article_published_time":"2017-08-10T16:33:46+00:00","article_modified_time":"2024-08-05T21:02:13+00:00","author":"SERI.E DESIGN","twitter_misc":{"Escrito por":"SERI.E DESIGN","Est. tempo de leitura":"2 minutos"},"schema":{"@context":"https:\/\/schema.org","@graph":[{"@type":"WebPage","@id":"https:\/\/seriea.digital\/blog\/vendas-dia-dos-pais\/","url":"https:\/\/seriea.digital\/blog\/vendas-dia-dos-pais\/","name":"Vendas no e-commerce podem aumentar 12% no Dia dos Pais","isPartOf":{"@id":"https:\/\/seriea.digital\/blog\/#website"},"datePublished":"2017-08-10T16:33:46+00:00","dateModified":"2024-08-05T21:02:13+00:00","author":{"@id":"https:\/\/seriea.digital\/blog\/#\/schema\/person\/e6b243027e8754686f5ab0fa3d065187"},"description":"Datas comemorativas s\u00e3o sempre um prato cheio para a\u00e7\u00f5es de impulsionamento de vendas, o Dia dos Pais esta incluso no hall das grandes datas para os","breadcrumb":{"@id":"https:\/\/seriea.digital\/blog\/vendas-dia-dos-pais\/#breadcrumb"},"inLanguage":"pt-BR","potentialAction":[{"@type":"ReadAction","target":["https:\/\/seriea.digital\/blog\/vendas-dia-dos-pais\/"]}]},{"@type":"BreadcrumbList","@id":"https:\/\/seriea.digital\/blog\/vendas-dia-dos-pais\/#breadcrumb","itemListElement":[{"@type":"ListItem","position":1,"name":"In\u00edcio","item":"https:\/\/seriea.digital\/blog\/"},{"@type":"ListItem","position":2,"name":"Vendas no e-commerce podem aumentar 12% no Dia dos Pais"}]},{"@type":"WebSite","@id":"https:\/\/seriea.digital\/blog\/#website","url":"https:\/\/seriea.digital\/blog\/","name":"SERI.E DESIGN","description":"Ag\u00eancia digital especializada em e-commerce - Desenvolvimento de layout pra E-commerce, Tray Commerce,Wake, Vtex, Deco, Sites. Eleita a ag\u00eancia com melhor atendimento.","potentialAction":[{"@type":"SearchAction","target":{"@type":"EntryPoint","urlTemplate":"https:\/\/seriea.digital\/blog\/?s={search_term_string}"},"query-input":{"@type":"PropertyValueSpecification","valueRequired":true,"valueName":"search_term_string"}}],"inLanguage":"pt-BR"},{"@type":"Person","@id":"https:\/\/seriea.digital\/blog\/#\/schema\/person\/e6b243027e8754686f5ab0fa3d065187","name":"SERI.E DESIGN","sameAs":["https:\/\/seriea.digital\/blog\/"],"url":"https:\/\/seriea.digital\/blog\/author\/seri-e-design\/"}]}},"_links":{"self":[{"href":"https:\/\/seriea.digital\/blog\/wp-json\/wp\/v2\/posts\/2475","targetHints":{"allow":["GET"]}}],"collection":[{"href":"https:\/\/seriea.digital\/blog\/wp-json\/wp\/v2\/posts"}],"about":[{"href":"https:\/\/seriea.digital\/blog\/wp-json\/wp\/v2\/types\/post"}],"author":[{"embeddable":true,"href":"https:\/\/seriea.digital\/blog\/wp-json\/wp\/v2\/users\/8"}],"replies":[{"embeddable":true,"href":"https:\/\/seriea.digital\/blog\/wp-json\/wp\/v2\/comments?post=2475"}],"version-history":[{"count":4,"href":"https:\/\/seriea.digital\/blog\/wp-json\/wp\/v2\/posts\/2475\/revisions"}],"predecessor-version":[{"id":5935,"href":"https:\/\/seriea.digital\/blog\/wp-json\/wp\/v2\/posts\/2475\/revisions\/5935"}],"wp:attachment":[{"href":"https:\/\/seriea.digital\/blog\/wp-json\/wp\/v2\/media?parent=2475"}],"wp:term":[{"taxonomy":"category","embeddable":true,"href":"https:\/\/seriea.digital\/blog\/wp-json\/wp\/v2\/categories?post=2475"},{"taxonomy":"post_tag","embeddable":true,"href":"https:\/\/seriea.digital\/blog\/wp-json\/wp\/v2\/tags?post=2475"}],"curies":[{"name":"wp","href":"https:\/\/api.w.org\/{rel}","templated":true}]}}