{"id":2499,"date":"2017-08-30T18:19:44","date_gmt":"2017-08-30T21:19:44","guid":{"rendered":"https:\/\/seriea.digital\/blog1\/?p=2499"},"modified":"2017-08-30T18:19:44","modified_gmt":"2017-08-30T21:19:44","slug":"presidente-do-mercado-livre-nao-teme-amazon-e-projeta-forte-investimento-no-brasil","status":"publish","type":"post","link":"https:\/\/seriea.digital\/blog\/presidente-do-mercado-livre-nao-teme-amazon-e-projeta-forte-investimento-no-brasil\/","title":{"rendered":"Presidente do Mercado Livre n\u00e3o teme Amazon e projeta forte investimento no Brasil"},"content":{"rendered":"<h1>Em entrevista para a revista EXAME, Marcos Galperin falou sobre poss\u00edvel corrente no mercado brasileiro<\/h1>\n<figure id=\"attachment_2500\" aria-describedby=\"caption-attachment-2500\" style=\"width: 640px\" class=\"wp-caption aligncenter\"><img fetchpriority=\"high\" decoding=\"async\" class=\"wp-image-2500 size-large\" src=\"https:\/\/seriea.digital\/blog1\/wp-content\/uploads\/2017\/08\/melicidade-1024x713.jpg\" alt=\"\" width=\"640\" height=\"446\" srcset=\"https:\/\/seriea.digital\/blog\/wp-content\/uploads\/2017\/08\/melicidade-1024x713.jpg 1024w, https:\/\/seriea.digital\/blog\/wp-content\/uploads\/2017\/08\/melicidade-300x209.jpg 300w, https:\/\/seriea.digital\/blog\/wp-content\/uploads\/2017\/08\/melicidade-768x535.jpg 768w, https:\/\/seriea.digital\/blog\/wp-content\/uploads\/2017\/08\/melicidade-250x174.jpg 250w, https:\/\/seriea.digital\/blog\/wp-content\/uploads\/2017\/08\/melicidade-550x383.jpg 550w, https:\/\/seriea.digital\/blog\/wp-content\/uploads\/2017\/08\/melicidade-800x557.jpg 800w, https:\/\/seriea.digital\/blog\/wp-content\/uploads\/2017\/08\/melicidade-258x180.jpg 258w, https:\/\/seriea.digital\/blog\/wp-content\/uploads\/2017\/08\/melicidade-431x300.jpg 431w, https:\/\/seriea.digital\/blog\/wp-content\/uploads\/2017\/08\/melicidade-718x500.jpg 718w, https:\/\/seriea.digital\/blog\/wp-content\/uploads\/2017\/08\/melicidade.jpg 1200w\" sizes=\"(max-width: 640px) 100vw, 640px\" \/><figcaption id=\"caption-attachment-2500\" class=\"wp-caption-text\">Sede do Mercado Livre no Brasil (Melicidade)<\/figcaption><\/figure>\n<p>Um dos maiores players do mercado mundial, a Amazon sinaliza que est\u00e1 chegando ao mercado brasileiro. Informa\u00e7\u00f5es apontam para uma estrat\u00e9gia agressiva e direcionada, para tomar a lideran\u00e7a do gigante Mercado Livre no segmento! Seriam esses os motivos para algumas mudan\u00e7as dentro do gigante argentino?<\/p>\n<p>Para Marcos Galperin, presidente mundial do Mercado Livre, a Amazon n\u00e3o ser\u00e1 uma dor de cabe\u00e7a t\u00e3o grande quanto muitos imaginam. Em entrevista recente a revista brasileira EXAME, o argentino ressaltou que sempre houve concorr\u00eancia no mercado e a Amazon ser\u00e1 apenas mais um concorrente:<\/p>\n<blockquote><p><em><strong>&#8221;\u00a0Sempre tivemos muita concorr\u00eancia no Brasil e em toda a Am\u00e9rica Latina. Hoje mesmo j\u00e1 concorremos com a\u00a0Amazon\u00a0no M\u00e9xico. Os n\u00fameros mostram que nossa estrat\u00e9gia funciona.&#8221;<\/strong><\/em><\/p><\/blockquote>\n<p>Planejando investir cerca de 1 bilh\u00e3o de reais no mercado nacional, Galperin afirma que o crescimento da organiza\u00e7\u00e3o \u00e9 positivo, o n\u00famero crescente de contrata\u00e7\u00f5es e a inaugura\u00e7\u00e3o do primeiro centro de distribui\u00e7\u00e3o s\u00e3o o foco deste investimento:<\/p>\n<blockquote><p><strong><em>&#8220;Nas primeiras semanas de agosto, contratamos 120 pessoas no Brasil, um recorde mensal. Temos hoje 1.600 funcion\u00e1rios aqui e 5.000 no mundo. Basicamente, \u00e9 um investimento para aumentar toda a opera\u00e7\u00e3o no Brasil. Outro investimento importante \u00e9 a abertura do nosso primeiro centro de distribui\u00e7\u00e3o no Brasil, com 17.000 metros quadrados e capacidade para chegar a 50.000 metros&#8221;.<\/em><\/strong><\/p><\/blockquote>\n<p>Questionado sobre o motivo do crescimento do mercado de vendas online no Brasil, Marcos deu sua opini\u00e3o sobre os motivos da alta nas vendas digitais:<\/p>\n<blockquote><p><em><strong>&#8220;Por causa dos fatores ligados \u00e0 tecnologia. Os smartphones ficam cada vez mais baratos, as conex\u00f5es 3G e 4G melhoram. Tudo isso faz com que mais gente esteja conectada \u00e0 internet, o que favorece o\u00a0com\u00e9rcio eletr\u00f4nico. Com recess\u00e3o ou crescimento, essa \u00e9 uma\u00a0<b class=\"wsl-anchor wsl-sponsored-link\" title=\"Link patrocinado gerado por WorldSense\" data-wsl-sponsored-source=\"adnetwork\" data-wsl-advertiser=\"totvs\" data-wsl-format=\"2\" data-wsl-dfp-href=\"https:\/\/adclick.g.doubleclick.net\/pcs\/click?xai=AKAOjsue4WRxGiruJ7HqRffyy2ytiiwaM7hOeaRdHfkXytDvmo1xWOrQuYs6fq71Q7Le9dWMyjIS_AXeapinWvhHgfU1l-P5_hV6KcJGuP1jYti2JgcJGBaoZL2zopoHi0wlIl0TYoIcxQz101ytIdehwejEIfyajo80cwkMK2-lcomW6xFmqNZt-2TyUaaCQ50VZkrKJv9VhGntpqd34J8SbAjWyxaGaDHBSxsVkg&amp;sig=Cg0ArKJSzMPyDXOzICbiEAE&amp;urlfix=1&amp;adurl=https%3A%2F%2Fwww.totvs.com%2Fbiblioteca%2Fartigo%2Fa-urgencia-da-cultura-digital-para-o-varejo%3Futm_source%3Dnative%26utm_medium%3Dworldsense%26utm_campaign%3Dbiblioteca%26utm_content%3Dculturadigitalvarejo%26utm_term%3Dvarejo\" data-wsl-dfp-ad-unit-name=\"adunit4P5640c9d5376a3826\" data-wsl-dfp-targeting=\"{&quot;anchorId&quot;:&quot;5457701046667762&quot;}\" data-wsl-uid=\"5457701046667762\" data-wsl-embed=\"{&quot;anchorText&quot;:&quot;mudan\u00e7a&quot;,&quot;target&quot;:&quot;https:\/\/www.totvs.com\/biblioteca\/artigo\/a-urgencia-da-cultura-digital-para-o-varejo?utm_source=native&amp;utm_medium=worldsense&amp;utm_campaign=biblioteca&amp;utm_content=culturadigitalvarejo&amp;utm_term=varejo&quot;,&quot;displayLink&quot;:&quot;www.totvs.com&quot;,&quot;kind&quot;:&quot;sponsored&quot;,&quot;title&quot;:&quot;Entenda com a TOTVS a urg\u00eancia da cultura digital para o varejo e saiba como aplic\u00e1-la&quot;,&quot;description&quot;:&quot;por Ronan Maia, VP de Consumer A transforma\u00e7\u00e3o digital dos neg\u00f3cios \u00e9 um tema que est\u00e1 em evid\u00eancia neste momento no varejo brasileiro. Tecnologias e aplicativos surgiram nos \u00faltimos anos para proporcionar aos consumidores novas experi\u00eancias de compra. \u00c1vidos por mais conveni\u00eancia no consumo dos produtos e marcas que gostam, eles aderiram rapidamente a essas tecnologias.&quot;,&quot;thumbnailUrl&quot;:&quot;https:\/\/i.embed.ly\/1\/image?url=https%3A%2F%2Ftotvsdigital.azureedge.net%2Fprod%2Fimages%2Fdefault-source%2FIMG-Biblioteca%2Fmini225e810d3508b6221ab50ff0e00526b96.jpg%3Fsfvrsn%3D0&amp;key=83ceee2ba11b452398a72b6897865120&quot;,&quot;call&quot;:&quot;Online:&quot;,&quot;language&quot;:&quot;pt-BR&quot;,&quot;sponsoredText&quot;:&quot;Patrocinado&quot;,&quot;hoverText&quot;:&quot;Link patrocinado gerado por WorldSense&quot;}\" data-wsl-affiliate-href=\"https:\/\/www.totvs.com\/biblioteca\/artigo\/a-urgencia-da-cultura-digital-para-o-varejo?utm_source=native&amp;utm_medium=worldsense&amp;utm_campaign=biblioteca&amp;utm_content=culturadigitalvarejo&amp;utm_term=varejo\">mudan\u00e7a<\/b>\u00a0que vai acontecer de qualquer maneira&#8221;.<\/strong><\/em><\/p><\/blockquote>\n<p>Ap\u00f3s a implementa\u00e7\u00e3o do &#8220;frete gr\u00e1tis&#8221; pelo Mercado Livre, o aporte financeiro foi mais necess\u00e1rio do que nunca, na vis\u00e3o do presidente da organiza\u00e7\u00e3o. A pol\u00edtica de frete gr\u00e1tis vai aumentar as vendas para clientes cada vez mais distantes dos grandes centros comerciais:<\/p>\n<blockquote><p><strong><em>&#8220;Porque est\u00e1 ajudando a aumentar as vendas. Enquanto o setor de com\u00e9rcio eletr\u00f4nico deve crescer 12% neste ano no Brasil, n\u00f3s estamos crescendo 60%. Quem vive em Manaus e quer comprar um celular, por exemplo, chegou a pagar 150 reais pelo envio no passado. N\u00f3s perd\u00edamos vendas por causa disso. Agora, o frete gratuito \u00e9 uma alternativa&#8221;.<\/em><\/strong><\/p><\/blockquote>\n<p>Visto como uma das empresas mais promissoras no mercado latina-americano, o Mercado Livre \u00a0busca se consolidar, cada vez mais, na lideran\u00e7a do mercado de vendas online. Suas estrat\u00e9gias apontam para servi\u00e7os cada vez mais integrados e de grande proje\u00e7\u00e3o para pequenos, m\u00e9dios e grandes vendedores.<\/p>\n<p>&nbsp;<\/p>\n<p>Conhece os servi\u00e7os da Seri.e Design? Entre em contato e fa\u00e7a um or\u00e7amento conosco<\/p>\n<p>&nbsp;<\/p>\n","protected":false},"excerpt":{"rendered":"<p>Em entrevista para a revista EXAME, Marcos Galperin falou sobre poss\u00edvel corrente no mercado brasileiro Um dos maiores players do mercado mundial, a Amazon sinaliza que est\u00e1 chegando ao mercado brasileiro. Informa\u00e7\u00f5es apontam para uma estrat\u00e9gia agressiva e direcionada, para tomar a lideran\u00e7a do gigante Mercado Livre no segmento! Seriam esses os motivos para algumas [&hellip;]<\/p>\n","protected":false},"author":8,"featured_media":0,"comment_status":"closed","ping_status":"closed","sticky":false,"template":"","format":"standard","meta":{"footnotes":""},"categories":[25,22],"tags":[93],"class_list":["post-2499","post","type-post","status-publish","format-standard","hentry","category-ecommerce","category-mercadolivre","tag-mercado-livre"],"yoast_head":"<!-- This site is optimized with the Yoast SEO plugin v26.5 - https:\/\/yoast.com\/wordpress\/plugins\/seo\/ -->\n<title>Presidente do Mercado Livre n\u00e3o teme Amazon e projeta forte investimento no Brasil - SERI.E DESIGN, ag\u00eancia e-commerce<\/title>\n<meta name=\"robots\" content=\"index, follow, max-snippet:-1, max-image-preview:large, max-video-preview:-1\" \/>\n<link rel=\"canonical\" href=\"https:\/\/seriea.digital\/blog\/presidente-do-mercado-livre-nao-teme-amazon-e-projeta-forte-investimento-no-brasil\/\" \/>\n<meta property=\"og:locale\" content=\"pt_BR\" \/>\n<meta property=\"og:type\" content=\"article\" \/>\n<meta property=\"og:title\" content=\"Presidente do Mercado Livre n\u00e3o teme Amazon e projeta forte investimento no Brasil - SERI.E DESIGN, ag\u00eancia e-commerce\" \/>\n<meta property=\"og:description\" content=\"Em entrevista para a revista EXAME, Marcos Galperin falou sobre poss\u00edvel corrente no mercado brasileiro Um dos maiores players do mercado mundial, a Amazon sinaliza que est\u00e1 chegando ao mercado brasileiro. Informa\u00e7\u00f5es apontam para uma estrat\u00e9gia agressiva e direcionada, para tomar a lideran\u00e7a do gigante Mercado Livre no segmento! Seriam esses os motivos para algumas [&hellip;]\" \/>\n<meta property=\"og:url\" content=\"https:\/\/seriea.digital\/blog\/presidente-do-mercado-livre-nao-teme-amazon-e-projeta-forte-investimento-no-brasil\/\" \/>\n<meta property=\"og:site_name\" content=\"SERI.E DESIGN, ag\u00eancia e-commerce\" \/>\n<meta property=\"article:publisher\" content=\"https:\/\/www.facebook.com\/SERIEDESIGN\" \/>\n<meta property=\"article:published_time\" content=\"2017-08-30T21:19:44+00:00\" \/>\n<meta property=\"og:image\" content=\"https:\/\/seriea.digital\/blog1\/wp-content\/uploads\/2017\/08\/melicidade-1024x713.jpg\" \/>\n<meta name=\"author\" content=\"SERI.E DESIGN\" \/>\n<meta name=\"twitter:label1\" content=\"Escrito por\" \/>\n\t<meta name=\"twitter:data1\" content=\"SERI.E DESIGN\" \/>\n\t<meta name=\"twitter:label2\" content=\"Est. tempo de leitura\" \/>\n\t<meta name=\"twitter:data2\" content=\"3 minutos\" \/>\n<script type=\"application\/ld+json\" class=\"yoast-schema-graph\">{\"@context\":\"https:\/\/schema.org\",\"@graph\":[{\"@type\":\"WebPage\",\"@id\":\"https:\/\/seriea.digital\/blog\/presidente-do-mercado-livre-nao-teme-amazon-e-projeta-forte-investimento-no-brasil\/\",\"url\":\"https:\/\/seriea.digital\/blog\/presidente-do-mercado-livre-nao-teme-amazon-e-projeta-forte-investimento-no-brasil\/\",\"name\":\"Presidente do Mercado Livre n\u00e3o teme Amazon e projeta forte investimento no Brasil - SERI.E DESIGN, ag\u00eancia e-commerce\",\"isPartOf\":{\"@id\":\"https:\/\/seriea.digital\/blog\/#website\"},\"primaryImageOfPage\":{\"@id\":\"https:\/\/seriea.digital\/blog\/presidente-do-mercado-livre-nao-teme-amazon-e-projeta-forte-investimento-no-brasil\/#primaryimage\"},\"image\":{\"@id\":\"https:\/\/seriea.digital\/blog\/presidente-do-mercado-livre-nao-teme-amazon-e-projeta-forte-investimento-no-brasil\/#primaryimage\"},\"thumbnailUrl\":\"https:\/\/seriea.digital\/blog1\/wp-content\/uploads\/2017\/08\/melicidade-1024x713.jpg\",\"datePublished\":\"2017-08-30T21:19:44+00:00\",\"author\":{\"@id\":\"https:\/\/seriea.digital\/blog\/#\/schema\/person\/e6b243027e8754686f5ab0fa3d065187\"},\"breadcrumb\":{\"@id\":\"https:\/\/seriea.digital\/blog\/presidente-do-mercado-livre-nao-teme-amazon-e-projeta-forte-investimento-no-brasil\/#breadcrumb\"},\"inLanguage\":\"pt-BR\",\"potentialAction\":[{\"@type\":\"ReadAction\",\"target\":[\"https:\/\/seriea.digital\/blog\/presidente-do-mercado-livre-nao-teme-amazon-e-projeta-forte-investimento-no-brasil\/\"]}]},{\"@type\":\"ImageObject\",\"inLanguage\":\"pt-BR\",\"@id\":\"https:\/\/seriea.digital\/blog\/presidente-do-mercado-livre-nao-teme-amazon-e-projeta-forte-investimento-no-brasil\/#primaryimage\",\"url\":\"https:\/\/seriea.digital\/blog\/wp-content\/uploads\/2017\/08\/melicidade.jpg\",\"contentUrl\":\"https:\/\/seriea.digital\/blog\/wp-content\/uploads\/2017\/08\/melicidade.jpg\",\"width\":1200,\"height\":836,\"caption\":\"Sede do Mercado Livre no Brasil (Melicidade)\"},{\"@type\":\"BreadcrumbList\",\"@id\":\"https:\/\/seriea.digital\/blog\/presidente-do-mercado-livre-nao-teme-amazon-e-projeta-forte-investimento-no-brasil\/#breadcrumb\",\"itemListElement\":[{\"@type\":\"ListItem\",\"position\":1,\"name\":\"In\u00edcio\",\"item\":\"https:\/\/seriea.digital\/blog\/\"},{\"@type\":\"ListItem\",\"position\":2,\"name\":\"Presidente do Mercado Livre n\u00e3o teme Amazon e projeta forte investimento no Brasil\"}]},{\"@type\":\"WebSite\",\"@id\":\"https:\/\/seriea.digital\/blog\/#website\",\"url\":\"https:\/\/seriea.digital\/blog\/\",\"name\":\"SERI.E DESIGN\",\"description\":\"Ag\u00eancia digital especializada em e-commerce - Desenvolvimento de layout pra E-commerce, Tray Commerce,Wake, Vtex, Deco, Sites. Eleita a ag\u00eancia com melhor atendimento.\",\"potentialAction\":[{\"@type\":\"SearchAction\",\"target\":{\"@type\":\"EntryPoint\",\"urlTemplate\":\"https:\/\/seriea.digital\/blog\/?s={search_term_string}\"},\"query-input\":{\"@type\":\"PropertyValueSpecification\",\"valueRequired\":true,\"valueName\":\"search_term_string\"}}],\"inLanguage\":\"pt-BR\"},{\"@type\":\"Person\",\"@id\":\"https:\/\/seriea.digital\/blog\/#\/schema\/person\/e6b243027e8754686f5ab0fa3d065187\",\"name\":\"SERI.E DESIGN\",\"sameAs\":[\"https:\/\/seriea.digital\/blog\/\"],\"url\":\"https:\/\/seriea.digital\/blog\/author\/seri-e-design\/\"}]}<\/script>\n<!-- \/ Yoast SEO plugin. -->","yoast_head_json":{"title":"Presidente do Mercado Livre n\u00e3o teme Amazon e projeta forte investimento no Brasil - SERI.E DESIGN, ag\u00eancia e-commerce","robots":{"index":"index","follow":"follow","max-snippet":"max-snippet:-1","max-image-preview":"max-image-preview:large","max-video-preview":"max-video-preview:-1"},"canonical":"https:\/\/seriea.digital\/blog\/presidente-do-mercado-livre-nao-teme-amazon-e-projeta-forte-investimento-no-brasil\/","og_locale":"pt_BR","og_type":"article","og_title":"Presidente do Mercado Livre n\u00e3o teme Amazon e projeta forte investimento no Brasil - SERI.E DESIGN, ag\u00eancia e-commerce","og_description":"Em entrevista para a revista EXAME, Marcos Galperin falou sobre poss\u00edvel corrente no mercado brasileiro Um dos maiores players do mercado mundial, a Amazon sinaliza que est\u00e1 chegando ao mercado brasileiro. Informa\u00e7\u00f5es apontam para uma estrat\u00e9gia agressiva e direcionada, para tomar a lideran\u00e7a do gigante Mercado Livre no segmento! Seriam esses os motivos para algumas [&hellip;]","og_url":"https:\/\/seriea.digital\/blog\/presidente-do-mercado-livre-nao-teme-amazon-e-projeta-forte-investimento-no-brasil\/","og_site_name":"SERI.E DESIGN, ag\u00eancia e-commerce","article_publisher":"https:\/\/www.facebook.com\/SERIEDESIGN","article_published_time":"2017-08-30T21:19:44+00:00","og_image":[{"url":"https:\/\/seriea.digital\/blog1\/wp-content\/uploads\/2017\/08\/melicidade-1024x713.jpg","type":"","width":"","height":""}],"author":"SERI.E DESIGN","twitter_misc":{"Escrito por":"SERI.E DESIGN","Est. tempo de leitura":"3 minutos"},"schema":{"@context":"https:\/\/schema.org","@graph":[{"@type":"WebPage","@id":"https:\/\/seriea.digital\/blog\/presidente-do-mercado-livre-nao-teme-amazon-e-projeta-forte-investimento-no-brasil\/","url":"https:\/\/seriea.digital\/blog\/presidente-do-mercado-livre-nao-teme-amazon-e-projeta-forte-investimento-no-brasil\/","name":"Presidente do Mercado Livre n\u00e3o teme Amazon e projeta forte investimento no Brasil - SERI.E DESIGN, ag\u00eancia e-commerce","isPartOf":{"@id":"https:\/\/seriea.digital\/blog\/#website"},"primaryImageOfPage":{"@id":"https:\/\/seriea.digital\/blog\/presidente-do-mercado-livre-nao-teme-amazon-e-projeta-forte-investimento-no-brasil\/#primaryimage"},"image":{"@id":"https:\/\/seriea.digital\/blog\/presidente-do-mercado-livre-nao-teme-amazon-e-projeta-forte-investimento-no-brasil\/#primaryimage"},"thumbnailUrl":"https:\/\/seriea.digital\/blog1\/wp-content\/uploads\/2017\/08\/melicidade-1024x713.jpg","datePublished":"2017-08-30T21:19:44+00:00","author":{"@id":"https:\/\/seriea.digital\/blog\/#\/schema\/person\/e6b243027e8754686f5ab0fa3d065187"},"breadcrumb":{"@id":"https:\/\/seriea.digital\/blog\/presidente-do-mercado-livre-nao-teme-amazon-e-projeta-forte-investimento-no-brasil\/#breadcrumb"},"inLanguage":"pt-BR","potentialAction":[{"@type":"ReadAction","target":["https:\/\/seriea.digital\/blog\/presidente-do-mercado-livre-nao-teme-amazon-e-projeta-forte-investimento-no-brasil\/"]}]},{"@type":"ImageObject","inLanguage":"pt-BR","@id":"https:\/\/seriea.digital\/blog\/presidente-do-mercado-livre-nao-teme-amazon-e-projeta-forte-investimento-no-brasil\/#primaryimage","url":"https:\/\/seriea.digital\/blog\/wp-content\/uploads\/2017\/08\/melicidade.jpg","contentUrl":"https:\/\/seriea.digital\/blog\/wp-content\/uploads\/2017\/08\/melicidade.jpg","width":1200,"height":836,"caption":"Sede do Mercado Livre no Brasil (Melicidade)"},{"@type":"BreadcrumbList","@id":"https:\/\/seriea.digital\/blog\/presidente-do-mercado-livre-nao-teme-amazon-e-projeta-forte-investimento-no-brasil\/#breadcrumb","itemListElement":[{"@type":"ListItem","position":1,"name":"In\u00edcio","item":"https:\/\/seriea.digital\/blog\/"},{"@type":"ListItem","position":2,"name":"Presidente do Mercado Livre n\u00e3o teme Amazon e projeta forte investimento no Brasil"}]},{"@type":"WebSite","@id":"https:\/\/seriea.digital\/blog\/#website","url":"https:\/\/seriea.digital\/blog\/","name":"SERI.E DESIGN","description":"Ag\u00eancia digital especializada em e-commerce - Desenvolvimento de layout pra E-commerce, Tray Commerce,Wake, Vtex, Deco, Sites. Eleita a ag\u00eancia com melhor atendimento.","potentialAction":[{"@type":"SearchAction","target":{"@type":"EntryPoint","urlTemplate":"https:\/\/seriea.digital\/blog\/?s={search_term_string}"},"query-input":{"@type":"PropertyValueSpecification","valueRequired":true,"valueName":"search_term_string"}}],"inLanguage":"pt-BR"},{"@type":"Person","@id":"https:\/\/seriea.digital\/blog\/#\/schema\/person\/e6b243027e8754686f5ab0fa3d065187","name":"SERI.E DESIGN","sameAs":["https:\/\/seriea.digital\/blog\/"],"url":"https:\/\/seriea.digital\/blog\/author\/seri-e-design\/"}]}},"_links":{"self":[{"href":"https:\/\/seriea.digital\/blog\/wp-json\/wp\/v2\/posts\/2499","targetHints":{"allow":["GET"]}}],"collection":[{"href":"https:\/\/seriea.digital\/blog\/wp-json\/wp\/v2\/posts"}],"about":[{"href":"https:\/\/seriea.digital\/blog\/wp-json\/wp\/v2\/types\/post"}],"author":[{"embeddable":true,"href":"https:\/\/seriea.digital\/blog\/wp-json\/wp\/v2\/users\/8"}],"replies":[{"embeddable":true,"href":"https:\/\/seriea.digital\/blog\/wp-json\/wp\/v2\/comments?post=2499"}],"version-history":[{"count":3,"href":"https:\/\/seriea.digital\/blog\/wp-json\/wp\/v2\/posts\/2499\/revisions"}],"predecessor-version":[{"id":2504,"href":"https:\/\/seriea.digital\/blog\/wp-json\/wp\/v2\/posts\/2499\/revisions\/2504"}],"wp:attachment":[{"href":"https:\/\/seriea.digital\/blog\/wp-json\/wp\/v2\/media?parent=2499"}],"wp:term":[{"taxonomy":"category","embeddable":true,"href":"https:\/\/seriea.digital\/blog\/wp-json\/wp\/v2\/categories?post=2499"},{"taxonomy":"post_tag","embeddable":true,"href":"https:\/\/seriea.digital\/blog\/wp-json\/wp\/v2\/tags?post=2499"}],"curies":[{"name":"wp","href":"https:\/\/api.w.org\/{rel}","templated":true}]}}