{"id":2547,"date":"2018-03-06T12:17:06","date_gmt":"2018-03-06T15:17:06","guid":{"rendered":"https:\/\/seriea.digital\/blog1\/?p=2547"},"modified":"2018-03-06T12:36:30","modified_gmt":"2018-03-06T15:36:30","slug":"mercado-livre-consegue-liminar-contra-aumento-no-frete-dos-correios","status":"publish","type":"post","link":"https:\/\/seriea.digital\/blog\/mercado-livre-consegue-liminar-contra-aumento-no-frete-dos-correios\/","title":{"rendered":"Mercado Livre consegue liminar contra aumento no frete dos Correios"},"content":{"rendered":"<p>Uma liminar concedida ao <strong>Mercado Livre<\/strong> suspendeu, ao menos temporariamente, o aumento no frete de encomendas enviadas pelos <strong>Correios<\/strong>. O e-commerce chegou a organizar uma campanha contra o reajuste, afirmando que o aumento poderia chegar a 51% para compras e vendas realizadas pela internet.<\/p>\n<p>A liminar vale apenas para o Mercado Livre, suspendendo tanto os reajustes nos servi\u00e7os de PAC e Sedex quanto a cobran\u00e7a extra de R$ 3 para entrega a clientes na cidade do Rio de Janeiro. A taxa adicional para a capital fluminense foi implantada pelos Correios porque \u201ca situa\u00e7\u00e3o de viol\u00eancia chegou a n\u00edveis extremos e o custo para entrega de mercadorias nessa localidade sofreu alt\u00edssimo impacto\u201d.<\/p>\n<p>O Mercado Livre <strong>defende<\/strong> que o aumento m\u00e9dio no frete seria de 29%. Uma encomenda de at\u00e9 500 gramas enviada por PAC de S\u00e3o Paulo (SP) para Franca (SP) passaria de R$ 11,85 para R$ 12,79 (aumento de 7,93%), enquanto uma de Fortaleza (CE) para Joinville (SC) subiria 50,89%, de R$ 54,02 para R$ 81,51.<br \/>\n<img fetchpriority=\"high\" decoding=\"async\" class=\"aligncenter size-full wp-image-2548\" src=\"\/\/seriea.digital\/blog1\/wp-content\/uploads\/2018\/03\/correios-marca-700x393.jpg\" alt=\"\" width=\"700\" height=\"393\" srcset=\"https:\/\/seriea.digital\/blog\/wp-content\/uploads\/2018\/03\/correios-marca-700x393.jpg 700w, https:\/\/seriea.digital\/blog\/wp-content\/uploads\/2018\/03\/correios-marca-700x393-300x168.jpg 300w, https:\/\/seriea.digital\/blog\/wp-content\/uploads\/2018\/03\/correios-marca-700x393-250x140.jpg 250w, https:\/\/seriea.digital\/blog\/wp-content\/uploads\/2018\/03\/correios-marca-700x393-550x309.jpg 550w, https:\/\/seriea.digital\/blog\/wp-content\/uploads\/2018\/03\/correios-marca-700x393-321x180.jpg 321w, https:\/\/seriea.digital\/blog\/wp-content\/uploads\/2018\/03\/correios-marca-700x393-534x300.jpg 534w\" sizes=\"(max-width: 700px) 100vw, 700px\" \/><br \/>\nOs Correios contestaram os n\u00fameros do Mercado Livre, afirmando que o reajuste m\u00e9dio no frete seria de 8%, e que o aumento estava previsto em contrato, sendo baseado em custos como \u201cgastos com transporte, pagamento de pessoal, alugu\u00e9is de im\u00f3veis, combust\u00edvel, contrata\u00e7\u00e3o de recursos para seguran\u00e7a, entre outros\u201d.<\/p>\n<p>Em nota, o Mercado Livre confirma que conseguiu a liminar, mas que vai \u201ccontinuar com for\u00e7a total para que a decis\u00e3o seja definitiva e que esse engajamento ajude outras empresas de e-commerce\u201d. Ao G1, os Correios informam que est\u00e3o cumprindo a decis\u00e3o, mas que \u201cforam notificados e est\u00e3o trabalhando para obter a suspens\u00e3o da liminar\u201d.<\/p>\n<p><em>Fonte: tecnoblog<\/em><\/p>\n","protected":false},"excerpt":{"rendered":"<p>Uma liminar concedida ao Mercado Livre suspendeu, ao menos temporariamente, o aumento no frete de encomendas enviadas pelos Correios. O e-commerce chegou a organizar uma campanha contra o reajuste, afirmando que o aumento poderia chegar a 51% para compras e vendas realizadas pela internet. A liminar vale apenas para o Mercado Livre, suspendendo tanto os [&hellip;]<\/p>\n","protected":false},"author":3,"featured_media":2548,"comment_status":"closed","ping_status":"closed","sticky":false,"template":"","format":"standard","meta":{"footnotes":""},"categories":[25,102,22,15],"tags":[],"class_list":["post-2547","post","type-post","status-publish","format-standard","has-post-thumbnail","hentry","category-ecommerce","category-marketplace","category-mercadolivre","category-mercadoshops"],"yoast_head":"<!-- This site is optimized with the Yoast SEO plugin v26.5 - https:\/\/yoast.com\/wordpress\/plugins\/seo\/ -->\n<title>Mercado Livre consegue liminar contra aumento no frete dos Correios - SERI.E DESIGN, ag\u00eancia e-commerce<\/title>\n<meta name=\"robots\" content=\"index, follow, max-snippet:-1, max-image-preview:large, max-video-preview:-1\" \/>\n<link rel=\"canonical\" href=\"https:\/\/seriea.digital\/blog\/mercado-livre-consegue-liminar-contra-aumento-no-frete-dos-correios\/\" \/>\n<meta property=\"og:locale\" content=\"pt_BR\" \/>\n<meta property=\"og:type\" content=\"article\" \/>\n<meta property=\"og:title\" content=\"Mercado Livre consegue liminar contra aumento no frete dos Correios\" \/>\n<meta property=\"og:description\" content=\"O Mercado Livre defende que o aumento m\u00e9dio no frete seria de 29%. Uma encomenda de at\u00e9 500 gramas enviada por PAC de S\u00e3o Paulo (SP) para Franca (SP) passaria de R$ 11,85 para R$ 12,79 (aumento de 7,93%), enquanto uma de Fortaleza (CE) para Joinville (SC) subiria 50,89%, de R$ 54,02 para R$ 81,51.\" \/>\n<meta property=\"og:url\" content=\"https:\/\/seriea.digital\/blog\/mercado-livre-consegue-liminar-contra-aumento-no-frete-dos-correios\/\" \/>\n<meta property=\"og:site_name\" content=\"SERI.E DESIGN, ag\u00eancia e-commerce\" \/>\n<meta property=\"article:publisher\" content=\"https:\/\/www.facebook.com\/SERIEDESIGN\" \/>\n<meta property=\"article:published_time\" content=\"2018-03-06T15:17:06+00:00\" \/>\n<meta property=\"article:modified_time\" content=\"2018-03-06T15:36:30+00:00\" \/>\n<meta property=\"og:image\" content=\"https:\/\/seriea.digital\/blog1\/wp-content\/uploads\/2018\/03\/correios-marca-700x393.jpg\" \/>\n<meta name=\"author\" content=\"Rodrigo Augusto\" \/>\n<meta name=\"twitter:label1\" content=\"Escrito por\" \/>\n\t<meta name=\"twitter:data1\" content=\"Rodrigo Augusto\" \/>\n\t<meta name=\"twitter:label2\" content=\"Est. tempo de leitura\" \/>\n\t<meta name=\"twitter:data2\" content=\"1 minuto\" \/>\n<script type=\"application\/ld+json\" class=\"yoast-schema-graph\">{\"@context\":\"https:\/\/schema.org\",\"@graph\":[{\"@type\":\"WebPage\",\"@id\":\"https:\/\/seriea.digital\/blog\/mercado-livre-consegue-liminar-contra-aumento-no-frete-dos-correios\/\",\"url\":\"https:\/\/seriea.digital\/blog\/mercado-livre-consegue-liminar-contra-aumento-no-frete-dos-correios\/\",\"name\":\"Mercado Livre consegue liminar contra aumento no frete dos Correios - SERI.E DESIGN, ag\u00eancia e-commerce\",\"isPartOf\":{\"@id\":\"https:\/\/seriea.digital\/blog\/#website\"},\"primaryImageOfPage\":{\"@id\":\"https:\/\/seriea.digital\/blog\/mercado-livre-consegue-liminar-contra-aumento-no-frete-dos-correios\/#primaryimage\"},\"image\":{\"@id\":\"https:\/\/seriea.digital\/blog\/mercado-livre-consegue-liminar-contra-aumento-no-frete-dos-correios\/#primaryimage\"},\"thumbnailUrl\":\"https:\/\/seriea.digital\/blog\/wp-content\/uploads\/2018\/03\/correios-marca-700x393.jpg\",\"datePublished\":\"2018-03-06T15:17:06+00:00\",\"dateModified\":\"2018-03-06T15:36:30+00:00\",\"author\":{\"@id\":\"https:\/\/seriea.digital\/blog\/#\/schema\/person\/59d92915344bff3cb0fbbe5f3ede5f12\"},\"breadcrumb\":{\"@id\":\"https:\/\/seriea.digital\/blog\/mercado-livre-consegue-liminar-contra-aumento-no-frete-dos-correios\/#breadcrumb\"},\"inLanguage\":\"pt-BR\",\"potentialAction\":[{\"@type\":\"ReadAction\",\"target\":[\"https:\/\/seriea.digital\/blog\/mercado-livre-consegue-liminar-contra-aumento-no-frete-dos-correios\/\"]}]},{\"@type\":\"ImageObject\",\"inLanguage\":\"pt-BR\",\"@id\":\"https:\/\/seriea.digital\/blog\/mercado-livre-consegue-liminar-contra-aumento-no-frete-dos-correios\/#primaryimage\",\"url\":\"https:\/\/seriea.digital\/blog\/wp-content\/uploads\/2018\/03\/correios-marca-700x393.jpg\",\"contentUrl\":\"https:\/\/seriea.digital\/blog\/wp-content\/uploads\/2018\/03\/correios-marca-700x393.jpg\",\"width\":700,\"height\":393},{\"@type\":\"BreadcrumbList\",\"@id\":\"https:\/\/seriea.digital\/blog\/mercado-livre-consegue-liminar-contra-aumento-no-frete-dos-correios\/#breadcrumb\",\"itemListElement\":[{\"@type\":\"ListItem\",\"position\":1,\"name\":\"In\u00edcio\",\"item\":\"https:\/\/seriea.digital\/blog\/\"},{\"@type\":\"ListItem\",\"position\":2,\"name\":\"Mercado Livre consegue liminar contra aumento no frete dos Correios\"}]},{\"@type\":\"WebSite\",\"@id\":\"https:\/\/seriea.digital\/blog\/#website\",\"url\":\"https:\/\/seriea.digital\/blog\/\",\"name\":\"SERI.E DESIGN\",\"description\":\"Ag\u00eancia digital especializada em e-commerce - Desenvolvimento de layout pra E-commerce, Tray Commerce,Wake, Vtex, Deco, Sites. Eleita a ag\u00eancia com melhor atendimento.\",\"potentialAction\":[{\"@type\":\"SearchAction\",\"target\":{\"@type\":\"EntryPoint\",\"urlTemplate\":\"https:\/\/seriea.digital\/blog\/?s={search_term_string}\"},\"query-input\":{\"@type\":\"PropertyValueSpecification\",\"valueRequired\":true,\"valueName\":\"search_term_string\"}}],\"inLanguage\":\"pt-BR\"},{\"@type\":\"Person\",\"@id\":\"https:\/\/seriea.digital\/blog\/#\/schema\/person\/59d92915344bff3cb0fbbe5f3ede5f12\",\"name\":\"Rodrigo Augusto\",\"url\":\"https:\/\/seriea.digital\/blog\/author\/rodrigo\/\"}]}<\/script>\n<!-- \/ Yoast SEO plugin. -->","yoast_head_json":{"title":"Mercado Livre consegue liminar contra aumento no frete dos Correios - SERI.E DESIGN, ag\u00eancia e-commerce","robots":{"index":"index","follow":"follow","max-snippet":"max-snippet:-1","max-image-preview":"max-image-preview:large","max-video-preview":"max-video-preview:-1"},"canonical":"https:\/\/seriea.digital\/blog\/mercado-livre-consegue-liminar-contra-aumento-no-frete-dos-correios\/","og_locale":"pt_BR","og_type":"article","og_title":"Mercado Livre consegue liminar contra aumento no frete dos Correios","og_description":"O Mercado Livre defende que o aumento m\u00e9dio no frete seria de 29%. Uma encomenda de at\u00e9 500 gramas enviada por PAC de S\u00e3o Paulo (SP) para Franca (SP) passaria de R$ 11,85 para R$ 12,79 (aumento de 7,93%), enquanto uma de Fortaleza (CE) para Joinville (SC) subiria 50,89%, de R$ 54,02 para R$ 81,51.","og_url":"https:\/\/seriea.digital\/blog\/mercado-livre-consegue-liminar-contra-aumento-no-frete-dos-correios\/","og_site_name":"SERI.E DESIGN, ag\u00eancia e-commerce","article_publisher":"https:\/\/www.facebook.com\/SERIEDESIGN","article_published_time":"2018-03-06T15:17:06+00:00","article_modified_time":"2018-03-06T15:36:30+00:00","og_image":[{"url":"https:\/\/seriea.digital\/blog1\/wp-content\/uploads\/2018\/03\/correios-marca-700x393.jpg","type":"","width":"","height":""}],"author":"Rodrigo Augusto","twitter_misc":{"Escrito por":"Rodrigo Augusto","Est. tempo de leitura":"1 minuto"},"schema":{"@context":"https:\/\/schema.org","@graph":[{"@type":"WebPage","@id":"https:\/\/seriea.digital\/blog\/mercado-livre-consegue-liminar-contra-aumento-no-frete-dos-correios\/","url":"https:\/\/seriea.digital\/blog\/mercado-livre-consegue-liminar-contra-aumento-no-frete-dos-correios\/","name":"Mercado Livre consegue liminar contra aumento no frete dos Correios - SERI.E DESIGN, ag\u00eancia e-commerce","isPartOf":{"@id":"https:\/\/seriea.digital\/blog\/#website"},"primaryImageOfPage":{"@id":"https:\/\/seriea.digital\/blog\/mercado-livre-consegue-liminar-contra-aumento-no-frete-dos-correios\/#primaryimage"},"image":{"@id":"https:\/\/seriea.digital\/blog\/mercado-livre-consegue-liminar-contra-aumento-no-frete-dos-correios\/#primaryimage"},"thumbnailUrl":"https:\/\/seriea.digital\/blog\/wp-content\/uploads\/2018\/03\/correios-marca-700x393.jpg","datePublished":"2018-03-06T15:17:06+00:00","dateModified":"2018-03-06T15:36:30+00:00","author":{"@id":"https:\/\/seriea.digital\/blog\/#\/schema\/person\/59d92915344bff3cb0fbbe5f3ede5f12"},"breadcrumb":{"@id":"https:\/\/seriea.digital\/blog\/mercado-livre-consegue-liminar-contra-aumento-no-frete-dos-correios\/#breadcrumb"},"inLanguage":"pt-BR","potentialAction":[{"@type":"ReadAction","target":["https:\/\/seriea.digital\/blog\/mercado-livre-consegue-liminar-contra-aumento-no-frete-dos-correios\/"]}]},{"@type":"ImageObject","inLanguage":"pt-BR","@id":"https:\/\/seriea.digital\/blog\/mercado-livre-consegue-liminar-contra-aumento-no-frete-dos-correios\/#primaryimage","url":"https:\/\/seriea.digital\/blog\/wp-content\/uploads\/2018\/03\/correios-marca-700x393.jpg","contentUrl":"https:\/\/seriea.digital\/blog\/wp-content\/uploads\/2018\/03\/correios-marca-700x393.jpg","width":700,"height":393},{"@type":"BreadcrumbList","@id":"https:\/\/seriea.digital\/blog\/mercado-livre-consegue-liminar-contra-aumento-no-frete-dos-correios\/#breadcrumb","itemListElement":[{"@type":"ListItem","position":1,"name":"In\u00edcio","item":"https:\/\/seriea.digital\/blog\/"},{"@type":"ListItem","position":2,"name":"Mercado Livre consegue liminar contra aumento no frete dos Correios"}]},{"@type":"WebSite","@id":"https:\/\/seriea.digital\/blog\/#website","url":"https:\/\/seriea.digital\/blog\/","name":"SERI.E DESIGN","description":"Ag\u00eancia digital especializada em e-commerce - Desenvolvimento de layout pra E-commerce, Tray Commerce,Wake, Vtex, Deco, Sites. Eleita a ag\u00eancia com melhor atendimento.","potentialAction":[{"@type":"SearchAction","target":{"@type":"EntryPoint","urlTemplate":"https:\/\/seriea.digital\/blog\/?s={search_term_string}"},"query-input":{"@type":"PropertyValueSpecification","valueRequired":true,"valueName":"search_term_string"}}],"inLanguage":"pt-BR"},{"@type":"Person","@id":"https:\/\/seriea.digital\/blog\/#\/schema\/person\/59d92915344bff3cb0fbbe5f3ede5f12","name":"Rodrigo Augusto","url":"https:\/\/seriea.digital\/blog\/author\/rodrigo\/"}]}},"_links":{"self":[{"href":"https:\/\/seriea.digital\/blog\/wp-json\/wp\/v2\/posts\/2547","targetHints":{"allow":["GET"]}}],"collection":[{"href":"https:\/\/seriea.digital\/blog\/wp-json\/wp\/v2\/posts"}],"about":[{"href":"https:\/\/seriea.digital\/blog\/wp-json\/wp\/v2\/types\/post"}],"author":[{"embeddable":true,"href":"https:\/\/seriea.digital\/blog\/wp-json\/wp\/v2\/users\/3"}],"replies":[{"embeddable":true,"href":"https:\/\/seriea.digital\/blog\/wp-json\/wp\/v2\/comments?post=2547"}],"version-history":[{"count":2,"href":"https:\/\/seriea.digital\/blog\/wp-json\/wp\/v2\/posts\/2547\/revisions"}],"predecessor-version":[{"id":2550,"href":"https:\/\/seriea.digital\/blog\/wp-json\/wp\/v2\/posts\/2547\/revisions\/2550"}],"wp:featuredmedia":[{"embeddable":true,"href":"https:\/\/seriea.digital\/blog\/wp-json\/wp\/v2\/media\/2548"}],"wp:attachment":[{"href":"https:\/\/seriea.digital\/blog\/wp-json\/wp\/v2\/media?parent=2547"}],"wp:term":[{"taxonomy":"category","embeddable":true,"href":"https:\/\/seriea.digital\/blog\/wp-json\/wp\/v2\/categories?post=2547"},{"taxonomy":"post_tag","embeddable":true,"href":"https:\/\/seriea.digital\/blog\/wp-json\/wp\/v2\/tags?post=2547"}],"curies":[{"name":"wp","href":"https:\/\/api.w.org\/{rel}","templated":true}]}}