{"id":2555,"date":"2018-03-07T11:53:46","date_gmt":"2018-03-07T14:53:46","guid":{"rendered":"https:\/\/seriea.digital\/blog1\/?p=2555"},"modified":"2018-03-14T12:18:20","modified_gmt":"2018-03-14T15:18:20","slug":"fique-ligado-buscas-por-dia-do-consumidor-crescem-92-em-2018","status":"publish","type":"post","link":"https:\/\/seriea.digital\/blog\/fique-ligado-buscas-por-dia-do-consumidor-crescem-92-em-2018\/","title":{"rendered":"Fique ligado! Buscas por Dia do Consumidor crescem 92% em 2018"},"content":{"rendered":"<h3>Uma das datas mais importantes para o cen\u00e1rio do e-commerce nacional se aproxima<\/h3>\n<p>Criado em 2014, o Dia do Consumidor, comemorado em 15 de mar\u00e7o, vem ganhando cada vez mais for\u00e7a e relev\u00e2ncia na internet. Segundo levantamento realizado pelo Google, as buscas pela data apresentam um crescimento acumulado de 92% em rela\u00e7\u00e3o a 2017. Na \u00faltima semana, o interesse vem acelerando ainda mais, com um crescimento de 143%.<\/p>\n<figure id=\"attachment_2556\" aria-describedby=\"caption-attachment-2556\" style=\"width: 640px\" class=\"wp-caption aligncenter\"><img fetchpriority=\"high\" decoding=\"async\" class=\"wp-image-2556 size-large\" src=\"https:\/\/seriea.digital\/blog1\/wp-content\/uploads\/2018\/03\/shutterstock_232609255-1024x698.jpg\" alt=\"\" width=\"640\" height=\"436\" srcset=\"https:\/\/seriea.digital\/blog\/wp-content\/uploads\/2018\/03\/shutterstock_232609255-1024x698.jpg 1024w, https:\/\/seriea.digital\/blog\/wp-content\/uploads\/2018\/03\/shutterstock_232609255-300x204.jpg 300w, https:\/\/seriea.digital\/blog\/wp-content\/uploads\/2018\/03\/shutterstock_232609255-768x523.jpg 768w, https:\/\/seriea.digital\/blog\/wp-content\/uploads\/2018\/03\/shutterstock_232609255-250x170.jpg 250w, https:\/\/seriea.digital\/blog\/wp-content\/uploads\/2018\/03\/shutterstock_232609255-550x375.jpg 550w, https:\/\/seriea.digital\/blog\/wp-content\/uploads\/2018\/03\/shutterstock_232609255-800x545.jpg 800w, https:\/\/seriea.digital\/blog\/wp-content\/uploads\/2018\/03\/shutterstock_232609255-264x180.jpg 264w, https:\/\/seriea.digital\/blog\/wp-content\/uploads\/2018\/03\/shutterstock_232609255-440x300.jpg 440w, https:\/\/seriea.digital\/blog\/wp-content\/uploads\/2018\/03\/shutterstock_232609255-734x500.jpg 734w, https:\/\/seriea.digital\/blog\/wp-content\/uploads\/2018\/03\/shutterstock_232609255.jpg 1225w\" sizes=\"(max-width: 640px) 100vw, 640px\" \/><figcaption id=\"caption-attachment-2556\" class=\"wp-caption-text\">Dia do consumidor (Cr\u00e9ditos: Shutterstock)<\/figcaption><\/figure>\n<p>A data j\u00e1 se tornou a maior do varejo no primeiro trimestre e, neste ano, tem tudo para ser sua grande virada, como foi 2015 para a Black Friday. Em 2014, apenas 27% dos consumidores conheciam a Black Friday, j\u00e1 no ano seguinte, o n\u00famero saltou para 56%. Apenas 30% dos brasileiros conheciam o Dia do Consumidor no in\u00edcio de 2018, mas quando a data \u00e9 explicada, 81% afirmam que desejam comprar.<\/p>\n<p>\u00c0 medida em que o dia do evento se aproxima, as buscas por produtos de algumas categorias t\u00eam ganhado destaque. Entre os setores com maior crescimento de buscas na \u00faltima semana est\u00e3o laptops, TVs, perfumes, smartphones, eletroport\u00e1teis, roupas e cal\u00e7ados e eletrodom\u00e9sticos.<\/p>\n<h4><strong>E voc\u00ea, j\u00e1 esta preparado para todas datas importantes do ano? Entre em contato conosco e vamos desenvolver um grande projeto juntos!!!\u00a0<\/strong><\/h4>\n<p>&nbsp;<\/p>\n<p>Fonte:\u00a0<a href=\"https:\/\/www.ecommercebrasil.com.br\/noticias\/buscas-dia-consumidor-crescem-2018\/\" target=\"_blank\" rel=\"noopener\">https:\/\/www.ecommercebrasil.com.br\/noticias\/buscas-dia-consumidor-crescem-2018\/<\/a><\/p>\n","protected":false},"excerpt":{"rendered":"<p>Uma das datas mais importantes para o cen\u00e1rio do e-commerce nacional se aproxima Criado em 2014, o Dia do Consumidor, comemorado em 15 de mar\u00e7o, vem ganhando cada vez mais for\u00e7a e relev\u00e2ncia na internet. Segundo levantamento realizado pelo Google, as buscas pela data apresentam um crescimento acumulado de 92% em rela\u00e7\u00e3o a 2017. Na [&hellip;]<\/p>\n","protected":false},"author":8,"featured_media":2556,"comment_status":"closed","ping_status":"closed","sticky":false,"template":"","format":"standard","meta":{"footnotes":""},"categories":[25,29],"tags":[],"class_list":["post-2555","post","type-post","status-publish","format-standard","has-post-thumbnail","hentry","category-ecommerce","category-marketing"],"yoast_head":"<!-- This site is optimized with the Yoast SEO plugin v26.5 - https:\/\/yoast.com\/wordpress\/plugins\/seo\/ -->\n<title>Fique ligado! Buscas por Dia do Consumidor crescem 92% em 2018 - SERI.E DESIGN, ag\u00eancia e-commerce<\/title>\n<meta name=\"robots\" content=\"index, follow, max-snippet:-1, max-image-preview:large, max-video-preview:-1\" \/>\n<link rel=\"canonical\" href=\"https:\/\/seriea.digital\/blog\/fique-ligado-buscas-por-dia-do-consumidor-crescem-92-em-2018\/\" \/>\n<meta property=\"og:locale\" content=\"pt_BR\" \/>\n<meta property=\"og:type\" content=\"article\" \/>\n<meta property=\"og:title\" content=\"Fique ligado! Buscas por Dia do Consumidor crescem 92% em 2018 - SERI.E DESIGN, ag\u00eancia e-commerce\" \/>\n<meta property=\"og:description\" content=\"Uma das datas mais importantes para o cen\u00e1rio do e-commerce nacional se aproxima Criado em 2014, o Dia do Consumidor, comemorado em 15 de mar\u00e7o, vem ganhando cada vez mais for\u00e7a e relev\u00e2ncia na internet. Segundo levantamento realizado pelo Google, as buscas pela data apresentam um crescimento acumulado de 92% em rela\u00e7\u00e3o a 2017. Na [&hellip;]\" \/>\n<meta property=\"og:url\" content=\"https:\/\/seriea.digital\/blog\/fique-ligado-buscas-por-dia-do-consumidor-crescem-92-em-2018\/\" \/>\n<meta property=\"og:site_name\" content=\"SERI.E DESIGN, ag\u00eancia e-commerce\" \/>\n<meta property=\"article:publisher\" content=\"https:\/\/www.facebook.com\/SERIEDESIGN\" \/>\n<meta property=\"article:published_time\" content=\"2018-03-07T14:53:46+00:00\" \/>\n<meta property=\"article:modified_time\" content=\"2018-03-14T15:18:20+00:00\" \/>\n<meta property=\"og:image\" content=\"https:\/\/seriea.digital\/blog\/wp-content\/uploads\/2018\/03\/shutterstock_232609255.jpg\" \/>\n\t<meta property=\"og:image:width\" content=\"1225\" \/>\n\t<meta property=\"og:image:height\" content=\"835\" \/>\n\t<meta property=\"og:image:type\" content=\"image\/jpeg\" \/>\n<meta name=\"author\" content=\"SERI.E DESIGN\" \/>\n<meta name=\"twitter:label1\" content=\"Escrito por\" \/>\n\t<meta name=\"twitter:data1\" content=\"SERI.E DESIGN\" \/>\n\t<meta name=\"twitter:label2\" content=\"Est. tempo de leitura\" \/>\n\t<meta name=\"twitter:data2\" content=\"1 minuto\" \/>\n<script type=\"application\/ld+json\" class=\"yoast-schema-graph\">{\"@context\":\"https:\/\/schema.org\",\"@graph\":[{\"@type\":\"WebPage\",\"@id\":\"https:\/\/seriea.digital\/blog\/fique-ligado-buscas-por-dia-do-consumidor-crescem-92-em-2018\/\",\"url\":\"https:\/\/seriea.digital\/blog\/fique-ligado-buscas-por-dia-do-consumidor-crescem-92-em-2018\/\",\"name\":\"Fique ligado! Buscas por Dia do Consumidor crescem 92% em 2018 - SERI.E DESIGN, ag\u00eancia e-commerce\",\"isPartOf\":{\"@id\":\"https:\/\/seriea.digital\/blog\/#website\"},\"primaryImageOfPage\":{\"@id\":\"https:\/\/seriea.digital\/blog\/fique-ligado-buscas-por-dia-do-consumidor-crescem-92-em-2018\/#primaryimage\"},\"image\":{\"@id\":\"https:\/\/seriea.digital\/blog\/fique-ligado-buscas-por-dia-do-consumidor-crescem-92-em-2018\/#primaryimage\"},\"thumbnailUrl\":\"https:\/\/seriea.digital\/blog\/wp-content\/uploads\/2018\/03\/shutterstock_232609255.jpg\",\"datePublished\":\"2018-03-07T14:53:46+00:00\",\"dateModified\":\"2018-03-14T15:18:20+00:00\",\"author\":{\"@id\":\"https:\/\/seriea.digital\/blog\/#\/schema\/person\/e6b243027e8754686f5ab0fa3d065187\"},\"breadcrumb\":{\"@id\":\"https:\/\/seriea.digital\/blog\/fique-ligado-buscas-por-dia-do-consumidor-crescem-92-em-2018\/#breadcrumb\"},\"inLanguage\":\"pt-BR\",\"potentialAction\":[{\"@type\":\"ReadAction\",\"target\":[\"https:\/\/seriea.digital\/blog\/fique-ligado-buscas-por-dia-do-consumidor-crescem-92-em-2018\/\"]}]},{\"@type\":\"ImageObject\",\"inLanguage\":\"pt-BR\",\"@id\":\"https:\/\/seriea.digital\/blog\/fique-ligado-buscas-por-dia-do-consumidor-crescem-92-em-2018\/#primaryimage\",\"url\":\"https:\/\/seriea.digital\/blog\/wp-content\/uploads\/2018\/03\/shutterstock_232609255.jpg\",\"contentUrl\":\"https:\/\/seriea.digital\/blog\/wp-content\/uploads\/2018\/03\/shutterstock_232609255.jpg\",\"width\":1225,\"height\":835,\"caption\":\"Dia do consumidor (Cr\u00e9ditos: Shutterstock)\"},{\"@type\":\"BreadcrumbList\",\"@id\":\"https:\/\/seriea.digital\/blog\/fique-ligado-buscas-por-dia-do-consumidor-crescem-92-em-2018\/#breadcrumb\",\"itemListElement\":[{\"@type\":\"ListItem\",\"position\":1,\"name\":\"In\u00edcio\",\"item\":\"https:\/\/seriea.digital\/blog\/\"},{\"@type\":\"ListItem\",\"position\":2,\"name\":\"Fique ligado! Buscas por Dia do Consumidor crescem 92% em 2018\"}]},{\"@type\":\"WebSite\",\"@id\":\"https:\/\/seriea.digital\/blog\/#website\",\"url\":\"https:\/\/seriea.digital\/blog\/\",\"name\":\"SERI.E DESIGN\",\"description\":\"Ag\u00eancia digital especializada em e-commerce - Desenvolvimento de layout pra E-commerce, Tray Commerce,Wake, Vtex, Deco, Sites. Eleita a ag\u00eancia com melhor atendimento.\",\"potentialAction\":[{\"@type\":\"SearchAction\",\"target\":{\"@type\":\"EntryPoint\",\"urlTemplate\":\"https:\/\/seriea.digital\/blog\/?s={search_term_string}\"},\"query-input\":{\"@type\":\"PropertyValueSpecification\",\"valueRequired\":true,\"valueName\":\"search_term_string\"}}],\"inLanguage\":\"pt-BR\"},{\"@type\":\"Person\",\"@id\":\"https:\/\/seriea.digital\/blog\/#\/schema\/person\/e6b243027e8754686f5ab0fa3d065187\",\"name\":\"SERI.E DESIGN\",\"sameAs\":[\"https:\/\/seriea.digital\/blog\/\"],\"url\":\"https:\/\/seriea.digital\/blog\/author\/seri-e-design\/\"}]}<\/script>\n<!-- \/ Yoast SEO plugin. -->","yoast_head_json":{"title":"Fique ligado! Buscas por Dia do Consumidor crescem 92% em 2018 - SERI.E DESIGN, ag\u00eancia e-commerce","robots":{"index":"index","follow":"follow","max-snippet":"max-snippet:-1","max-image-preview":"max-image-preview:large","max-video-preview":"max-video-preview:-1"},"canonical":"https:\/\/seriea.digital\/blog\/fique-ligado-buscas-por-dia-do-consumidor-crescem-92-em-2018\/","og_locale":"pt_BR","og_type":"article","og_title":"Fique ligado! Buscas por Dia do Consumidor crescem 92% em 2018 - SERI.E DESIGN, ag\u00eancia e-commerce","og_description":"Uma das datas mais importantes para o cen\u00e1rio do e-commerce nacional se aproxima Criado em 2014, o Dia do Consumidor, comemorado em 15 de mar\u00e7o, vem ganhando cada vez mais for\u00e7a e relev\u00e2ncia na internet. Segundo levantamento realizado pelo Google, as buscas pela data apresentam um crescimento acumulado de 92% em rela\u00e7\u00e3o a 2017. Na [&hellip;]","og_url":"https:\/\/seriea.digital\/blog\/fique-ligado-buscas-por-dia-do-consumidor-crescem-92-em-2018\/","og_site_name":"SERI.E DESIGN, ag\u00eancia e-commerce","article_publisher":"https:\/\/www.facebook.com\/SERIEDESIGN","article_published_time":"2018-03-07T14:53:46+00:00","article_modified_time":"2018-03-14T15:18:20+00:00","og_image":[{"width":1225,"height":835,"url":"https:\/\/seriea.digital\/blog\/wp-content\/uploads\/2018\/03\/shutterstock_232609255.jpg","type":"image\/jpeg"}],"author":"SERI.E DESIGN","twitter_misc":{"Escrito por":"SERI.E DESIGN","Est. tempo de leitura":"1 minuto"},"schema":{"@context":"https:\/\/schema.org","@graph":[{"@type":"WebPage","@id":"https:\/\/seriea.digital\/blog\/fique-ligado-buscas-por-dia-do-consumidor-crescem-92-em-2018\/","url":"https:\/\/seriea.digital\/blog\/fique-ligado-buscas-por-dia-do-consumidor-crescem-92-em-2018\/","name":"Fique ligado! Buscas por Dia do Consumidor crescem 92% em 2018 - SERI.E DESIGN, ag\u00eancia e-commerce","isPartOf":{"@id":"https:\/\/seriea.digital\/blog\/#website"},"primaryImageOfPage":{"@id":"https:\/\/seriea.digital\/blog\/fique-ligado-buscas-por-dia-do-consumidor-crescem-92-em-2018\/#primaryimage"},"image":{"@id":"https:\/\/seriea.digital\/blog\/fique-ligado-buscas-por-dia-do-consumidor-crescem-92-em-2018\/#primaryimage"},"thumbnailUrl":"https:\/\/seriea.digital\/blog\/wp-content\/uploads\/2018\/03\/shutterstock_232609255.jpg","datePublished":"2018-03-07T14:53:46+00:00","dateModified":"2018-03-14T15:18:20+00:00","author":{"@id":"https:\/\/seriea.digital\/blog\/#\/schema\/person\/e6b243027e8754686f5ab0fa3d065187"},"breadcrumb":{"@id":"https:\/\/seriea.digital\/blog\/fique-ligado-buscas-por-dia-do-consumidor-crescem-92-em-2018\/#breadcrumb"},"inLanguage":"pt-BR","potentialAction":[{"@type":"ReadAction","target":["https:\/\/seriea.digital\/blog\/fique-ligado-buscas-por-dia-do-consumidor-crescem-92-em-2018\/"]}]},{"@type":"ImageObject","inLanguage":"pt-BR","@id":"https:\/\/seriea.digital\/blog\/fique-ligado-buscas-por-dia-do-consumidor-crescem-92-em-2018\/#primaryimage","url":"https:\/\/seriea.digital\/blog\/wp-content\/uploads\/2018\/03\/shutterstock_232609255.jpg","contentUrl":"https:\/\/seriea.digital\/blog\/wp-content\/uploads\/2018\/03\/shutterstock_232609255.jpg","width":1225,"height":835,"caption":"Dia do consumidor (Cr\u00e9ditos: Shutterstock)"},{"@type":"BreadcrumbList","@id":"https:\/\/seriea.digital\/blog\/fique-ligado-buscas-por-dia-do-consumidor-crescem-92-em-2018\/#breadcrumb","itemListElement":[{"@type":"ListItem","position":1,"name":"In\u00edcio","item":"https:\/\/seriea.digital\/blog\/"},{"@type":"ListItem","position":2,"name":"Fique ligado! Buscas por Dia do Consumidor crescem 92% em 2018"}]},{"@type":"WebSite","@id":"https:\/\/seriea.digital\/blog\/#website","url":"https:\/\/seriea.digital\/blog\/","name":"SERI.E DESIGN","description":"Ag\u00eancia digital especializada em e-commerce - Desenvolvimento de layout pra E-commerce, Tray Commerce,Wake, Vtex, Deco, Sites. Eleita a ag\u00eancia com melhor atendimento.","potentialAction":[{"@type":"SearchAction","target":{"@type":"EntryPoint","urlTemplate":"https:\/\/seriea.digital\/blog\/?s={search_term_string}"},"query-input":{"@type":"PropertyValueSpecification","valueRequired":true,"valueName":"search_term_string"}}],"inLanguage":"pt-BR"},{"@type":"Person","@id":"https:\/\/seriea.digital\/blog\/#\/schema\/person\/e6b243027e8754686f5ab0fa3d065187","name":"SERI.E DESIGN","sameAs":["https:\/\/seriea.digital\/blog\/"],"url":"https:\/\/seriea.digital\/blog\/author\/seri-e-design\/"}]}},"_links":{"self":[{"href":"https:\/\/seriea.digital\/blog\/wp-json\/wp\/v2\/posts\/2555","targetHints":{"allow":["GET"]}}],"collection":[{"href":"https:\/\/seriea.digital\/blog\/wp-json\/wp\/v2\/posts"}],"about":[{"href":"https:\/\/seriea.digital\/blog\/wp-json\/wp\/v2\/types\/post"}],"author":[{"embeddable":true,"href":"https:\/\/seriea.digital\/blog\/wp-json\/wp\/v2\/users\/8"}],"replies":[{"embeddable":true,"href":"https:\/\/seriea.digital\/blog\/wp-json\/wp\/v2\/comments?post=2555"}],"version-history":[{"count":2,"href":"https:\/\/seriea.digital\/blog\/wp-json\/wp\/v2\/posts\/2555\/revisions"}],"predecessor-version":[{"id":2558,"href":"https:\/\/seriea.digital\/blog\/wp-json\/wp\/v2\/posts\/2555\/revisions\/2558"}],"wp:featuredmedia":[{"embeddable":true,"href":"https:\/\/seriea.digital\/blog\/wp-json\/wp\/v2\/media\/2556"}],"wp:attachment":[{"href":"https:\/\/seriea.digital\/blog\/wp-json\/wp\/v2\/media?parent=2555"}],"wp:term":[{"taxonomy":"category","embeddable":true,"href":"https:\/\/seriea.digital\/blog\/wp-json\/wp\/v2\/categories?post=2555"},{"taxonomy":"post_tag","embeddable":true,"href":"https:\/\/seriea.digital\/blog\/wp-json\/wp\/v2\/tags?post=2555"}],"curies":[{"name":"wp","href":"https:\/\/api.w.org\/{rel}","templated":true}]}}