{"id":2628,"date":"2018-07-30T12:23:56","date_gmt":"2018-07-30T15:23:56","guid":{"rendered":"https:\/\/seriea.digital\/blog1\/?p=2628"},"modified":"2018-07-30T12:49:06","modified_gmt":"2018-07-30T15:49:06","slug":"becommerce-seller-day-2018","status":"publish","type":"post","link":"https:\/\/seriea.digital\/blog\/becommerce-seller-day-2018\/","title":{"rendered":"Becommerce Seller Day 2018"},"content":{"rendered":"<h2>A SERI.E DESIGN est\u00e1 patrocinando o Becommerce Seller Day 2018, um evento exclusivo para Vendedores de Marketplace.<\/h2>\n<p><img fetchpriority=\"high\" decoding=\"async\" class=\"size-wcfixedheight wp-image-2633 alignleft\" src=\"https:\/\/seriea.digital\/blog1\/wp-content\/uploads\/2018\/07\/becommerce-952x500.png\" alt=\"\" width=\"640\" height=\"336\" srcset=\"https:\/\/seriea.digital\/blog\/wp-content\/uploads\/2018\/07\/becommerce-952x500.png 952w, https:\/\/seriea.digital\/blog\/wp-content\/uploads\/2018\/07\/becommerce-300x158.png 300w, https:\/\/seriea.digital\/blog\/wp-content\/uploads\/2018\/07\/becommerce-768x403.png 768w, https:\/\/seriea.digital\/blog\/wp-content\/uploads\/2018\/07\/becommerce-250x131.png 250w, https:\/\/seriea.digital\/blog\/wp-content\/uploads\/2018\/07\/becommerce-550x289.png 550w, https:\/\/seriea.digital\/blog\/wp-content\/uploads\/2018\/07\/becommerce-800x420.png 800w, https:\/\/seriea.digital\/blog\/wp-content\/uploads\/2018\/07\/becommerce-343x180.png 343w, https:\/\/seriea.digital\/blog\/wp-content\/uploads\/2018\/07\/becommerce-571x300.png 571w, https:\/\/seriea.digital\/blog\/wp-content\/uploads\/2018\/07\/becommerce.png 960w\" sizes=\"(max-width: 640px) 100vw, 640px\" \/><br \/>\nO que Esperar do Seller Day:<\/p>\n<h6>Um Evento Feito para Voc\u00ea<\/h6>\n<p>Junte-se a n\u00f3s no dia 09 de Agosto no Centro de Conven\u00e7\u00f5es Rebou\u00e7as ou ao vivo pelo Youtube para o Seller Day, um evento criado especialmente para vendedores de marketplaces.<\/p>\n<h6>Palestras e Hist\u00f3rias Inspiradoras<\/h6>\n<p>Surpreenda-se com uma s\u00e9rie de 7 palestras com os maiores especialistas do mercado e 1 painel incr\u00edvel com Top Vendedores, contando suas hist\u00f3rias no Mercado Livre.<\/p>\n<h6>Amigos, Pr\u00eamios e Muita Divers\u00e3o<\/h6>\n<p>Expanda sua rede e conhe\u00e7a os maiores vendedores de marketplace do Brasil, concorra a diversos pr\u00eamios e divirta-se conosco em um Happy Hour no Centro de Conven\u00e7\u00f5es Rebou\u00e7as.<\/p>\n<h2>Painel com Top Vendedores do Mercado Livre<\/h2>\n<p><img decoding=\"async\" class=\"aligncenter size-full wp-image-2636\" src=\"https:\/\/seriea.digital\/blog1\/wp-content\/uploads\/2018\/07\/top.jpg\" alt=\"\" width=\"1146\" height=\"414\" srcset=\"https:\/\/seriea.digital\/blog\/wp-content\/uploads\/2018\/07\/top.jpg 1146w, https:\/\/seriea.digital\/blog\/wp-content\/uploads\/2018\/07\/top-300x108.jpg 300w, https:\/\/seriea.digital\/blog\/wp-content\/uploads\/2018\/07\/top-768x277.jpg 768w, https:\/\/seriea.digital\/blog\/wp-content\/uploads\/2018\/07\/top-1024x370.jpg 1024w, https:\/\/seriea.digital\/blog\/wp-content\/uploads\/2018\/07\/top-250x90.jpg 250w, https:\/\/seriea.digital\/blog\/wp-content\/uploads\/2018\/07\/top-550x199.jpg 550w, https:\/\/seriea.digital\/blog\/wp-content\/uploads\/2018\/07\/top-800x289.jpg 800w, https:\/\/seriea.digital\/blog\/wp-content\/uploads\/2018\/07\/top-498x180.jpg 498w, https:\/\/seriea.digital\/blog\/wp-content\/uploads\/2018\/07\/top-830x300.jpg 830w\" sizes=\"(max-width: 1146px) 100vw, 1146px\" \/><\/p>\n<h2>Concorra a um Pr\u00eamio Incr\u00edvel no Valor de\u00a0<b>R$8.000<\/b><\/h2>\n<p>Solicite seu ingresso gr\u00e1tis e compartilhe o evento com a sua rede para concorrer a um kit para vendedores de marketplaces no valor de R$8.000 e uma camiseta oficial da sele\u00e7\u00e3o brasileira. Ser\u00e3o 2 sorteios no dia do evento e quanto mais voc\u00ea compartilhar, maiores suas chances de ganhar.<br \/>\n<img decoding=\"async\" class=\"aligncenter size-full wp-image-2637\" src=\"https:\/\/seriea.digital\/blog1\/wp-content\/uploads\/2018\/07\/premio.jpg\" alt=\"\" width=\"592\" height=\"462\" srcset=\"https:\/\/seriea.digital\/blog\/wp-content\/uploads\/2018\/07\/premio.jpg 592w, https:\/\/seriea.digital\/blog\/wp-content\/uploads\/2018\/07\/premio-300x234.jpg 300w, https:\/\/seriea.digital\/blog\/wp-content\/uploads\/2018\/07\/premio-250x195.jpg 250w, https:\/\/seriea.digital\/blog\/wp-content\/uploads\/2018\/07\/premio-550x429.jpg 550w, https:\/\/seriea.digital\/blog\/wp-content\/uploads\/2018\/07\/premio-231x180.jpg 231w, https:\/\/seriea.digital\/blog\/wp-content\/uploads\/2018\/07\/premio-384x300.jpg 384w\" sizes=\"(max-width: 592px) 100vw, 592px\" \/><\/p>\n<h2>Reserve Agora o seu Lugar<\/h2>\n<p><a href=\"https:\/\/conteudo.becommerce.com.br\/seller-day#register-form\" target=\"_blank\" rel=\"noopener\"><img loading=\"lazy\" decoding=\"async\" class=\"aligncenter size-full wp-image-2639\" src=\"https:\/\/seriea.digital\/blog1\/wp-content\/uploads\/2018\/07\/cta.jpg\" alt=\"\" width=\"337\" height=\"64\" srcset=\"https:\/\/seriea.digital\/blog\/wp-content\/uploads\/2018\/07\/cta.jpg 337w, https:\/\/seriea.digital\/blog\/wp-content\/uploads\/2018\/07\/cta-300x57.jpg 300w, https:\/\/seriea.digital\/blog\/wp-content\/uploads\/2018\/07\/cta-250x47.jpg 250w\" sizes=\"(max-width: 337px) 100vw, 337px\" \/><\/a><\/p>\n","protected":false},"excerpt":{"rendered":"<p>A SERI.E DESIGN est\u00e1 patrocinando o Becommerce Seller Day 2018, um evento exclusivo para Vendedores de Marketplace. O que Esperar do Seller Day: Um Evento Feito para Voc\u00ea Junte-se a n\u00f3s no dia 09 de Agosto no Centro de Conven\u00e7\u00f5es Rebou\u00e7as ou ao vivo pelo Youtube para o Seller Day, um evento criado especialmente para [&hellip;]<\/p>\n","protected":false},"author":3,"featured_media":2633,"comment_status":"closed","ping_status":"closed","sticky":false,"template":"","format":"standard","meta":{"footnotes":""},"categories":[25,29,102,22,10],"tags":[113,24,115,114],"class_list":["post-2628","post","type-post","status-publish","format-standard","has-post-thumbnail","hentry","category-ecommerce","category-marketing","category-marketplace","category-mercadolivre","category-seri-e-design","tag-becommerce","tag-e-commerce","tag-marketplase","tag-sellerday"],"yoast_head":"<!-- This site is optimized with the Yoast SEO plugin v26.5 - https:\/\/yoast.com\/wordpress\/plugins\/seo\/ -->\n<title>Becommerce Seller Day 2018 - SERI.E DESIGN, ag\u00eancia e-commerce<\/title>\n<meta name=\"robots\" content=\"index, follow, max-snippet:-1, max-image-preview:large, max-video-preview:-1\" \/>\n<link rel=\"canonical\" href=\"https:\/\/seriea.digital\/blog\/becommerce-seller-day-2018\/\" \/>\n<meta property=\"og:locale\" content=\"pt_BR\" \/>\n<meta property=\"og:type\" content=\"article\" \/>\n<meta property=\"og:title\" content=\"A SERI.E DESIGN est\u00e1 patrocinando o Becommerce Seller Day 2018, um evento exclusivo para Vendedores de Marketplace.\" \/>\n<meta property=\"og:description\" content=\"Junte-se a n\u00f3s no dia 09 de Agosto no Centro de Conven\u00e7\u00f5es Rebou\u00e7as ou ao vivo pelo Youtube para o Seller Day, um evento criado especialmente para vendedores de marketplaces.\" \/>\n<meta property=\"og:url\" content=\"https:\/\/seriea.digital\/blog\/becommerce-seller-day-2018\/\" \/>\n<meta property=\"og:site_name\" content=\"SERI.E DESIGN, ag\u00eancia e-commerce\" \/>\n<meta property=\"article:publisher\" content=\"https:\/\/www.facebook.com\/SERIEDESIGN\" \/>\n<meta property=\"article:published_time\" content=\"2018-07-30T15:23:56+00:00\" \/>\n<meta property=\"article:modified_time\" content=\"2018-07-30T15:49:06+00:00\" \/>\n<meta property=\"og:image\" content=\"https:\/\/seriea.digital\/blog1\/wp-content\/uploads\/2018\/07\/facebook4.jpg\" \/>\n<meta name=\"author\" content=\"Rodrigo Augusto\" \/>\n<meta name=\"twitter:label1\" content=\"Escrito por\" \/>\n\t<meta name=\"twitter:data1\" content=\"Rodrigo Augusto\" \/>\n\t<meta name=\"twitter:label2\" content=\"Est. tempo de leitura\" \/>\n\t<meta name=\"twitter:data2\" content=\"1 minuto\" \/>\n<script type=\"application\/ld+json\" class=\"yoast-schema-graph\">{\"@context\":\"https:\/\/schema.org\",\"@graph\":[{\"@type\":\"WebPage\",\"@id\":\"https:\/\/seriea.digital\/blog\/becommerce-seller-day-2018\/\",\"url\":\"https:\/\/seriea.digital\/blog\/becommerce-seller-day-2018\/\",\"name\":\"Becommerce Seller Day 2018 - SERI.E DESIGN, ag\u00eancia e-commerce\",\"isPartOf\":{\"@id\":\"https:\/\/seriea.digital\/blog\/#website\"},\"primaryImageOfPage\":{\"@id\":\"https:\/\/seriea.digital\/blog\/becommerce-seller-day-2018\/#primaryimage\"},\"image\":{\"@id\":\"https:\/\/seriea.digital\/blog\/becommerce-seller-day-2018\/#primaryimage\"},\"thumbnailUrl\":\"https:\/\/seriea.digital\/blog\/wp-content\/uploads\/2018\/07\/becommerce.png\",\"datePublished\":\"2018-07-30T15:23:56+00:00\",\"dateModified\":\"2018-07-30T15:49:06+00:00\",\"author\":{\"@id\":\"https:\/\/seriea.digital\/blog\/#\/schema\/person\/59d92915344bff3cb0fbbe5f3ede5f12\"},\"breadcrumb\":{\"@id\":\"https:\/\/seriea.digital\/blog\/becommerce-seller-day-2018\/#breadcrumb\"},\"inLanguage\":\"pt-BR\",\"potentialAction\":[{\"@type\":\"ReadAction\",\"target\":[\"https:\/\/seriea.digital\/blog\/becommerce-seller-day-2018\/\"]}]},{\"@type\":\"ImageObject\",\"inLanguage\":\"pt-BR\",\"@id\":\"https:\/\/seriea.digital\/blog\/becommerce-seller-day-2018\/#primaryimage\",\"url\":\"https:\/\/seriea.digital\/blog\/wp-content\/uploads\/2018\/07\/becommerce.png\",\"contentUrl\":\"https:\/\/seriea.digital\/blog\/wp-content\/uploads\/2018\/07\/becommerce.png\",\"width\":960,\"height\":504},{\"@type\":\"BreadcrumbList\",\"@id\":\"https:\/\/seriea.digital\/blog\/becommerce-seller-day-2018\/#breadcrumb\",\"itemListElement\":[{\"@type\":\"ListItem\",\"position\":1,\"name\":\"In\u00edcio\",\"item\":\"https:\/\/seriea.digital\/blog\/\"},{\"@type\":\"ListItem\",\"position\":2,\"name\":\"Becommerce Seller Day 2018\"}]},{\"@type\":\"WebSite\",\"@id\":\"https:\/\/seriea.digital\/blog\/#website\",\"url\":\"https:\/\/seriea.digital\/blog\/\",\"name\":\"SERI.E DESIGN\",\"description\":\"Ag\u00eancia digital especializada em e-commerce - Desenvolvimento de layout pra E-commerce, Tray Commerce,Wake, Vtex, Deco, Sites. Eleita a ag\u00eancia com melhor atendimento.\",\"potentialAction\":[{\"@type\":\"SearchAction\",\"target\":{\"@type\":\"EntryPoint\",\"urlTemplate\":\"https:\/\/seriea.digital\/blog\/?s={search_term_string}\"},\"query-input\":{\"@type\":\"PropertyValueSpecification\",\"valueRequired\":true,\"valueName\":\"search_term_string\"}}],\"inLanguage\":\"pt-BR\"},{\"@type\":\"Person\",\"@id\":\"https:\/\/seriea.digital\/blog\/#\/schema\/person\/59d92915344bff3cb0fbbe5f3ede5f12\",\"name\":\"Rodrigo Augusto\",\"url\":\"https:\/\/seriea.digital\/blog\/author\/rodrigo\/\"}]}<\/script>\n<!-- \/ Yoast SEO plugin. -->","yoast_head_json":{"title":"Becommerce Seller Day 2018 - SERI.E DESIGN, ag\u00eancia e-commerce","robots":{"index":"index","follow":"follow","max-snippet":"max-snippet:-1","max-image-preview":"max-image-preview:large","max-video-preview":"max-video-preview:-1"},"canonical":"https:\/\/seriea.digital\/blog\/becommerce-seller-day-2018\/","og_locale":"pt_BR","og_type":"article","og_title":"A SERI.E DESIGN est\u00e1 patrocinando o Becommerce Seller Day 2018, um evento exclusivo para Vendedores de Marketplace.","og_description":"Junte-se a n\u00f3s no dia 09 de Agosto no Centro de Conven\u00e7\u00f5es Rebou\u00e7as ou ao vivo pelo Youtube para o Seller Day, um evento criado especialmente para vendedores de marketplaces.","og_url":"https:\/\/seriea.digital\/blog\/becommerce-seller-day-2018\/","og_site_name":"SERI.E DESIGN, ag\u00eancia e-commerce","article_publisher":"https:\/\/www.facebook.com\/SERIEDESIGN","article_published_time":"2018-07-30T15:23:56+00:00","article_modified_time":"2018-07-30T15:49:06+00:00","og_image":[{"url":"https:\/\/seriea.digital\/blog1\/wp-content\/uploads\/2018\/07\/facebook4.jpg","type":"","width":"","height":""}],"author":"Rodrigo Augusto","twitter_misc":{"Escrito por":"Rodrigo Augusto","Est. tempo de leitura":"1 minuto"},"schema":{"@context":"https:\/\/schema.org","@graph":[{"@type":"WebPage","@id":"https:\/\/seriea.digital\/blog\/becommerce-seller-day-2018\/","url":"https:\/\/seriea.digital\/blog\/becommerce-seller-day-2018\/","name":"Becommerce Seller Day 2018 - SERI.E DESIGN, ag\u00eancia e-commerce","isPartOf":{"@id":"https:\/\/seriea.digital\/blog\/#website"},"primaryImageOfPage":{"@id":"https:\/\/seriea.digital\/blog\/becommerce-seller-day-2018\/#primaryimage"},"image":{"@id":"https:\/\/seriea.digital\/blog\/becommerce-seller-day-2018\/#primaryimage"},"thumbnailUrl":"https:\/\/seriea.digital\/blog\/wp-content\/uploads\/2018\/07\/becommerce.png","datePublished":"2018-07-30T15:23:56+00:00","dateModified":"2018-07-30T15:49:06+00:00","author":{"@id":"https:\/\/seriea.digital\/blog\/#\/schema\/person\/59d92915344bff3cb0fbbe5f3ede5f12"},"breadcrumb":{"@id":"https:\/\/seriea.digital\/blog\/becommerce-seller-day-2018\/#breadcrumb"},"inLanguage":"pt-BR","potentialAction":[{"@type":"ReadAction","target":["https:\/\/seriea.digital\/blog\/becommerce-seller-day-2018\/"]}]},{"@type":"ImageObject","inLanguage":"pt-BR","@id":"https:\/\/seriea.digital\/blog\/becommerce-seller-day-2018\/#primaryimage","url":"https:\/\/seriea.digital\/blog\/wp-content\/uploads\/2018\/07\/becommerce.png","contentUrl":"https:\/\/seriea.digital\/blog\/wp-content\/uploads\/2018\/07\/becommerce.png","width":960,"height":504},{"@type":"BreadcrumbList","@id":"https:\/\/seriea.digital\/blog\/becommerce-seller-day-2018\/#breadcrumb","itemListElement":[{"@type":"ListItem","position":1,"name":"In\u00edcio","item":"https:\/\/seriea.digital\/blog\/"},{"@type":"ListItem","position":2,"name":"Becommerce Seller Day 2018"}]},{"@type":"WebSite","@id":"https:\/\/seriea.digital\/blog\/#website","url":"https:\/\/seriea.digital\/blog\/","name":"SERI.E DESIGN","description":"Ag\u00eancia digital especializada em e-commerce - Desenvolvimento de layout pra E-commerce, Tray Commerce,Wake, Vtex, Deco, Sites. Eleita a ag\u00eancia com melhor atendimento.","potentialAction":[{"@type":"SearchAction","target":{"@type":"EntryPoint","urlTemplate":"https:\/\/seriea.digital\/blog\/?s={search_term_string}"},"query-input":{"@type":"PropertyValueSpecification","valueRequired":true,"valueName":"search_term_string"}}],"inLanguage":"pt-BR"},{"@type":"Person","@id":"https:\/\/seriea.digital\/blog\/#\/schema\/person\/59d92915344bff3cb0fbbe5f3ede5f12","name":"Rodrigo Augusto","url":"https:\/\/seriea.digital\/blog\/author\/rodrigo\/"}]}},"_links":{"self":[{"href":"https:\/\/seriea.digital\/blog\/wp-json\/wp\/v2\/posts\/2628","targetHints":{"allow":["GET"]}}],"collection":[{"href":"https:\/\/seriea.digital\/blog\/wp-json\/wp\/v2\/posts"}],"about":[{"href":"https:\/\/seriea.digital\/blog\/wp-json\/wp\/v2\/types\/post"}],"author":[{"embeddable":true,"href":"https:\/\/seriea.digital\/blog\/wp-json\/wp\/v2\/users\/3"}],"replies":[{"embeddable":true,"href":"https:\/\/seriea.digital\/blog\/wp-json\/wp\/v2\/comments?post=2628"}],"version-history":[{"count":10,"href":"https:\/\/seriea.digital\/blog\/wp-json\/wp\/v2\/posts\/2628\/revisions"}],"predecessor-version":[{"id":2645,"href":"https:\/\/seriea.digital\/blog\/wp-json\/wp\/v2\/posts\/2628\/revisions\/2645"}],"wp:featuredmedia":[{"embeddable":true,"href":"https:\/\/seriea.digital\/blog\/wp-json\/wp\/v2\/media\/2633"}],"wp:attachment":[{"href":"https:\/\/seriea.digital\/blog\/wp-json\/wp\/v2\/media?parent=2628"}],"wp:term":[{"taxonomy":"category","embeddable":true,"href":"https:\/\/seriea.digital\/blog\/wp-json\/wp\/v2\/categories?post=2628"},{"taxonomy":"post_tag","embeddable":true,"href":"https:\/\/seriea.digital\/blog\/wp-json\/wp\/v2\/tags?post=2628"}],"curies":[{"name":"wp","href":"https:\/\/api.w.org\/{rel}","templated":true}]}}