{"id":2773,"date":"2018-10-08T10:26:12","date_gmt":"2018-10-08T13:26:12","guid":{"rendered":"https:\/\/seriea.digital\/blog1\/?p=2773"},"modified":"2018-10-08T10:26:12","modified_gmt":"2018-10-08T13:26:12","slug":"o-dia-das-criancas-e-a-data-mais-quente-do-e-commerce-saiba-o-por-que","status":"publish","type":"post","link":"https:\/\/seriea.digital\/blog\/o-dia-das-criancas-e-a-data-mais-quente-do-e-commerce-saiba-o-por-que\/","title":{"rendered":"O dia das crian\u00e7as \u00e9 a data mais quente do e-commerce, saiba o por que"},"content":{"rendered":"<h1><span style=\"font-weight: 400;\">Estudos mostram a import\u00e2ncia das datas comemorativas para o e-commerce<\/span><\/h1>\n<p><span style=\"font-weight: 400;\">Aquele que vive do e-commerce precisa estar preparado para as datas mais quentes do ano. Esses dias \u201cchave\u201d ser\u00e3o a diferen\u00e7a entre um faturamento alto ou mediano para sua loja online. Segundo especialistas, o dia doze de outubro tende a ser um dos momentos mais quentes para quem vende online.<\/span><\/p>\n<figure id=\"attachment_2774\" aria-describedby=\"caption-attachment-2774\" style=\"width: 640px\" class=\"wp-caption aligncenter\"><img fetchpriority=\"high\" decoding=\"async\" class=\"wp-image-2774 size-wcfixedheight\" title=\"Dia das crian\u00e7as e-commerce\" src=\"https:\/\/seriea.digital\/blog1\/wp-content\/uploads\/2018\/10\/crian\u00e7a-e-commece3-767x500.jpg\" alt=\"Dia das crian\u00e7as e-commerce\" width=\"640\" height=\"417\" srcset=\"https:\/\/seriea.digital\/blog\/wp-content\/uploads\/2018\/10\/crian\u00e7a-e-commece3-767x500.jpg 767w, https:\/\/seriea.digital\/blog\/wp-content\/uploads\/2018\/10\/crian\u00e7a-e-commece3-300x196.jpg 300w, https:\/\/seriea.digital\/blog\/wp-content\/uploads\/2018\/10\/crian\u00e7a-e-commece3-768x501.jpg 768w, https:\/\/seriea.digital\/blog\/wp-content\/uploads\/2018\/10\/crian\u00e7a-e-commece3-250x163.jpg 250w, https:\/\/seriea.digital\/blog\/wp-content\/uploads\/2018\/10\/crian\u00e7a-e-commece3-550x359.jpg 550w, https:\/\/seriea.digital\/blog\/wp-content\/uploads\/2018\/10\/crian\u00e7a-e-commece3-800x522.jpg 800w, https:\/\/seriea.digital\/blog\/wp-content\/uploads\/2018\/10\/crian\u00e7a-e-commece3-276x180.jpg 276w, https:\/\/seriea.digital\/blog\/wp-content\/uploads\/2018\/10\/crian\u00e7a-e-commece3-460x300.jpg 460w, https:\/\/seriea.digital\/blog\/wp-content\/uploads\/2018\/10\/crian\u00e7a-e-commece3.jpg 920w\" sizes=\"(max-width: 640px) 100vw, 640px\" \/><figcaption id=\"caption-attachment-2774\" class=\"wp-caption-text\">Dia das crian\u00e7as e-commerce<\/figcaption><\/figure>\n<p><span style=\"font-weight: 400;\">Os n\u00fameros apresentados pelo E-bit s\u00e3o claros neste sentido, a data deve movimentar mais de 2 bilh\u00f5es de reais, some a este valor as expectativas para o Black Friday e o Natal que juntos v\u00e3o ultrapassar 9 bilh\u00f5es de reais! Um faturamento de 11 bilh\u00f5es n\u00e3o pode ser ignorado, levando em considera\u00e7\u00e3o que estamos avaliando apenas o \u00faltimo trimestre do ano.<\/span><\/p>\n<p><span style=\"font-weight: 400;\">Uma pesquisa realizada pelo SPC e CNDL aponta que <\/span><b>75%<\/b><span style=\"font-weight: 400;\"> dos brasileiros pretendem realizar compras durante este per\u00edodo, o que justifica esse aumento no volume de vendas, pedidos e ticket m\u00e9dio.<\/span><\/p>\n<p><span style=\"font-weight: 400;\">Para o dia das Crian\u00e7as a expectativa \u00e9:<\/span><\/p>\n<ul>\n<li style=\"font-weight: 400;\"><span style=\"font-weight: 400;\">4% aumento de vendas em rela\u00e7\u00e3o \u00e0 2017<\/span><\/li>\n<li style=\"font-weight: 400;\"><span style=\"font-weight: 400;\">8 milh\u00f5es de pedidos<\/span><\/li>\n<li style=\"font-weight: 400;\"><span style=\"font-weight: 400;\">R$ 277 de ticket m\u00e9dio<\/span><\/li>\n<\/ul>\n<p><span style=\"font-weight: 400;\">J\u00e1 se preparou para as melhores datas do e-commerce?<\/span><\/p>\n<p>Recentemente a Seri.e Design desenvolveu o site da <a href=\"http:\/\/snip.ly\/qhpiaj\" target=\"_blank\" rel=\"noopener\">Potinho de mel<\/a>, uma loja virtual voltada exclusivamente para o p\u00fablico infantil.<\/p>\n<p><span style=\"font-weight: 400;\">Estar preparado \u00e9 a base de um projeto e a Seri.e Design visa sempre auxiliar seus clientes para que nenhuma oportunidade seja perdida. Voc\u00ea est\u00e1 preparado para se tornar um case de sucesso? <\/span><\/p>\n<p><span style=\"font-weight: 400;\">Entre em contato e descubra o que podemos fazer por voc\u00ea.<\/span><\/p>\n","protected":false},"excerpt":{"rendered":"<p>Estudos mostram a import\u00e2ncia das datas comemorativas para o e-commerce Aquele que vive do e-commerce precisa estar preparado para as datas mais quentes do ano. Esses dias \u201cchave\u201d ser\u00e3o a diferen\u00e7a entre um faturamento alto ou mediano para sua loja online. Segundo especialistas, o dia doze de outubro tende a ser um dos momentos mais [&hellip;]<\/p>\n","protected":false},"author":8,"featured_media":2776,"comment_status":"closed","ping_status":"closed","sticky":false,"template":"","format":"standard","meta":{"footnotes":""},"categories":[103,25],"tags":[],"class_list":["post-2773","post","type-post","status-publish","format-standard","has-post-thumbnail","hentry","category-black-friday","category-ecommerce"],"yoast_head":"<!-- This site is optimized with the Yoast SEO plugin v26.5 - https:\/\/yoast.com\/wordpress\/plugins\/seo\/ -->\n<title>O dia das crian\u00e7as \u00e9 a data mais quente do e-commerce, saiba o por que - SERI.E DESIGN, ag\u00eancia e-commerce<\/title>\n<meta name=\"description\" content=\"O dia das crian\u00e7as \u00e9 uma das datas mais quentes do e-commerce no pa\u00eds, n\u00fameros apontam um crescimento gigante do e-commerce nesta data.\" \/>\n<meta name=\"robots\" content=\"index, follow, max-snippet:-1, max-image-preview:large, max-video-preview:-1\" \/>\n<link rel=\"canonical\" href=\"https:\/\/seriea.digital\/blog\/o-dia-das-criancas-e-a-data-mais-quente-do-e-commerce-saiba-o-por-que\/\" \/>\n<meta property=\"og:locale\" content=\"pt_BR\" \/>\n<meta property=\"og:type\" content=\"article\" \/>\n<meta property=\"og:title\" content=\"O dia das crian\u00e7as \u00e9 a data mais quente do e-commerce, saiba o por que - SERI.E DESIGN, ag\u00eancia e-commerce\" \/>\n<meta property=\"og:description\" content=\"O dia das crian\u00e7as \u00e9 uma das datas mais quentes do e-commerce no pa\u00eds, n\u00fameros apontam um crescimento gigante do e-commerce nesta data.\" \/>\n<meta property=\"og:url\" content=\"https:\/\/seriea.digital\/blog\/o-dia-das-criancas-e-a-data-mais-quente-do-e-commerce-saiba-o-por-que\/\" \/>\n<meta property=\"og:site_name\" content=\"SERI.E DESIGN, ag\u00eancia e-commerce\" \/>\n<meta property=\"article:publisher\" content=\"https:\/\/www.facebook.com\/SERIEDESIGN\" \/>\n<meta property=\"article:published_time\" content=\"2018-10-08T13:26:12+00:00\" \/>\n<meta property=\"og:image\" content=\"https:\/\/seriea.digital\/blog\/wp-content\/uploads\/2018\/10\/Crian\u00e7a-e-commerce.jpg\" \/>\n\t<meta property=\"og:image:width\" content=\"815\" \/>\n\t<meta property=\"og:image:height\" content=\"394\" \/>\n\t<meta property=\"og:image:type\" content=\"image\/jpeg\" \/>\n<meta name=\"author\" content=\"SERI.E DESIGN\" \/>\n<meta name=\"twitter:label1\" content=\"Escrito por\" \/>\n\t<meta name=\"twitter:data1\" content=\"SERI.E DESIGN\" \/>\n\t<meta name=\"twitter:label2\" content=\"Est. tempo de leitura\" \/>\n\t<meta name=\"twitter:data2\" content=\"1 minuto\" \/>\n<script type=\"application\/ld+json\" class=\"yoast-schema-graph\">{\"@context\":\"https:\/\/schema.org\",\"@graph\":[{\"@type\":\"WebPage\",\"@id\":\"https:\/\/seriea.digital\/blog\/o-dia-das-criancas-e-a-data-mais-quente-do-e-commerce-saiba-o-por-que\/\",\"url\":\"https:\/\/seriea.digital\/blog\/o-dia-das-criancas-e-a-data-mais-quente-do-e-commerce-saiba-o-por-que\/\",\"name\":\"O dia das crian\u00e7as \u00e9 a data mais quente do e-commerce, saiba o por que - SERI.E DESIGN, ag\u00eancia e-commerce\",\"isPartOf\":{\"@id\":\"https:\/\/seriea.digital\/blog\/#website\"},\"primaryImageOfPage\":{\"@id\":\"https:\/\/seriea.digital\/blog\/o-dia-das-criancas-e-a-data-mais-quente-do-e-commerce-saiba-o-por-que\/#primaryimage\"},\"image\":{\"@id\":\"https:\/\/seriea.digital\/blog\/o-dia-das-criancas-e-a-data-mais-quente-do-e-commerce-saiba-o-por-que\/#primaryimage\"},\"thumbnailUrl\":\"https:\/\/seriea.digital\/blog\/wp-content\/uploads\/2018\/10\/Crian\u00e7a-e-commerce.jpg\",\"datePublished\":\"2018-10-08T13:26:12+00:00\",\"author\":{\"@id\":\"https:\/\/seriea.digital\/blog\/#\/schema\/person\/e6b243027e8754686f5ab0fa3d065187\"},\"description\":\"O dia das crian\u00e7as \u00e9 uma das datas mais quentes do e-commerce no pa\u00eds, n\u00fameros apontam um crescimento gigante do e-commerce nesta data.\",\"breadcrumb\":{\"@id\":\"https:\/\/seriea.digital\/blog\/o-dia-das-criancas-e-a-data-mais-quente-do-e-commerce-saiba-o-por-que\/#breadcrumb\"},\"inLanguage\":\"pt-BR\",\"potentialAction\":[{\"@type\":\"ReadAction\",\"target\":[\"https:\/\/seriea.digital\/blog\/o-dia-das-criancas-e-a-data-mais-quente-do-e-commerce-saiba-o-por-que\/\"]}]},{\"@type\":\"ImageObject\",\"inLanguage\":\"pt-BR\",\"@id\":\"https:\/\/seriea.digital\/blog\/o-dia-das-criancas-e-a-data-mais-quente-do-e-commerce-saiba-o-por-que\/#primaryimage\",\"url\":\"https:\/\/seriea.digital\/blog\/wp-content\/uploads\/2018\/10\/Crian\u00e7a-e-commerce.jpg\",\"contentUrl\":\"https:\/\/seriea.digital\/blog\/wp-content\/uploads\/2018\/10\/Crian\u00e7a-e-commerce.jpg\",\"width\":815,\"height\":394,\"caption\":\"Dia das crian\u00e7as e-commerce\"},{\"@type\":\"BreadcrumbList\",\"@id\":\"https:\/\/seriea.digital\/blog\/o-dia-das-criancas-e-a-data-mais-quente-do-e-commerce-saiba-o-por-que\/#breadcrumb\",\"itemListElement\":[{\"@type\":\"ListItem\",\"position\":1,\"name\":\"In\u00edcio\",\"item\":\"https:\/\/seriea.digital\/blog\/\"},{\"@type\":\"ListItem\",\"position\":2,\"name\":\"O dia das crian\u00e7as \u00e9 a data mais quente do e-commerce, saiba o por que\"}]},{\"@type\":\"WebSite\",\"@id\":\"https:\/\/seriea.digital\/blog\/#website\",\"url\":\"https:\/\/seriea.digital\/blog\/\",\"name\":\"SERI.E DESIGN\",\"description\":\"Ag\u00eancia digital especializada em e-commerce - Desenvolvimento de layout pra E-commerce, Tray Commerce,Wake, Vtex, Deco, Sites. Eleita a ag\u00eancia com melhor atendimento.\",\"potentialAction\":[{\"@type\":\"SearchAction\",\"target\":{\"@type\":\"EntryPoint\",\"urlTemplate\":\"https:\/\/seriea.digital\/blog\/?s={search_term_string}\"},\"query-input\":{\"@type\":\"PropertyValueSpecification\",\"valueRequired\":true,\"valueName\":\"search_term_string\"}}],\"inLanguage\":\"pt-BR\"},{\"@type\":\"Person\",\"@id\":\"https:\/\/seriea.digital\/blog\/#\/schema\/person\/e6b243027e8754686f5ab0fa3d065187\",\"name\":\"SERI.E DESIGN\",\"sameAs\":[\"https:\/\/seriea.digital\/blog\/\"],\"url\":\"https:\/\/seriea.digital\/blog\/author\/seri-e-design\/\"}]}<\/script>\n<!-- \/ Yoast SEO plugin. -->","yoast_head_json":{"title":"O dia das crian\u00e7as \u00e9 a data mais quente do e-commerce, saiba o por que - SERI.E DESIGN, ag\u00eancia e-commerce","description":"O dia das crian\u00e7as \u00e9 uma das datas mais quentes do e-commerce no pa\u00eds, n\u00fameros apontam um crescimento gigante do e-commerce nesta data.","robots":{"index":"index","follow":"follow","max-snippet":"max-snippet:-1","max-image-preview":"max-image-preview:large","max-video-preview":"max-video-preview:-1"},"canonical":"https:\/\/seriea.digital\/blog\/o-dia-das-criancas-e-a-data-mais-quente-do-e-commerce-saiba-o-por-que\/","og_locale":"pt_BR","og_type":"article","og_title":"O dia das crian\u00e7as \u00e9 a data mais quente do e-commerce, saiba o por que - SERI.E DESIGN, ag\u00eancia e-commerce","og_description":"O dia das crian\u00e7as \u00e9 uma das datas mais quentes do e-commerce no pa\u00eds, n\u00fameros apontam um crescimento gigante do e-commerce nesta data.","og_url":"https:\/\/seriea.digital\/blog\/o-dia-das-criancas-e-a-data-mais-quente-do-e-commerce-saiba-o-por-que\/","og_site_name":"SERI.E DESIGN, ag\u00eancia e-commerce","article_publisher":"https:\/\/www.facebook.com\/SERIEDESIGN","article_published_time":"2018-10-08T13:26:12+00:00","og_image":[{"width":815,"height":394,"url":"https:\/\/seriea.digital\/blog\/wp-content\/uploads\/2018\/10\/Crian\u00e7a-e-commerce.jpg","type":"image\/jpeg"}],"author":"SERI.E DESIGN","twitter_misc":{"Escrito por":"SERI.E DESIGN","Est. tempo de leitura":"1 minuto"},"schema":{"@context":"https:\/\/schema.org","@graph":[{"@type":"WebPage","@id":"https:\/\/seriea.digital\/blog\/o-dia-das-criancas-e-a-data-mais-quente-do-e-commerce-saiba-o-por-que\/","url":"https:\/\/seriea.digital\/blog\/o-dia-das-criancas-e-a-data-mais-quente-do-e-commerce-saiba-o-por-que\/","name":"O dia das crian\u00e7as \u00e9 a data mais quente do e-commerce, saiba o por que - SERI.E DESIGN, ag\u00eancia e-commerce","isPartOf":{"@id":"https:\/\/seriea.digital\/blog\/#website"},"primaryImageOfPage":{"@id":"https:\/\/seriea.digital\/blog\/o-dia-das-criancas-e-a-data-mais-quente-do-e-commerce-saiba-o-por-que\/#primaryimage"},"image":{"@id":"https:\/\/seriea.digital\/blog\/o-dia-das-criancas-e-a-data-mais-quente-do-e-commerce-saiba-o-por-que\/#primaryimage"},"thumbnailUrl":"https:\/\/seriea.digital\/blog\/wp-content\/uploads\/2018\/10\/Crian\u00e7a-e-commerce.jpg","datePublished":"2018-10-08T13:26:12+00:00","author":{"@id":"https:\/\/seriea.digital\/blog\/#\/schema\/person\/e6b243027e8754686f5ab0fa3d065187"},"description":"O dia das crian\u00e7as \u00e9 uma das datas mais quentes do e-commerce no pa\u00eds, n\u00fameros apontam um crescimento gigante do e-commerce nesta data.","breadcrumb":{"@id":"https:\/\/seriea.digital\/blog\/o-dia-das-criancas-e-a-data-mais-quente-do-e-commerce-saiba-o-por-que\/#breadcrumb"},"inLanguage":"pt-BR","potentialAction":[{"@type":"ReadAction","target":["https:\/\/seriea.digital\/blog\/o-dia-das-criancas-e-a-data-mais-quente-do-e-commerce-saiba-o-por-que\/"]}]},{"@type":"ImageObject","inLanguage":"pt-BR","@id":"https:\/\/seriea.digital\/blog\/o-dia-das-criancas-e-a-data-mais-quente-do-e-commerce-saiba-o-por-que\/#primaryimage","url":"https:\/\/seriea.digital\/blog\/wp-content\/uploads\/2018\/10\/Crian\u00e7a-e-commerce.jpg","contentUrl":"https:\/\/seriea.digital\/blog\/wp-content\/uploads\/2018\/10\/Crian\u00e7a-e-commerce.jpg","width":815,"height":394,"caption":"Dia das crian\u00e7as e-commerce"},{"@type":"BreadcrumbList","@id":"https:\/\/seriea.digital\/blog\/o-dia-das-criancas-e-a-data-mais-quente-do-e-commerce-saiba-o-por-que\/#breadcrumb","itemListElement":[{"@type":"ListItem","position":1,"name":"In\u00edcio","item":"https:\/\/seriea.digital\/blog\/"},{"@type":"ListItem","position":2,"name":"O dia das crian\u00e7as \u00e9 a data mais quente do e-commerce, saiba o por que"}]},{"@type":"WebSite","@id":"https:\/\/seriea.digital\/blog\/#website","url":"https:\/\/seriea.digital\/blog\/","name":"SERI.E DESIGN","description":"Ag\u00eancia digital especializada em e-commerce - Desenvolvimento de layout pra E-commerce, Tray Commerce,Wake, Vtex, Deco, Sites. Eleita a ag\u00eancia com melhor atendimento.","potentialAction":[{"@type":"SearchAction","target":{"@type":"EntryPoint","urlTemplate":"https:\/\/seriea.digital\/blog\/?s={search_term_string}"},"query-input":{"@type":"PropertyValueSpecification","valueRequired":true,"valueName":"search_term_string"}}],"inLanguage":"pt-BR"},{"@type":"Person","@id":"https:\/\/seriea.digital\/blog\/#\/schema\/person\/e6b243027e8754686f5ab0fa3d065187","name":"SERI.E DESIGN","sameAs":["https:\/\/seriea.digital\/blog\/"],"url":"https:\/\/seriea.digital\/blog\/author\/seri-e-design\/"}]}},"_links":{"self":[{"href":"https:\/\/seriea.digital\/blog\/wp-json\/wp\/v2\/posts\/2773","targetHints":{"allow":["GET"]}}],"collection":[{"href":"https:\/\/seriea.digital\/blog\/wp-json\/wp\/v2\/posts"}],"about":[{"href":"https:\/\/seriea.digital\/blog\/wp-json\/wp\/v2\/types\/post"}],"author":[{"embeddable":true,"href":"https:\/\/seriea.digital\/blog\/wp-json\/wp\/v2\/users\/8"}],"replies":[{"embeddable":true,"href":"https:\/\/seriea.digital\/blog\/wp-json\/wp\/v2\/comments?post=2773"}],"version-history":[{"count":3,"href":"https:\/\/seriea.digital\/blog\/wp-json\/wp\/v2\/posts\/2773\/revisions"}],"predecessor-version":[{"id":2779,"href":"https:\/\/seriea.digital\/blog\/wp-json\/wp\/v2\/posts\/2773\/revisions\/2779"}],"wp:featuredmedia":[{"embeddable":true,"href":"https:\/\/seriea.digital\/blog\/wp-json\/wp\/v2\/media\/2776"}],"wp:attachment":[{"href":"https:\/\/seriea.digital\/blog\/wp-json\/wp\/v2\/media?parent=2773"}],"wp:term":[{"taxonomy":"category","embeddable":true,"href":"https:\/\/seriea.digital\/blog\/wp-json\/wp\/v2\/categories?post=2773"},{"taxonomy":"post_tag","embeddable":true,"href":"https:\/\/seriea.digital\/blog\/wp-json\/wp\/v2\/tags?post=2773"}],"curies":[{"name":"wp","href":"https:\/\/api.w.org\/{rel}","templated":true}]}}