{"id":3185,"date":"2018-12-04T09:59:38","date_gmt":"2018-12-04T12:59:38","guid":{"rendered":"https:\/\/seriea.digital\/blog1\/?p=3185"},"modified":"2019-01-29T17:00:35","modified_gmt":"2019-01-29T20:00:35","slug":"estimular-o-crescimento-economico","status":"publish","type":"post","link":"https:\/\/seriea.digital\/blog\/estimular-o-crescimento-economico\/","title":{"rendered":"2019 ser\u00e1 o ano para estimular o crescimento econ\u00f4mico"},"content":{"rendered":"<figure id=\"attachment_3186\" aria-describedby=\"caption-attachment-3186\" style=\"width: 650px\" class=\"wp-caption aligncenter\"><img fetchpriority=\"high\" decoding=\"async\" class=\"size-full wp-image-3186\" src=\"https:\/\/seriea.digital\/blog1\/wp-content\/uploads\/2018\/12\/estimular-o-crescimento-econ\u00f4mico.jpg\" alt=\"Estimular o crescimento econ\u00f4mico\" width=\"650\" height=\"420\" srcset=\"https:\/\/seriea.digital\/blog\/wp-content\/uploads\/2018\/12\/estimular-o-crescimento-econ\u00f4mico.jpg 650w, https:\/\/seriea.digital\/blog\/wp-content\/uploads\/2018\/12\/estimular-o-crescimento-econ\u00f4mico-300x194.jpg 300w, https:\/\/seriea.digital\/blog\/wp-content\/uploads\/2018\/12\/estimular-o-crescimento-econ\u00f4mico-768x496.jpg 768w, https:\/\/seriea.digital\/blog\/wp-content\/uploads\/2018\/12\/estimular-o-crescimento-econ\u00f4mico-250x161.jpg 250w, https:\/\/seriea.digital\/blog\/wp-content\/uploads\/2018\/12\/estimular-o-crescimento-econ\u00f4mico-550x355.jpg 550w, https:\/\/seriea.digital\/blog\/wp-content\/uploads\/2018\/12\/estimular-o-crescimento-econ\u00f4mico-800x517.jpg 800w, https:\/\/seriea.digital\/blog\/wp-content\/uploads\/2018\/12\/estimular-o-crescimento-econ\u00f4mico-279x180.jpg 279w, https:\/\/seriea.digital\/blog\/wp-content\/uploads\/2018\/12\/estimular-o-crescimento-econ\u00f4mico-465x300.jpg 465w, https:\/\/seriea.digital\/blog\/wp-content\/uploads\/2018\/12\/estimular-o-crescimento-econ\u00f4mico-774x500.jpg 774w\" sizes=\"(max-width: 650px) 100vw, 650px\" \/><figcaption id=\"caption-attachment-3186\" class=\"wp-caption-text\">Estimular o crescimento econ\u00f4mico<\/figcaption><\/figure>\n<h2 class=\"leftTitle\">Pesquisa aponta que 70% dos pequenos empreendedores acreditam que o pr\u00f3ximo ano ser\u00e1 melhor para os neg\u00f3cios<\/h2>\n<p>Estimular o crescimento econ\u00f4mico. Para os donos de pequenos neg\u00f3cios, 2018 n\u00e3o foi um bom ano. Mas, 70% dos empreendedores apostam que 2019 ser\u00e1 melhor. \u00c9 o que revela pesquisa \u201cExpectativa para a economia e para a empresa\u201d, feita pelo Sebrae entre agosto e outubro, com mais de 5.800 empreendedores.<\/p>\n<div class=\"mainText\">\n<p class=\"leftText\">Segundo a pesquisa, 46% dos entrevistados apontam o ano de 2018 como pior para a os neg\u00f3cios. Mas quando o assunto \u00e9 o futuro, a maioria (67%) tem expectativa positiva e acreditam que 2019 ser\u00e1 um ano melhor. Apenas 9,9% est\u00e3o pessimistas e acham que pr\u00f3ximo ano ser\u00e1 pior.<\/p>\n<p class=\"leftText\">Para 29,8% dos entrevistados o problema que mais prejudicou sua empresa em 2018 foi a corrup\u00e7\u00e3o, enquanto 19,7% dos empres\u00e1rios se queixaram da taxa de juros e 18,7% apontaram os elevados n\u00edveis de desemprego como o vil\u00e3o para seus neg\u00f3cios. Os MEI foram os que mais reclamaram da falta de trabalho no setor, enquanto as empresas de pequeno porte (EPP) e microempresas (ME) citaram a corrup\u00e7\u00e3o e a recess\u00e3o como principais problemas.<\/p>\n<h2 class=\"leftText\">Estimular o crescimento econ\u00f4mico<\/h2>\n<p class=\"leftText\">Para 28,4% dos 5.870 empres\u00e1rios entrevistados, na maioria EPP e com maior grau de escolaridade, deve ser a principal preocupa\u00e7\u00e3o do governo em 2019. J\u00e1 o combate \u00e0 infla\u00e7\u00e3o foi citado por 14,5% dos entrevistados e o corte de gastos por 15,1%.<\/p>\n<p class=\"leftText\">As elei\u00e7\u00f5es deste ano tamb\u00e9m trouxeram otimismo para 41,8% dos empres\u00e1rios dos pequenos neg\u00f3cios, dos segmentos do Com\u00e9rcio, Ind\u00fastria e Servi\u00e7os, que acreditam que o pleito trar\u00e1 grandes mudan\u00e7as no pa\u00eds.<\/p>\n<h3 class=\"leftText\"><strong>Estrat\u00e9gias de neg\u00f3cios para 2019<\/strong><\/h3>\n<p class=\"leftText\">A pesquisa, faz ainda avalia\u00e7\u00e3o sobre custos, mostrando que 29,7% dos entrevistados, principalmente EPPs e MEs, acreditam que os impostos e taxas representam o item que mais tem pressionado as empresas. Esse fator atinge os segmentos do Com\u00e9rcio, Ind\u00fastria e Servi\u00e7os. J\u00e1 custos com m\u00e3o-de-obra, mat\u00e9rias-primas e mercadorias, foram citados por pouco mais de 17,1% e 15,8% dos empres\u00e1rios, respectivamente. Nos tr\u00eas casos, o impacto maior \u00e9 entre os Microempreendedores Individuais.<\/p>\n<p class=\"leftText\"><span style=\"font-weight: 400;\">Dos empres\u00e1rios entrevistados, 67% pretendem adotar uma nova medida para estimular as vendas em 2019.<\/span><span style=\"font-weight: 400;\">Entre as <a href=\"https:\/\/seriea.digital\/blog1\/planejamento-estrategico\/\" target=\"_blank\" rel=\"noopener\">poss\u00edveis estrat\u00e9gias<\/a> para estimular o crescimento econ\u00f4mico, est\u00e1 aderir a a\u00e7\u00f5es de propaganda e marketing (38,5%). A propor\u00e7\u00e3o \u00e9 maior entre os empres\u00e1rios mais escolarizados.<\/span><\/p>\n<p class=\"leftText\">Conforme a pesquisa, 52,8% dos entrevistados pretende fazer algum investimento no seu neg\u00f3cio no pr\u00f3ximo ano. Essa tend\u00eancia \u00e9 entre os mais escolarizados e mais jovens. Outros 51% tendem a modernizar seu empreendimento com novos produtos ou novos processos. Dentre as empresas que planejam fazer investimentos em 2019, pouco menos da metade (46,2%) pretende investir at\u00e9 R$ 20 mil nas inova\u00e7\u00f5es. Os MEI s\u00e3o aqueles que, em maior propor\u00e7\u00e3o, pretendem investir valores menores, de at\u00e9 R$10 mil.<\/p>\n<h3 class=\"leftText\"><strong>Principais resultados da pesquisa:<\/strong><\/h3>\n<p class=\"leftText\">\u2022 26% dos empres\u00e1rios consideram que 2018 foi melhor que 2017.<\/p>\n<p class=\"leftText\">\u2022 Empres\u00e1rios com ensino superior avaliam de forma mais positiva o desempenho da empresa em 2018, em compara\u00e7\u00e3o a 2017;<br \/>\n\u2022 67% tem expectativa de que 2019 ser\u00e1 melhor que 2018.<br \/>\n\u2022 29,7% dos entrevistados acreditam que a principal preocupa\u00e7\u00e3o do governo em 2019 deveria ser estimular o crescimento econ\u00f4mico;<br \/>\n\u2022 67% dos empres\u00e1rios pretendem adotar uma nova medida para estimular as vendas em 2019. Dos entrevistados, 52,8% pretende fazer algum investimento no seu neg\u00f3cio no pr\u00f3ximo ano.<\/p>\n<p>Veja mat\u00e9ria completa em =&gt;\u00a0 <a href=\"http:\/\/www.agenciasebrae.com.br\/sites\/asn\/uf\/NA\/sete-em-cada-10-pequenos-empreendedores-acreditam-que-2019-sera-melhor-para-os-negocios,d379111e58217610VgnVCM1000004c00210aRCRD\" target=\"_blank\" rel=\"nofollow noopener\">http:\/\/www.agenciasebrae.com.br\/sites\/asn\/uf\/NA\/sete-em-cada-10-pequenos-empreendedores-acreditam-que-2019-sera-melhor-para-os-negocios,d379111e58217610VgnVCM1000004c00210aRCRD<\/a><\/p>\n<\/div>\n","protected":false},"excerpt":{"rendered":"<p>Pesquisa aponta que 70% dos pequenos empreendedores acreditam que o pr\u00f3ximo ano ser\u00e1 melhor para os neg\u00f3cios Estimular o crescimento econ\u00f4mico. Para os donos de pequenos neg\u00f3cios, 2018 n\u00e3o foi um bom ano. Mas, 70% dos empreendedores apostam que 2019 ser\u00e1 melhor. \u00c9 o que revela pesquisa \u201cExpectativa para a economia e para a empresa\u201d, [&hellip;]<\/p>\n","protected":false},"author":8,"featured_media":0,"comment_status":"closed","ping_status":"closed","sticky":false,"template":"","format":"standard","meta":{"footnotes":""},"categories":[25],"tags":[847,846,845],"class_list":["post-3185","post","type-post","status-publish","format-standard","hentry","category-ecommerce","tag-2019-melhor","tag-crescimento-economico","tag-mercado"],"yoast_head":"<!-- This site is optimized with the Yoast SEO plugin v26.5 - https:\/\/yoast.com\/wordpress\/plugins\/seo\/ -->\n<title>Estimular o crescimento econ\u00f4mico para 2019 deve ser meta!<\/title>\n<meta name=\"description\" content=\"Estimular o crescimento econ\u00f4mico, pesquisa aponta que 2019 ser\u00e1 melhor ano para empreendedores, empres\u00e1rios e seus neg\u00f3cios.\" \/>\n<meta name=\"robots\" content=\"index, follow, max-snippet:-1, max-image-preview:large, max-video-preview:-1\" \/>\n<link rel=\"canonical\" href=\"https:\/\/seriea.digital\/blog\/estimular-o-crescimento-economico\/\" \/>\n<meta property=\"og:locale\" content=\"pt_BR\" \/>\n<meta property=\"og:type\" content=\"article\" \/>\n<meta property=\"og:title\" content=\"Estimular o crescimento econ\u00f4mico para 2019 deve ser meta!\" \/>\n<meta property=\"og:description\" content=\"Estimular o crescimento econ\u00f4mico, pesquisa aponta que 2019 ser\u00e1 melhor ano para empreendedores, empres\u00e1rios e seus neg\u00f3cios.\" \/>\n<meta property=\"og:url\" content=\"https:\/\/seriea.digital\/blog\/estimular-o-crescimento-economico\/\" \/>\n<meta property=\"og:site_name\" content=\"SERI.E DESIGN, ag\u00eancia e-commerce\" \/>\n<meta property=\"article:publisher\" content=\"https:\/\/www.facebook.com\/SERIEDESIGN\" \/>\n<meta property=\"article:published_time\" content=\"2018-12-04T12:59:38+00:00\" \/>\n<meta property=\"article:modified_time\" content=\"2019-01-29T20:00:35+00:00\" \/>\n<meta name=\"author\" content=\"SERI.E DESIGN\" \/>\n<meta name=\"twitter:label1\" content=\"Escrito por\" \/>\n\t<meta name=\"twitter:data1\" content=\"SERI.E DESIGN\" \/>\n\t<meta name=\"twitter:label2\" content=\"Est. tempo de leitura\" \/>\n\t<meta name=\"twitter:data2\" content=\"3 minutos\" \/>\n<script type=\"application\/ld+json\" class=\"yoast-schema-graph\">{\"@context\":\"https:\/\/schema.org\",\"@graph\":[{\"@type\":\"WebPage\",\"@id\":\"https:\/\/seriea.digital\/blog\/estimular-o-crescimento-economico\/\",\"url\":\"https:\/\/seriea.digital\/blog\/estimular-o-crescimento-economico\/\",\"name\":\"Estimular o crescimento econ\u00f4mico para 2019 deve ser meta!\",\"isPartOf\":{\"@id\":\"https:\/\/seriea.digital\/blog\/#website\"},\"datePublished\":\"2018-12-04T12:59:38+00:00\",\"dateModified\":\"2019-01-29T20:00:35+00:00\",\"author\":{\"@id\":\"https:\/\/seriea.digital\/blog\/#\/schema\/person\/e6b243027e8754686f5ab0fa3d065187\"},\"description\":\"Estimular o crescimento econ\u00f4mico, pesquisa aponta que 2019 ser\u00e1 melhor ano para empreendedores, empres\u00e1rios e seus neg\u00f3cios.\",\"breadcrumb\":{\"@id\":\"https:\/\/seriea.digital\/blog\/estimular-o-crescimento-economico\/#breadcrumb\"},\"inLanguage\":\"pt-BR\",\"potentialAction\":[{\"@type\":\"ReadAction\",\"target\":[\"https:\/\/seriea.digital\/blog\/estimular-o-crescimento-economico\/\"]}]},{\"@type\":\"BreadcrumbList\",\"@id\":\"https:\/\/seriea.digital\/blog\/estimular-o-crescimento-economico\/#breadcrumb\",\"itemListElement\":[{\"@type\":\"ListItem\",\"position\":1,\"name\":\"In\u00edcio\",\"item\":\"https:\/\/seriea.digital\/blog\/\"},{\"@type\":\"ListItem\",\"position\":2,\"name\":\"2019 ser\u00e1 o ano para estimular o crescimento econ\u00f4mico\"}]},{\"@type\":\"WebSite\",\"@id\":\"https:\/\/seriea.digital\/blog\/#website\",\"url\":\"https:\/\/seriea.digital\/blog\/\",\"name\":\"SERI.E DESIGN\",\"description\":\"Ag\u00eancia digital especializada em e-commerce - Desenvolvimento de layout pra E-commerce, Tray Commerce,Wake, Vtex, Deco, Sites. Eleita a ag\u00eancia com melhor atendimento.\",\"potentialAction\":[{\"@type\":\"SearchAction\",\"target\":{\"@type\":\"EntryPoint\",\"urlTemplate\":\"https:\/\/seriea.digital\/blog\/?s={search_term_string}\"},\"query-input\":{\"@type\":\"PropertyValueSpecification\",\"valueRequired\":true,\"valueName\":\"search_term_string\"}}],\"inLanguage\":\"pt-BR\"},{\"@type\":\"Person\",\"@id\":\"https:\/\/seriea.digital\/blog\/#\/schema\/person\/e6b243027e8754686f5ab0fa3d065187\",\"name\":\"SERI.E DESIGN\",\"sameAs\":[\"https:\/\/seriea.digital\/blog\/\"],\"url\":\"https:\/\/seriea.digital\/blog\/author\/seri-e-design\/\"}]}<\/script>\n<!-- \/ Yoast SEO plugin. -->","yoast_head_json":{"title":"Estimular o crescimento econ\u00f4mico para 2019 deve ser meta!","description":"Estimular o crescimento econ\u00f4mico, pesquisa aponta que 2019 ser\u00e1 melhor ano para empreendedores, empres\u00e1rios e seus neg\u00f3cios.","robots":{"index":"index","follow":"follow","max-snippet":"max-snippet:-1","max-image-preview":"max-image-preview:large","max-video-preview":"max-video-preview:-1"},"canonical":"https:\/\/seriea.digital\/blog\/estimular-o-crescimento-economico\/","og_locale":"pt_BR","og_type":"article","og_title":"Estimular o crescimento econ\u00f4mico para 2019 deve ser meta!","og_description":"Estimular o crescimento econ\u00f4mico, pesquisa aponta que 2019 ser\u00e1 melhor ano para empreendedores, empres\u00e1rios e seus neg\u00f3cios.","og_url":"https:\/\/seriea.digital\/blog\/estimular-o-crescimento-economico\/","og_site_name":"SERI.E DESIGN, ag\u00eancia e-commerce","article_publisher":"https:\/\/www.facebook.com\/SERIEDESIGN","article_published_time":"2018-12-04T12:59:38+00:00","article_modified_time":"2019-01-29T20:00:35+00:00","author":"SERI.E DESIGN","twitter_misc":{"Escrito por":"SERI.E DESIGN","Est. tempo de leitura":"3 minutos"},"schema":{"@context":"https:\/\/schema.org","@graph":[{"@type":"WebPage","@id":"https:\/\/seriea.digital\/blog\/estimular-o-crescimento-economico\/","url":"https:\/\/seriea.digital\/blog\/estimular-o-crescimento-economico\/","name":"Estimular o crescimento econ\u00f4mico para 2019 deve ser meta!","isPartOf":{"@id":"https:\/\/seriea.digital\/blog\/#website"},"datePublished":"2018-12-04T12:59:38+00:00","dateModified":"2019-01-29T20:00:35+00:00","author":{"@id":"https:\/\/seriea.digital\/blog\/#\/schema\/person\/e6b243027e8754686f5ab0fa3d065187"},"description":"Estimular o crescimento econ\u00f4mico, pesquisa aponta que 2019 ser\u00e1 melhor ano para empreendedores, empres\u00e1rios e seus neg\u00f3cios.","breadcrumb":{"@id":"https:\/\/seriea.digital\/blog\/estimular-o-crescimento-economico\/#breadcrumb"},"inLanguage":"pt-BR","potentialAction":[{"@type":"ReadAction","target":["https:\/\/seriea.digital\/blog\/estimular-o-crescimento-economico\/"]}]},{"@type":"BreadcrumbList","@id":"https:\/\/seriea.digital\/blog\/estimular-o-crescimento-economico\/#breadcrumb","itemListElement":[{"@type":"ListItem","position":1,"name":"In\u00edcio","item":"https:\/\/seriea.digital\/blog\/"},{"@type":"ListItem","position":2,"name":"2019 ser\u00e1 o ano para estimular o crescimento econ\u00f4mico"}]},{"@type":"WebSite","@id":"https:\/\/seriea.digital\/blog\/#website","url":"https:\/\/seriea.digital\/blog\/","name":"SERI.E DESIGN","description":"Ag\u00eancia digital especializada em e-commerce - Desenvolvimento de layout pra E-commerce, Tray Commerce,Wake, Vtex, Deco, Sites. Eleita a ag\u00eancia com melhor atendimento.","potentialAction":[{"@type":"SearchAction","target":{"@type":"EntryPoint","urlTemplate":"https:\/\/seriea.digital\/blog\/?s={search_term_string}"},"query-input":{"@type":"PropertyValueSpecification","valueRequired":true,"valueName":"search_term_string"}}],"inLanguage":"pt-BR"},{"@type":"Person","@id":"https:\/\/seriea.digital\/blog\/#\/schema\/person\/e6b243027e8754686f5ab0fa3d065187","name":"SERI.E DESIGN","sameAs":["https:\/\/seriea.digital\/blog\/"],"url":"https:\/\/seriea.digital\/blog\/author\/seri-e-design\/"}]}},"_links":{"self":[{"href":"https:\/\/seriea.digital\/blog\/wp-json\/wp\/v2\/posts\/3185","targetHints":{"allow":["GET"]}}],"collection":[{"href":"https:\/\/seriea.digital\/blog\/wp-json\/wp\/v2\/posts"}],"about":[{"href":"https:\/\/seriea.digital\/blog\/wp-json\/wp\/v2\/types\/post"}],"author":[{"embeddable":true,"href":"https:\/\/seriea.digital\/blog\/wp-json\/wp\/v2\/users\/8"}],"replies":[{"embeddable":true,"href":"https:\/\/seriea.digital\/blog\/wp-json\/wp\/v2\/comments?post=3185"}],"version-history":[{"count":2,"href":"https:\/\/seriea.digital\/blog\/wp-json\/wp\/v2\/posts\/3185\/revisions"}],"predecessor-version":[{"id":3188,"href":"https:\/\/seriea.digital\/blog\/wp-json\/wp\/v2\/posts\/3185\/revisions\/3188"}],"wp:attachment":[{"href":"https:\/\/seriea.digital\/blog\/wp-json\/wp\/v2\/media?parent=3185"}],"wp:term":[{"taxonomy":"category","embeddable":true,"href":"https:\/\/seriea.digital\/blog\/wp-json\/wp\/v2\/categories?post=3185"},{"taxonomy":"post_tag","embeddable":true,"href":"https:\/\/seriea.digital\/blog\/wp-json\/wp\/v2\/tags?post=3185"}],"curies":[{"name":"wp","href":"https:\/\/api.w.org\/{rel}","templated":true}]}}