{"id":6227,"date":"2026-04-10T18:07:12","date_gmt":"2026-04-10T21:07:12","guid":{"rendered":"https:\/\/seriea.digital\/blog\/?p=6227"},"modified":"2026-04-13T15:46:55","modified_gmt":"2026-04-13T18:46:55","slug":"vtex-day-2026-o-que-esperar-do-maior-evento-de-digital-commerce-do-mundo","status":"publish","type":"post","link":"https:\/\/seriea.digital\/blog\/vtex-day-2026-o-que-esperar-do-maior-evento-de-digital-commerce-do-mundo\/","title":{"rendered":"VTEX Day 2026: O que esperar do maior evento de digital commerce do mundo?"},"content":{"rendered":"\n<p>O mercado de vendas online exige, cada vez mais, uma postura focada em resultados reais e acima da m\u00e9dia. Nos dias 16 e 17 de abril de 2026, o S\u00e3o Paulo Expo receber\u00e1 o VTEX Day 2026, consolidando-se como um dos principais eventos de varejo e economia digital da Am\u00e9rica Latina. Mais do que um encontro de tecnologia, o evento amplia sua agenda para conectar o com\u00e9rcio digital a temas importantes da economia e transformar encontros em oportunidades reais de neg\u00f3cio.<\/p>\n\n\n\n<figure class=\"wp-block-image aligncenter size-full\"><img fetchpriority=\"high\" decoding=\"async\" width=\"497\" height=\"437\" src=\"https:\/\/seriea.digital\/blog\/wp-content\/uploads\/2026\/04\/Design-sem-nome-10-1.png\" alt=\"\" class=\"wp-image-6228\" srcset=\"https:\/\/seriea.digital\/blog\/wp-content\/uploads\/2026\/04\/Design-sem-nome-10-1.png 497w, https:\/\/seriea.digital\/blog\/wp-content\/uploads\/2026\/04\/Design-sem-nome-10-1-300x264.png 300w\" sizes=\"(max-width: 497px) 100vw, 497px\" \/><\/figure>\n\n\n\n<h3 class=\"wp-block-heading\">VTEX DAY 2026<\/h3>\n\n\n\n<p>Em 2026, o VTEX Day adota um conceito que transforma o espa\u00e7o do evento em uma \u201cCidade da Inova\u00e7\u00e3o\u201d, uma experi\u00eancia imersiva que busca estimular conversas criativas e aproximar o p\u00fablico de nomes importantes do mercado nacional e internacional. O evento vai al\u00e9m das ferramentas t\u00e9cnicas e aborda temas fundamentais de tend\u00eancias e tecnologias que moldam o futuro do digital, do varejo e do consumo.<\/p>\n\n\n\n<p>Al\u00e9m disso, a programa\u00e7\u00e3o explora a execu\u00e7\u00e3o pr\u00e1tica do Live Commerce e o potencial do com\u00e9rcio conversacional, integrando \u00e1reas como Customer Experience, log\u00edstica, opera\u00e7\u00f5es e o uso de intelig\u00eancia artificial aplicada ao mercado. O conte\u00fado \u00e9 estruturado para conectar inova\u00e7\u00e3o tecnol\u00f3gica a desafios reais de lideran\u00e7a, abrangendo t\u00f3picos de marketing, vendas e a evolu\u00e7\u00e3o dos ecossistemas de marketplace.<\/p>\n\n\n\n<h3 class=\"wp-block-heading\">A Serie A j\u00e1 confirmou presen\u00e7a na cidade Vtex day!<\/h3>\n\n\n\n<p>Refor\u00e7ando seu posto como <a href=\"https:\/\/seriea.digital\/vtex\"><strong>ag\u00eancia parceira vtex<\/strong><\/a>, a Serie A confirma sua presen\u00e7a no VTEX Day 2026, trazendo um em seu stand um espa\u00e7o dedicado a demonstrar como a excel\u00eancia t\u00e9cnica \u00e9 a base indispens\u00e1vel para resultados fora da curva no e-commerce. Como patrocinadores oficiais, preparamos um super desconto para voc\u00ea: utilize o c\u00f3digo SERIEA15FULL e garanta 15% de desconto no ingresso FULL PASS para o vtex day 2026!<\/p>\n\n\n\n<p>Como o bra\u00e7o de desenvolvimento e implementa\u00e7\u00e3o de alta performance da P4C Group, nossa equipe de especialistas estar\u00e1 pronta para apresentar solu\u00e7\u00f5es que v\u00e3o desde implanta\u00e7\u00f5es e migra\u00e7\u00f5es seguras at\u00e9 a otimiza\u00e7\u00e3o total da experi\u00eancia do usu\u00e1rio (UX), garantindo que cada plataforma esteja preparada para converter visitantes em clientes fi\u00e9is. Venha fazer uma visita ao nosso stand, estaremos na localiza\u00e7\u00e3o D4-07!<\/p>\n\n\n\n<p><\/p>\n","protected":false},"excerpt":{"rendered":"<p>O mercado de vendas online exige, cada vez mais, uma postura focada em resultados reais e acima da m\u00e9dia. Nos dias 16 e 17 de abril de 2026, o S\u00e3o Paulo Expo receber\u00e1 o VTEX Day 2026, consolidando-se como um dos principais eventos de varejo e economia digital da Am\u00e9rica Latina. Mais do que um [&hellip;]<\/p>\n","protected":false},"author":17,"featured_media":6230,"comment_status":"closed","ping_status":"closed","sticky":false,"template":"","format":"standard","meta":{"footnotes":""},"categories":[25,1637],"tags":[24,26,1638,1679],"class_list":["post-6227","post","type-post","status-publish","format-standard","has-post-thumbnail","hentry","category-ecommerce","category-vtex","tag-e-commerce","tag-ecommerce","tag-vtex","tag-vtexday"],"yoast_head":"<!-- This site is optimized with the Yoast SEO plugin v26.5 - https:\/\/yoast.com\/wordpress\/plugins\/seo\/ -->\n<title>VTEX Day 2026: principais destaques do evento de e-commerce<\/title>\n<meta name=\"description\" content=\"Descubra o que esperar do VTEX Day 2026 no S\u00e3o Paulo Expo: tend\u00eancias, inova\u00e7\u00e3o, IA e oportunidades reais no e-commerce.\" \/>\n<meta name=\"robots\" content=\"index, follow, max-snippet:-1, max-image-preview:large, max-video-preview:-1\" \/>\n<link rel=\"canonical\" href=\"https:\/\/seriea.digital\/blog\/vtex-day-2026-o-que-esperar-do-maior-evento-de-digital-commerce-do-mundo\/\" \/>\n<meta property=\"og:locale\" content=\"pt_BR\" \/>\n<meta property=\"og:type\" content=\"article\" \/>\n<meta property=\"og:title\" content=\"VTEX Day 2026: principais destaques do evento de e-commerce\" \/>\n<meta property=\"og:description\" content=\"Descubra o que esperar do VTEX Day 2026 no S\u00e3o Paulo Expo: tend\u00eancias, inova\u00e7\u00e3o, IA e oportunidades reais no e-commerce.\" \/>\n<meta property=\"og:url\" content=\"https:\/\/seriea.digital\/blog\/vtex-day-2026-o-que-esperar-do-maior-evento-de-digital-commerce-do-mundo\/\" \/>\n<meta property=\"og:site_name\" content=\"SERI.E DESIGN, ag\u00eancia e-commerce\" \/>\n<meta property=\"article:publisher\" content=\"https:\/\/www.facebook.com\/SERIEDESIGN\" \/>\n<meta property=\"article:published_time\" content=\"2026-04-10T21:07:12+00:00\" \/>\n<meta property=\"article:modified_time\" content=\"2026-04-13T18:46:55+00:00\" \/>\n<meta property=\"og:image\" content=\"https:\/\/seriea.digital\/blog\/wp-content\/uploads\/2026\/04\/Design-sem-nome-10-2-e1776105237433.png\" \/>\n\t<meta property=\"og:image:width\" content=\"496\" \/>\n\t<meta property=\"og:image:height\" content=\"433\" \/>\n\t<meta property=\"og:image:type\" content=\"image\/png\" \/>\n<meta name=\"author\" content=\"mkt\" \/>\n<meta name=\"twitter:label1\" content=\"Escrito por\" \/>\n\t<meta name=\"twitter:data1\" content=\"mkt\" \/>\n\t<meta name=\"twitter:label2\" content=\"Est. tempo de leitura\" \/>\n\t<meta name=\"twitter:data2\" content=\"3 minutos\" \/>\n<script type=\"application\/ld+json\" class=\"yoast-schema-graph\">{\"@context\":\"https:\/\/schema.org\",\"@graph\":[{\"@type\":\"WebPage\",\"@id\":\"https:\/\/seriea.digital\/blog\/vtex-day-2026-o-que-esperar-do-maior-evento-de-digital-commerce-do-mundo\/\",\"url\":\"https:\/\/seriea.digital\/blog\/vtex-day-2026-o-que-esperar-do-maior-evento-de-digital-commerce-do-mundo\/\",\"name\":\"VTEX Day 2026: principais destaques do evento de e-commerce\",\"isPartOf\":{\"@id\":\"https:\/\/seriea.digital\/blog\/#website\"},\"primaryImageOfPage\":{\"@id\":\"https:\/\/seriea.digital\/blog\/vtex-day-2026-o-que-esperar-do-maior-evento-de-digital-commerce-do-mundo\/#primaryimage\"},\"image\":{\"@id\":\"https:\/\/seriea.digital\/blog\/vtex-day-2026-o-que-esperar-do-maior-evento-de-digital-commerce-do-mundo\/#primaryimage\"},\"thumbnailUrl\":\"https:\/\/seriea.digital\/blog\/wp-content\/uploads\/2026\/04\/Design-sem-nome-10-2-e1776105237433.png\",\"datePublished\":\"2026-04-10T21:07:12+00:00\",\"dateModified\":\"2026-04-13T18:46:55+00:00\",\"author\":{\"@id\":\"https:\/\/seriea.digital\/blog\/#\/schema\/person\/0d0a8a8b5ca8cf1c23ad084773b46510\"},\"description\":\"Descubra o que esperar do VTEX Day 2026 no S\u00e3o Paulo Expo: tend\u00eancias, inova\u00e7\u00e3o, IA e oportunidades reais no e-commerce.\",\"breadcrumb\":{\"@id\":\"https:\/\/seriea.digital\/blog\/vtex-day-2026-o-que-esperar-do-maior-evento-de-digital-commerce-do-mundo\/#breadcrumb\"},\"inLanguage\":\"pt-BR\",\"potentialAction\":[{\"@type\":\"ReadAction\",\"target\":[\"https:\/\/seriea.digital\/blog\/vtex-day-2026-o-que-esperar-do-maior-evento-de-digital-commerce-do-mundo\/\"]}]},{\"@type\":\"ImageObject\",\"inLanguage\":\"pt-BR\",\"@id\":\"https:\/\/seriea.digital\/blog\/vtex-day-2026-o-que-esperar-do-maior-evento-de-digital-commerce-do-mundo\/#primaryimage\",\"url\":\"https:\/\/seriea.digital\/blog\/wp-content\/uploads\/2026\/04\/Design-sem-nome-10-2-e1776105237433.png\",\"contentUrl\":\"https:\/\/seriea.digital\/blog\/wp-content\/uploads\/2026\/04\/Design-sem-nome-10-2-e1776105237433.png\",\"width\":496,\"height\":433},{\"@type\":\"BreadcrumbList\",\"@id\":\"https:\/\/seriea.digital\/blog\/vtex-day-2026-o-que-esperar-do-maior-evento-de-digital-commerce-do-mundo\/#breadcrumb\",\"itemListElement\":[{\"@type\":\"ListItem\",\"position\":1,\"name\":\"In\u00edcio\",\"item\":\"https:\/\/seriea.digital\/blog\/\"},{\"@type\":\"ListItem\",\"position\":2,\"name\":\"VTEX Day 2026: O que esperar do maior evento de digital commerce do mundo?\"}]},{\"@type\":\"WebSite\",\"@id\":\"https:\/\/seriea.digital\/blog\/#website\",\"url\":\"https:\/\/seriea.digital\/blog\/\",\"name\":\"SERI.E DESIGN\",\"description\":\"Ag\u00eancia digital especializada em e-commerce - Desenvolvimento de layout pra E-commerce, Tray Commerce,Wake, Vtex, Deco, Sites. Eleita a ag\u00eancia com melhor atendimento.\",\"potentialAction\":[{\"@type\":\"SearchAction\",\"target\":{\"@type\":\"EntryPoint\",\"urlTemplate\":\"https:\/\/seriea.digital\/blog\/?s={search_term_string}\"},\"query-input\":{\"@type\":\"PropertyValueSpecification\",\"valueRequired\":true,\"valueName\":\"search_term_string\"}}],\"inLanguage\":\"pt-BR\"},{\"@type\":\"Person\",\"@id\":\"https:\/\/seriea.digital\/blog\/#\/schema\/person\/0d0a8a8b5ca8cf1c23ad084773b46510\",\"name\":\"mkt\",\"url\":\"https:\/\/seriea.digital\/blog\/author\/mkt\/\"}]}<\/script>\n<!-- \/ Yoast SEO plugin. -->","yoast_head_json":{"title":"VTEX Day 2026: principais destaques do evento de e-commerce","description":"Descubra o que esperar do VTEX Day 2026 no S\u00e3o Paulo Expo: tend\u00eancias, inova\u00e7\u00e3o, IA e oportunidades reais no e-commerce.","robots":{"index":"index","follow":"follow","max-snippet":"max-snippet:-1","max-image-preview":"max-image-preview:large","max-video-preview":"max-video-preview:-1"},"canonical":"https:\/\/seriea.digital\/blog\/vtex-day-2026-o-que-esperar-do-maior-evento-de-digital-commerce-do-mundo\/","og_locale":"pt_BR","og_type":"article","og_title":"VTEX Day 2026: principais destaques do evento de e-commerce","og_description":"Descubra o que esperar do VTEX Day 2026 no S\u00e3o Paulo Expo: tend\u00eancias, inova\u00e7\u00e3o, IA e oportunidades reais no e-commerce.","og_url":"https:\/\/seriea.digital\/blog\/vtex-day-2026-o-que-esperar-do-maior-evento-de-digital-commerce-do-mundo\/","og_site_name":"SERI.E DESIGN, ag\u00eancia e-commerce","article_publisher":"https:\/\/www.facebook.com\/SERIEDESIGN","article_published_time":"2026-04-10T21:07:12+00:00","article_modified_time":"2026-04-13T18:46:55+00:00","og_image":[{"width":496,"height":433,"url":"https:\/\/seriea.digital\/blog\/wp-content\/uploads\/2026\/04\/Design-sem-nome-10-2-e1776105237433.png","type":"image\/png"}],"author":"mkt","twitter_misc":{"Escrito por":"mkt","Est. tempo de leitura":"3 minutos"},"schema":{"@context":"https:\/\/schema.org","@graph":[{"@type":"WebPage","@id":"https:\/\/seriea.digital\/blog\/vtex-day-2026-o-que-esperar-do-maior-evento-de-digital-commerce-do-mundo\/","url":"https:\/\/seriea.digital\/blog\/vtex-day-2026-o-que-esperar-do-maior-evento-de-digital-commerce-do-mundo\/","name":"VTEX Day 2026: principais destaques do evento de e-commerce","isPartOf":{"@id":"https:\/\/seriea.digital\/blog\/#website"},"primaryImageOfPage":{"@id":"https:\/\/seriea.digital\/blog\/vtex-day-2026-o-que-esperar-do-maior-evento-de-digital-commerce-do-mundo\/#primaryimage"},"image":{"@id":"https:\/\/seriea.digital\/blog\/vtex-day-2026-o-que-esperar-do-maior-evento-de-digital-commerce-do-mundo\/#primaryimage"},"thumbnailUrl":"https:\/\/seriea.digital\/blog\/wp-content\/uploads\/2026\/04\/Design-sem-nome-10-2-e1776105237433.png","datePublished":"2026-04-10T21:07:12+00:00","dateModified":"2026-04-13T18:46:55+00:00","author":{"@id":"https:\/\/seriea.digital\/blog\/#\/schema\/person\/0d0a8a8b5ca8cf1c23ad084773b46510"},"description":"Descubra o que esperar do VTEX Day 2026 no S\u00e3o Paulo Expo: tend\u00eancias, inova\u00e7\u00e3o, IA e oportunidades reais no e-commerce.","breadcrumb":{"@id":"https:\/\/seriea.digital\/blog\/vtex-day-2026-o-que-esperar-do-maior-evento-de-digital-commerce-do-mundo\/#breadcrumb"},"inLanguage":"pt-BR","potentialAction":[{"@type":"ReadAction","target":["https:\/\/seriea.digital\/blog\/vtex-day-2026-o-que-esperar-do-maior-evento-de-digital-commerce-do-mundo\/"]}]},{"@type":"ImageObject","inLanguage":"pt-BR","@id":"https:\/\/seriea.digital\/blog\/vtex-day-2026-o-que-esperar-do-maior-evento-de-digital-commerce-do-mundo\/#primaryimage","url":"https:\/\/seriea.digital\/blog\/wp-content\/uploads\/2026\/04\/Design-sem-nome-10-2-e1776105237433.png","contentUrl":"https:\/\/seriea.digital\/blog\/wp-content\/uploads\/2026\/04\/Design-sem-nome-10-2-e1776105237433.png","width":496,"height":433},{"@type":"BreadcrumbList","@id":"https:\/\/seriea.digital\/blog\/vtex-day-2026-o-que-esperar-do-maior-evento-de-digital-commerce-do-mundo\/#breadcrumb","itemListElement":[{"@type":"ListItem","position":1,"name":"In\u00edcio","item":"https:\/\/seriea.digital\/blog\/"},{"@type":"ListItem","position":2,"name":"VTEX Day 2026: O que esperar do maior evento de digital commerce do mundo?"}]},{"@type":"WebSite","@id":"https:\/\/seriea.digital\/blog\/#website","url":"https:\/\/seriea.digital\/blog\/","name":"SERI.E DESIGN","description":"Ag\u00eancia digital especializada em e-commerce - Desenvolvimento de layout pra E-commerce, Tray Commerce,Wake, Vtex, Deco, Sites. Eleita a ag\u00eancia com melhor atendimento.","potentialAction":[{"@type":"SearchAction","target":{"@type":"EntryPoint","urlTemplate":"https:\/\/seriea.digital\/blog\/?s={search_term_string}"},"query-input":{"@type":"PropertyValueSpecification","valueRequired":true,"valueName":"search_term_string"}}],"inLanguage":"pt-BR"},{"@type":"Person","@id":"https:\/\/seriea.digital\/blog\/#\/schema\/person\/0d0a8a8b5ca8cf1c23ad084773b46510","name":"mkt","url":"https:\/\/seriea.digital\/blog\/author\/mkt\/"}]}},"_links":{"self":[{"href":"https:\/\/seriea.digital\/blog\/wp-json\/wp\/v2\/posts\/6227","targetHints":{"allow":["GET"]}}],"collection":[{"href":"https:\/\/seriea.digital\/blog\/wp-json\/wp\/v2\/posts"}],"about":[{"href":"https:\/\/seriea.digital\/blog\/wp-json\/wp\/v2\/types\/post"}],"author":[{"embeddable":true,"href":"https:\/\/seriea.digital\/blog\/wp-json\/wp\/v2\/users\/17"}],"replies":[{"embeddable":true,"href":"https:\/\/seriea.digital\/blog\/wp-json\/wp\/v2\/comments?post=6227"}],"version-history":[{"count":2,"href":"https:\/\/seriea.digital\/blog\/wp-json\/wp\/v2\/posts\/6227\/revisions"}],"predecessor-version":[{"id":6233,"href":"https:\/\/seriea.digital\/blog\/wp-json\/wp\/v2\/posts\/6227\/revisions\/6233"}],"wp:featuredmedia":[{"embeddable":true,"href":"https:\/\/seriea.digital\/blog\/wp-json\/wp\/v2\/media\/6230"}],"wp:attachment":[{"href":"https:\/\/seriea.digital\/blog\/wp-json\/wp\/v2\/media?parent=6227"}],"wp:term":[{"taxonomy":"category","embeddable":true,"href":"https:\/\/seriea.digital\/blog\/wp-json\/wp\/v2\/categories?post=6227"},{"taxonomy":"post_tag","embeddable":true,"href":"https:\/\/seriea.digital\/blog\/wp-json\/wp\/v2\/tags?post=6227"}],"curies":[{"name":"wp","href":"https:\/\/api.w.org\/{rel}","templated":true}]}}