{"id":937,"date":"2015-01-29T13:30:50","date_gmt":"2015-01-29T16:30:50","guid":{"rendered":"https:\/\/seriea.digital\/blog1\/?p=937"},"modified":"2016-09-14T14:21:29","modified_gmt":"2016-09-14T17:21:29","slug":"infografico-com-tamanho-de-todas-imagens-de-midias-sociais","status":"publish","type":"post","link":"https:\/\/seriea.digital\/blog\/infografico-com-tamanho-de-todas-imagens-de-midias-sociais\/","title":{"rendered":"Infogr\u00e1fico com tamanho de todas imagens de m\u00eddias sociais"},"content":{"rendered":"<p>Qual \u00e9 o tamanho para foto no Instagram?<br \/>\nComo colocar foto inteira no Instagram?<br \/>\nQual \u00e9 o tamanho das imagens das Redes Sociais?<br \/>\nTamanhos e dimens\u00f5es de capa para Facebook?<br \/>\nQual o tamanho das imagens da nova Timeline do Facebook?<br \/>\n<!--more--><\/p>\n<p>Todo mundo tem duvidas em rela\u00e7\u00e3o ao tamanho das imagens para posts e customiza\u00e7\u00e3o visual nas redes sociais. PAra facilitar a vida de todos  a Tent Social, fez um infogr\u00e1fico, com todas as medidas e formatos. Agora voc\u00ea pode ter todas as medidas do Facebook, Twitter, Google Plus,Youtube, Linkedin, Pinterest e Instagram.<\/p>\n<p>Abaixo voc\u00eas poder\u00e3o ver o infogr\u00e1fico. Fa\u00e7am bom proveito! =)<\/p>\n<p><img fetchpriority=\"high\" decoding=\"async\" src=\"https:\/\/seriea.digital\/blog1\/wp-content\/uploads\/2015\/01\/Novo-infogr\u00e1fico-com-tamanho-de-todas-imagens-de-m\u00eddias-sociais-seriedesign.jpg\" alt=\"Novo-infogr\u00e1fico-com-tamanho-de-todas-imagens-de-m\u00eddias-sociais-seriedesign\" width=\"600\" height=\"9487\" class=\"aligncenter size-full wp-image-939\" \/><\/p>\n","protected":false},"excerpt":{"rendered":"<p>Qual \u00e9 o tamanho para foto no Instagram? Como colocar foto inteira no Instagram? Qual \u00e9 o tamanho das imagens das Redes Sociais? Tamanhos e dimens\u00f5es de capa para Facebook? Qual o tamanho das imagens da nova Timeline do Facebook?<\/p>\n","protected":false},"author":1,"featured_media":0,"comment_status":"closed","ping_status":"closed","sticky":false,"template":"","format":"standard","meta":{"footnotes":""},"categories":[21],"tags":[],"class_list":["post-937","post","type-post","status-publish","format-standard","hentry","category-midias-sociais"],"yoast_head":"<!-- This site is optimized with the Yoast SEO plugin v26.5 - https:\/\/yoast.com\/wordpress\/plugins\/seo\/ -->\n<title>Infogr\u00e1fico com tamanho de todas imagens de m\u00eddias sociais - SERI.E DESIGN, ag\u00eancia e-commerce<\/title>\n<meta name=\"description\" content=\"Qual \u00e9 o tamanho para foto no Instagram? Como colocar foto inteira no Instagram? Qual \u00e9 o tamanho das imagens das Redes ...\" \/>\n<meta name=\"robots\" content=\"index, follow, max-snippet:-1, max-image-preview:large, max-video-preview:-1\" \/>\n<link rel=\"canonical\" href=\"https:\/\/seriea.digital\/blog\/infografico-com-tamanho-de-todas-imagens-de-midias-sociais\/\" \/>\n<meta property=\"og:locale\" content=\"pt_BR\" \/>\n<meta property=\"og:type\" content=\"article\" \/>\n<meta property=\"og:title\" content=\"Infogr\u00e1fico com tamanho de todas imagens de m\u00eddias sociais\" \/>\n<meta property=\"og:description\" content=\"Todo mundo tem duvidas em rela\u00e7\u00e3o ao tamanho das imagens para posts e customiza\u00e7\u00e3o visual nas redes sociais. PAra facilitar a vida de todos a Tent Social, fez um infogr\u00e1fico, com todas as medidas e formatos. Agora voc\u00ea pode ter todas as medidas do Facebook, Twitter, Google Plus,Youtube, Linkedin, Pinterest e Instagram.\" \/>\n<meta property=\"og:url\" content=\"https:\/\/seriea.digital\/blog\/infografico-com-tamanho-de-todas-imagens-de-midias-sociais\/\" \/>\n<meta property=\"og:site_name\" content=\"SERI.E DESIGN, ag\u00eancia e-commerce\" \/>\n<meta property=\"article:publisher\" content=\"https:\/\/www.facebook.com\/SERIEDESIGN\" \/>\n<meta property=\"article:published_time\" content=\"2015-01-29T16:30:50+00:00\" \/>\n<meta property=\"article:modified_time\" content=\"2016-09-14T17:21:29+00:00\" \/>\n<meta property=\"og:image\" content=\"https:\/\/seriea.digital\/blog1\/wp-content\/uploads\/2015\/01\/Novo-infogr\u00e1fico-com-tamanho-de-todas-imagens-de-m\u00eddias-sociais-seriedesign.jpg\" \/>\n<meta name=\"author\" content=\"serie\" \/>\n<meta name=\"twitter:label1\" content=\"Escrito por\" \/>\n\t<meta name=\"twitter:data1\" content=\"serie\" \/>\n\t<meta name=\"twitter:label2\" content=\"Est. tempo de leitura\" \/>\n\t<meta name=\"twitter:data2\" content=\"1 minuto\" \/>\n<script type=\"application\/ld+json\" class=\"yoast-schema-graph\">{\"@context\":\"https:\/\/schema.org\",\"@graph\":[{\"@type\":\"WebPage\",\"@id\":\"https:\/\/seriea.digital\/blog\/infografico-com-tamanho-de-todas-imagens-de-midias-sociais\/\",\"url\":\"https:\/\/seriea.digital\/blog\/infografico-com-tamanho-de-todas-imagens-de-midias-sociais\/\",\"name\":\"Infogr\u00e1fico com tamanho de todas imagens de m\u00eddias sociais - SERI.E DESIGN, ag\u00eancia e-commerce\",\"isPartOf\":{\"@id\":\"https:\/\/seriea.digital\/blog\/#website\"},\"datePublished\":\"2015-01-29T16:30:50+00:00\",\"dateModified\":\"2016-09-14T17:21:29+00:00\",\"author\":{\"@id\":\"https:\/\/seriea.digital\/blog\/#\/schema\/person\/f0783e009eda6aa7741a2683e694fc32\"},\"description\":\"Qual \u00e9 o tamanho para foto no Instagram? Como colocar foto inteira no Instagram? Qual \u00e9 o tamanho das imagens das Redes ...\",\"breadcrumb\":{\"@id\":\"https:\/\/seriea.digital\/blog\/infografico-com-tamanho-de-todas-imagens-de-midias-sociais\/#breadcrumb\"},\"inLanguage\":\"pt-BR\",\"potentialAction\":[{\"@type\":\"ReadAction\",\"target\":[\"https:\/\/seriea.digital\/blog\/infografico-com-tamanho-de-todas-imagens-de-midias-sociais\/\"]}]},{\"@type\":\"BreadcrumbList\",\"@id\":\"https:\/\/seriea.digital\/blog\/infografico-com-tamanho-de-todas-imagens-de-midias-sociais\/#breadcrumb\",\"itemListElement\":[{\"@type\":\"ListItem\",\"position\":1,\"name\":\"In\u00edcio\",\"item\":\"https:\/\/seriea.digital\/blog\/\"},{\"@type\":\"ListItem\",\"position\":2,\"name\":\"Infogr\u00e1fico com tamanho de todas imagens de m\u00eddias sociais\"}]},{\"@type\":\"WebSite\",\"@id\":\"https:\/\/seriea.digital\/blog\/#website\",\"url\":\"https:\/\/seriea.digital\/blog\/\",\"name\":\"SERI.E DESIGN\",\"description\":\"Ag\u00eancia digital especializada em e-commerce - Desenvolvimento de layout pra E-commerce, Tray Commerce,Wake, Vtex, Deco, Sites. Eleita a ag\u00eancia com melhor atendimento.\",\"potentialAction\":[{\"@type\":\"SearchAction\",\"target\":{\"@type\":\"EntryPoint\",\"urlTemplate\":\"https:\/\/seriea.digital\/blog\/?s={search_term_string}\"},\"query-input\":{\"@type\":\"PropertyValueSpecification\",\"valueRequired\":true,\"valueName\":\"search_term_string\"}}],\"inLanguage\":\"pt-BR\"},{\"@type\":\"Person\",\"@id\":\"https:\/\/seriea.digital\/blog\/#\/schema\/person\/f0783e009eda6aa7741a2683e694fc32\",\"name\":\"serie\",\"url\":\"https:\/\/seriea.digital\/blog\/author\/serie\/\"}]}<\/script>\n<!-- \/ Yoast SEO plugin. -->","yoast_head_json":{"title":"Infogr\u00e1fico com tamanho de todas imagens de m\u00eddias sociais - SERI.E DESIGN, ag\u00eancia e-commerce","description":"Qual \u00e9 o tamanho para foto no Instagram? Como colocar foto inteira no Instagram? Qual \u00e9 o tamanho das imagens das Redes ...","robots":{"index":"index","follow":"follow","max-snippet":"max-snippet:-1","max-image-preview":"max-image-preview:large","max-video-preview":"max-video-preview:-1"},"canonical":"https:\/\/seriea.digital\/blog\/infografico-com-tamanho-de-todas-imagens-de-midias-sociais\/","og_locale":"pt_BR","og_type":"article","og_title":"Infogr\u00e1fico com tamanho de todas imagens de m\u00eddias sociais","og_description":"Todo mundo tem duvidas em rela\u00e7\u00e3o ao tamanho das imagens para posts e customiza\u00e7\u00e3o visual nas redes sociais. PAra facilitar a vida de todos a Tent Social, fez um infogr\u00e1fico, com todas as medidas e formatos. Agora voc\u00ea pode ter todas as medidas do Facebook, Twitter, Google Plus,Youtube, Linkedin, Pinterest e Instagram.","og_url":"https:\/\/seriea.digital\/blog\/infografico-com-tamanho-de-todas-imagens-de-midias-sociais\/","og_site_name":"SERI.E DESIGN, ag\u00eancia e-commerce","article_publisher":"https:\/\/www.facebook.com\/SERIEDESIGN","article_published_time":"2015-01-29T16:30:50+00:00","article_modified_time":"2016-09-14T17:21:29+00:00","og_image":[{"url":"https:\/\/seriea.digital\/blog1\/wp-content\/uploads\/2015\/01\/Novo-infogr\u00e1fico-com-tamanho-de-todas-imagens-de-m\u00eddias-sociais-seriedesign.jpg","type":"","width":"","height":""}],"author":"serie","twitter_misc":{"Escrito por":"serie","Est. tempo de leitura":"1 minuto"},"schema":{"@context":"https:\/\/schema.org","@graph":[{"@type":"WebPage","@id":"https:\/\/seriea.digital\/blog\/infografico-com-tamanho-de-todas-imagens-de-midias-sociais\/","url":"https:\/\/seriea.digital\/blog\/infografico-com-tamanho-de-todas-imagens-de-midias-sociais\/","name":"Infogr\u00e1fico com tamanho de todas imagens de m\u00eddias sociais - SERI.E DESIGN, ag\u00eancia e-commerce","isPartOf":{"@id":"https:\/\/seriea.digital\/blog\/#website"},"datePublished":"2015-01-29T16:30:50+00:00","dateModified":"2016-09-14T17:21:29+00:00","author":{"@id":"https:\/\/seriea.digital\/blog\/#\/schema\/person\/f0783e009eda6aa7741a2683e694fc32"},"description":"Qual \u00e9 o tamanho para foto no Instagram? Como colocar foto inteira no Instagram? Qual \u00e9 o tamanho das imagens das Redes ...","breadcrumb":{"@id":"https:\/\/seriea.digital\/blog\/infografico-com-tamanho-de-todas-imagens-de-midias-sociais\/#breadcrumb"},"inLanguage":"pt-BR","potentialAction":[{"@type":"ReadAction","target":["https:\/\/seriea.digital\/blog\/infografico-com-tamanho-de-todas-imagens-de-midias-sociais\/"]}]},{"@type":"BreadcrumbList","@id":"https:\/\/seriea.digital\/blog\/infografico-com-tamanho-de-todas-imagens-de-midias-sociais\/#breadcrumb","itemListElement":[{"@type":"ListItem","position":1,"name":"In\u00edcio","item":"https:\/\/seriea.digital\/blog\/"},{"@type":"ListItem","position":2,"name":"Infogr\u00e1fico com tamanho de todas imagens de m\u00eddias sociais"}]},{"@type":"WebSite","@id":"https:\/\/seriea.digital\/blog\/#website","url":"https:\/\/seriea.digital\/blog\/","name":"SERI.E DESIGN","description":"Ag\u00eancia digital especializada em e-commerce - Desenvolvimento de layout pra E-commerce, Tray Commerce,Wake, Vtex, Deco, Sites. Eleita a ag\u00eancia com melhor atendimento.","potentialAction":[{"@type":"SearchAction","target":{"@type":"EntryPoint","urlTemplate":"https:\/\/seriea.digital\/blog\/?s={search_term_string}"},"query-input":{"@type":"PropertyValueSpecification","valueRequired":true,"valueName":"search_term_string"}}],"inLanguage":"pt-BR"},{"@type":"Person","@id":"https:\/\/seriea.digital\/blog\/#\/schema\/person\/f0783e009eda6aa7741a2683e694fc32","name":"serie","url":"https:\/\/seriea.digital\/blog\/author\/serie\/"}]}},"_links":{"self":[{"href":"https:\/\/seriea.digital\/blog\/wp-json\/wp\/v2\/posts\/937","targetHints":{"allow":["GET"]}}],"collection":[{"href":"https:\/\/seriea.digital\/blog\/wp-json\/wp\/v2\/posts"}],"about":[{"href":"https:\/\/seriea.digital\/blog\/wp-json\/wp\/v2\/types\/post"}],"author":[{"embeddable":true,"href":"https:\/\/seriea.digital\/blog\/wp-json\/wp\/v2\/users\/1"}],"replies":[{"embeddable":true,"href":"https:\/\/seriea.digital\/blog\/wp-json\/wp\/v2\/comments?post=937"}],"version-history":[{"count":3,"href":"https:\/\/seriea.digital\/blog\/wp-json\/wp\/v2\/posts\/937\/revisions"}],"predecessor-version":[{"id":2138,"href":"https:\/\/seriea.digital\/blog\/wp-json\/wp\/v2\/posts\/937\/revisions\/2138"}],"wp:attachment":[{"href":"https:\/\/seriea.digital\/blog\/wp-json\/wp\/v2\/media?parent=937"}],"wp:term":[{"taxonomy":"category","embeddable":true,"href":"https:\/\/seriea.digital\/blog\/wp-json\/wp\/v2\/categories?post=937"},{"taxonomy":"post_tag","embeddable":true,"href":"https:\/\/seriea.digital\/blog\/wp-json\/wp\/v2\/tags?post=937"}],"curies":[{"name":"wp","href":"https:\/\/api.w.org\/{rel}","templated":true}]}}